{"id":36180,"date":"2026-07-13T07:49:00","date_gmt":"2026-07-13T05:49:00","guid":{"rendered":"https:\/\/euapp01.newsmemory.com\/lamarseillaise\/news\/?p=36180"},"modified":"2026-07-19T08:46:08","modified_gmt":"2026-07-19T06:46:08","slug":"cest-lete-une-visite-guidee-originale-pour-decouvrir-istres","status":"publish","type":"post","link":"https:\/\/euapp01.newsmemory.com\/lamarseillaise\/news\/2026\/07\/13\/cest-lete-une-visite-guidee-originale-pour-decouvrir-istres\/","title":{"rendered":"[C\u2019est l\u2019\u00e9t\u00e9] Une visite guid\u00e9e originale pour d\u00e9couvrir Istres"},"content":{"rendered":"<div class=\"paragraph\">\n<p>Guider les visiteurs \u00e0 travers les ruelles du centre historique d\u2019Istres, c\u2019est ce que propose la visite guid\u00e9e invers\u00e9e organis\u00e9e par l\u2019office de tourisme de la ville ce lundi. Cependant, ce n\u2019est pas une visite guid\u00e9e classique ou comme les autres qui vous attend&#8230; Mais une visite originale, d\u00e9cal\u00e9e et ludique o\u00f9 vous serez les acteurs de votre propre balade. \u00ab<i>\u00a0<\/i><i>Je me fonds dans la masse des visiteurs et je fais mine d\u2019avoir perdu ma boussole<\/i>\u00a0\u00bb, explique Amandine Milic guide conf\u00e9renci\u00e8re ind\u00e9pendante. \u00ab\u00a0<i>Pendant un peu plus d\u2019une heure on va donc se perdre, si l\u2019on peut dire \u00e7a comme \u00e7a dans les rues et ruelles et se laisser surprendre par ce que l\u2019on d\u00e9couvre<\/i>.\u00a0\u00bb<\/p>\n<p>Au d\u00e9part de l\u2019office de tourisme, histoires, anecdotes et surprises vont s\u2019encha\u00eener aux c\u00f4t\u00e9s de la professionnelle qui, bien heureusement, retrouvera la m\u00e9moire de temps en temps pour parler de la richesse du patrimoine pr\u00e9sent\u00e9 \u00e0 ses h\u00f4tes. \u00ab\u00a0<i>J\u2019ai eu envie de sortir du cadre classique de la visite guid\u00e9e, celle-ci est ma visite signature et \u00e0 travers ce format ludique et d\u00e9cal\u00e9, j\u2019ai envie de pousser les participants \u00e0 se questionner<\/i>\u00a0\u00bb, continue-t-elle. \u00ab\u00a0<i>On stimule la curiosit\u00e9 et l\u2019esprit d\u2019observation avec l\u2019objectif de cr\u00e9er une exp\u00e9rience participative et m\u00e9morable, o\u00f9 chacun a son r\u00f4le.<\/i>\u00a0\u00bb<\/p>\n<\/p><\/div>\n<div class=\"intext\"> Une visite inspir\u00e9e<br \/>\n               <br \/>des enfants\n              <\/div>\n<div class=\"paragraph\">\n<p>Na\u00eet alors un moment de partage et de spontan\u00e9it\u00e9 o\u00f9 carte en main vous serez invit\u00e9 \u00e0 observer, analyser ou encore d\u00e9celer les secrets du centre historique d\u2019Istres. \u00ab\u00a0<i>C\u2019est la toute premi\u00e8re que je vais r\u00e9aliser \u00e0 Istres et j\u2019en suis tr\u00e8s heureuse<\/i>\u00a0\u00bb, ajoute Amandine Milic. \u00ab\u00a0<i>La visite invers\u00e9e me pla\u00eet particuli\u00e8rement parce que j\u2019ai beaucoup travaill\u00e9 avec les enfants et souvent ils posent de nombreuses questions ce qui nous permet aussi de d\u00e9couvrir de belles choses.<\/i><i>\u00a0<\/i>\u00bb<\/p>\n<\/p><\/div>\n<div class=\"paragraph\">\n<p><i>8<\/i><i>\u00a0<\/i><i>euros la visite. Gratuit -12<\/i><i>\u00a0<\/i><i>ans.<\/i><\/p>\n<\/p><\/div>\n","protected":false},"excerpt":{"rendered":"Guider les visiteurs &agrave; travers les ruelles du centre historique d&rsquo;Istres, c&rsquo;est ce que propose la visite guid&eacute;e invers&eacute;e organis&eacute;e par l&rsquo;office de tourisme de la ville ce lundi. Cependant, ce n&rsquo;est &#8230;","protected":false},"author":1,"featured_media":36181,"comment_status":"open","ping_status":"open","sticky":false,"template":"","format":"standard","meta":{"footnotes":""},"categories":[3926,3925,20],"tags":[10,336,280,534,1662,347,61],"news-destination":[3944],"news-source":[475],"is_homepage":[],"ta_other":[],"class_list":["post-36180","post","type-post","status-publish","format-standard","has-post-thumbnail","hentry","category-accueil-merge","category-accueil-third","category-societe","tag-bouches-du-rhone","tag-ete","tag-histoire","tag-istres","tag-office-de-tourisme","tag-tourisme","tag-visite","news-destination-homepage","news-source-website"],"_links":{"self":[{"href":"https:\/\/euapp01.newsmemory.com\/lamarseillaise\/news\/wp-json\/wp\/v2\/posts\/36180","targetHints":{"allow":["GET"]}}],"collection":[{"href":"https:\/\/euapp01.newsmemory.com\/lamarseillaise\/news\/wp-json\/wp\/v2\/posts"}],"about":[{"href":"https:\/\/euapp01.newsmemory.com\/lamarseillaise\/news\/wp-json\/wp\/v2\/types\/post"}],"author":[{"embeddable":true,"href":"https:\/\/euapp01.newsmemory.com\/lamarseillaise\/news\/wp-json\/wp\/v2\/users\/1"}],"replies":[{"embeddable":true,"href":"https:\/\/euapp01.newsmemory.com\/lamarseillaise\/news\/wp-json\/wp\/v2\/comments?post=36180"}],"version-history":[{"count":1,"href":"https:\/\/euapp01.newsmemory.com\/lamarseillaise\/news\/wp-json\/wp\/v2\/posts\/36180\/revisions"}],"predecessor-version":[{"id":36182,"href":"https:\/\/euapp01.newsmemory.com\/lamarseillaise\/news\/wp-json\/wp\/v2\/posts\/36180\/revisions\/36182"}],"wp:featuredmedia":[{"embeddable":true,"href":"https:\/\/euapp01.newsmemory.com\/lamarseillaise\/news\/wp-json\/wp\/v2\/media\/36181"}],"wp:attachment":[{"href":"https:\/\/euapp01.newsmemory.com\/lamarseillaise\/news\/wp-json\/wp\/v2\/media?parent=36180"}],"wp:term":[{"taxonomy":"category","embeddable":true,"href":"https:\/\/euapp01.newsmemory.com\/lamarseillaise\/news\/wp-json\/wp\/v2\/categories?post=36180"},{"taxonomy":"post_tag","embeddable":true,"href":"https:\/\/euapp01.newsmemory.com\/lamarseillaise\/news\/wp-json\/wp\/v2\/tags?post=36180"},{"taxonomy":"news-destination","embeddable":true,"href":"https:\/\/euapp01.newsmemory.com\/lamarseillaise\/news\/wp-json\/wp\/v2\/news-destination?post=36180"},{"taxonomy":"news-source","embeddable":true,"href":"https:\/\/euapp01.newsmemory.com\/lamarseillaise\/news\/wp-json\/wp\/v2\/news-source?post=36180"},{"taxonomy":"is_homepage","embeddable":true,"href":"https:\/\/euapp01.newsmemory.com\/lamarseillaise\/news\/wp-json\/wp\/v2\/is_homepage?post=36180"},{"taxonomy":"ta_other","embeddable":true,"href":"https:\/\/euapp01.newsmemory.com\/lamarseillaise\/news\/wp-json\/wp\/v2\/ta_other?post=36180"}],"curies":[{"name":"wp","href":"https:\/\/api.w.org\/{rel}","templated":true}]}}