{"id":36177,"date":"2026-07-13T07:37:00","date_gmt":"2026-07-13T05:37:00","guid":{"rendered":"https:\/\/euapp01.newsmemory.com\/lamarseillaise\/news\/?p=36177"},"modified":"2026-07-18T13:24:45","modified_gmt":"2026-07-18T11:24:45","slug":"le-sentier-du-littoral-de-niel-est-a-nouveau-praticable","status":"publish","type":"post","link":"https:\/\/euapp01.newsmemory.com\/lamarseillaise\/news\/2026\/07\/13\/le-sentier-du-littoral-de-niel-est-a-nouveau-praticable\/","title":{"rendered":"Le sentier du littoral de Niel est \u00e0 nouveau praticable"},"content":{"rendered":"<div class=\"paragraph\">\n<p>Apr\u00e8s 25\u00a0ans de fermeture pour des raisons de s\u00e9curit\u00e9, les randonneurs vont enfin retrouver le sourire. Le sentier du littoral du Niel \u00e0 Giens, commune d\u2019Hy\u00e8res est \u00e0 nouveau praticable depuis le 7\u00a0juillet. Des d\u00e9sordres g\u00e9otechniques sur les falaises ont n\u00e9cessit\u00e9 plus de dix ans d\u2019\u00e9tudes et de travaux men\u00e9s par la M\u00e9tropole Toulon Provence M\u00e9diterran\u00e9e (TPM) et ses partenaires.<\/p>\n<p>Les travaux ont port\u00e9 sur environ 800\u00a0m\u00e8tres, incluant la r\u00e9alisation d\u2019ouvrages de sout\u00e8nement, d\u2019ancrages de fondations, la requalification du cheminement pi\u00e9ton, et la cr\u00e9ation d\u2019un d\u00e9port du sentier \u00e0 l\u2019int\u00e9rieur de l\u2019h\u00f4tel Le\u00a0Proven\u00e7al pour garantir la s\u00e9curit\u00e9 et la p\u00e9rennit\u00e9 de la restauration. Pour une meilleure int\u00e9gration paysag\u00e8re, l\u2019entr\u00e9e du sentier du Niel a \u00e9t\u00e9 d\u00e9plac\u00e9e de 4 \u00e0 5\u00a0m\u00e8tres \u00e0 l\u2019int\u00e9rieur de l\u2019h\u00f4tel. Le montant de la restauration et de la s\u00e9curisation s\u2019\u00e9l\u00e8ve \u00e0 998\u00a0813\u00a0euros soit 405\u00a0113\u00a0euros pour la s\u00e9curisation des falaises et 593\u00a0700\u00a0euros de travaux de r\u00e9habilitation. \u00c0 cela viennent s\u2019ajouter le montant de la ma\u00eetrise d\u2019\u0153uvre de 83\u00a0900\u00a0euros et le suivi environnemental de 19\u00a0800\u00a0euros.<\/p>\n<\/p><\/div>\n<div class=\"intext\"> Site class\u00e9 Natura 2000\n              <\/div>\n<div class=\"paragraph\">\n<p>C\u2019est donc 1\u00a0102\u00a0513\u00a0euros au total de d\u00e9bours\u00e9s pour rendre l\u2019acc\u00e8s du sentier aux promeneurs. Un projet pilot\u00e9 par la M\u00e9tropole TPM en lien \u00e9troit avec les services de l\u2019\u00c9tat, la commune d\u2019Hy\u00e8res, et les propri\u00e9taires concern\u00e9s.<\/p>\n<p>Le chantier s\u2019est d\u00e9roul\u00e9 dans un site class\u00e9 Natura 2000 et dans le p\u00e9rim\u00e8tre du Parc national de Port-Cros, n\u00e9cessitant des proc\u00e9dures r\u00e9glementaires sp\u00e9cifiques et une attention particuli\u00e8re aux enjeux \u00e9cologiques et paysagers. G\u00e9r\u00e9 par TMP, le sentier du littoral, long de 52\u00a0km s\u2019\u00e9tale de Six-Fours \u00e0 la presqu\u2019\u00eele de Giens \u00e0 Hy\u00e8res. Un guide du sentier est \u00e9dit\u00e9 pour informer les promeneurs sur les balades, la faune, la flore et les aspects pratiques. Des \u00e9cogardes en assurent la surveillance, l\u2019entretien et l\u2019information des promeneurs 6 jours sur 7. Une signal\u00e9tique adapt\u00e9e et une lettre d\u2019information sont \u00e9galement mises \u00e0 disposition pour faciliter l\u2019usage du sentier.\ufeff Depuis 2003, 20\u00a0km de sentier ont \u00e9t\u00e9 r\u00e9habilit\u00e9s, notamment avec la voie douce des Salins.<\/p>\n<\/p><\/div>\n<div class=\"paragraph\">\n<p><i>L\u2019acc\u00e8s en voiture au port du Niel est limit\u00e9 en cette saison. Des parkings gratuits sont situ\u00e9s au village de Giens<\/i><\/p>\n<\/p><\/div>\n","protected":false},"excerpt":{"rendered":"Apr&egrave;s 25&nbsp;ans de fermeture pour des raisons de s&eacute;curit&eacute;, les randonneurs vont enfin retrouver le sourire. Le sentier du littoral du Niel &agrave; Giens, commune d&rsquo;Hy&egrave;res est &agrave; nouveau praticable depuis le &#8230;","protected":false},"author":1,"featured_media":36178,"comment_status":"open","ping_status":"open","sticky":false,"template":"","format":"standard","meta":{"footnotes":""},"categories":[3926,3925,333],"tags":[1290,1122,109,535,4262,938,2293,141,157,179,180,6077,31],"news-destination":[3944],"news-source":[475],"is_homepage":[],"ta_other":[],"class_list":["post-36177","post","type-post","status-publish","format-standard","has-post-thumbnail","hentry","category-accueil-merge","category-accueil-third","category-environnement","tag-balades","tag-creation","tag-littoral","tag-metropole","tag-natura-2000","tag-nature","tag-parkings","tag-projet","tag-rehabilitation","tag-requalification","tag-restauration","tag-sentier-du-niel","tag-var","news-destination-homepage","news-source-website"],"_links":{"self":[{"href":"https:\/\/euapp01.newsmemory.com\/lamarseillaise\/news\/wp-json\/wp\/v2\/posts\/36177","targetHints":{"allow":["GET"]}}],"collection":[{"href":"https:\/\/euapp01.newsmemory.com\/lamarseillaise\/news\/wp-json\/wp\/v2\/posts"}],"about":[{"href":"https:\/\/euapp01.newsmemory.com\/lamarseillaise\/news\/wp-json\/wp\/v2\/types\/post"}],"author":[{"embeddable":true,"href":"https:\/\/euapp01.newsmemory.com\/lamarseillaise\/news\/wp-json\/wp\/v2\/users\/1"}],"replies":[{"embeddable":true,"href":"https:\/\/euapp01.newsmemory.com\/lamarseillaise\/news\/wp-json\/wp\/v2\/comments?post=36177"}],"version-history":[{"count":1,"href":"https:\/\/euapp01.newsmemory.com\/lamarseillaise\/news\/wp-json\/wp\/v2\/posts\/36177\/revisions"}],"predecessor-version":[{"id":36179,"href":"https:\/\/euapp01.newsmemory.com\/lamarseillaise\/news\/wp-json\/wp\/v2\/posts\/36177\/revisions\/36179"}],"wp:featuredmedia":[{"embeddable":true,"href":"https:\/\/euapp01.newsmemory.com\/lamarseillaise\/news\/wp-json\/wp\/v2\/media\/36178"}],"wp:attachment":[{"href":"https:\/\/euapp01.newsmemory.com\/lamarseillaise\/news\/wp-json\/wp\/v2\/media?parent=36177"}],"wp:term":[{"taxonomy":"category","embeddable":true,"href":"https:\/\/euapp01.newsmemory.com\/lamarseillaise\/news\/wp-json\/wp\/v2\/categories?post=36177"},{"taxonomy":"post_tag","embeddable":true,"href":"https:\/\/euapp01.newsmemory.com\/lamarseillaise\/news\/wp-json\/wp\/v2\/tags?post=36177"},{"taxonomy":"news-destination","embeddable":true,"href":"https:\/\/euapp01.newsmemory.com\/lamarseillaise\/news\/wp-json\/wp\/v2\/news-destination?post=36177"},{"taxonomy":"news-source","embeddable":true,"href":"https:\/\/euapp01.newsmemory.com\/lamarseillaise\/news\/wp-json\/wp\/v2\/news-source?post=36177"},{"taxonomy":"is_homepage","embeddable":true,"href":"https:\/\/euapp01.newsmemory.com\/lamarseillaise\/news\/wp-json\/wp\/v2\/is_homepage?post=36177"},{"taxonomy":"ta_other","embeddable":true,"href":"https:\/\/euapp01.newsmemory.com\/lamarseillaise\/news\/wp-json\/wp\/v2\/ta_other?post=36177"}],"curies":[{"name":"wp","href":"https:\/\/api.w.org\/{rel}","templated":true}]}}