{"id":36174,"date":"2026-07-13T07:41:00","date_gmt":"2026-07-13T05:41:00","guid":{"rendered":"https:\/\/euapp01.newsmemory.com\/lamarseillaise\/news\/?p=36174"},"modified":"2026-07-19T08:46:08","modified_gmt":"2026-07-19T06:46:08","slug":"le-cercle-de-silence-persevere-a-aix","status":"publish","type":"post","link":"https:\/\/euapp01.newsmemory.com\/lamarseillaise\/news\/2026\/07\/13\/le-cercle-de-silence-persevere-a-aix\/","title":{"rendered":"Le Cercle de silence pers\u00e9v\u00e8re \u00e0 Aix"},"content":{"rendered":"<div class=\"paragraph\">\n<p>\u00ab <i>N<\/i><i>ous avons pu compter sur la force de notre pr\u00e9sence et de notre volont\u00e9 de ne pas nous laisser intimider<\/i>\u00a0\u00bb affirme Philippe S\u00e9n\u00e9gas, copr\u00e9sident de la section du pays d\u2019Aix de la Ligue des droits humains. Le rassemblement du Cercle de silence, en solidarit\u00e9 avec les migrants et les \u00e9trangers, s\u2019est tenu sans perturbation de l\u2019extr\u00eame droite ce samedi matin \u00e0 l\u2019entr\u00e9e des All\u00e9es proven\u00e7ales.<\/p>\n<p>Une mobilisation pacifique et silencieuse pour rappeler \u00ab\u00a0<i>la solidarit\u00e9 avec les migrants \u00e0 une \u00e9poque o\u00f9 le syst\u00e8me l\u00e9gislatif fran\u00e7ais et europ\u00e9en se durcit<\/i>\u00a0\u00bb, selon Philippe S\u00e9n\u00e9gas. M\u00eame son de cloche pour le d\u00e9put\u00e9 (PS) Marc Pena, pr\u00e9sent aux c\u00f4t\u00e9s d\u2019\u00e9lus du groupe d\u2019opposition de gauche dont David Tessier (PCF). \u00ab\u00a0<i>Nous exprimons notre solidarit\u00e9 avec les personnes \u00e9trang\u00e8res et rappelons que la fraternit\u00e9,<\/i><i><b> <\/b><\/i><i>la dignit\u00e9 humaine et le respect des droits fondamentaux ne sont pas n\u00e9gociables<\/i><i>\u00a0<\/i>\u00bb, \u00e9crit sur ses r\u00e9seaux le d\u00e9put\u00e9.<\/p>\n<\/p><\/div>\n<div class=\"intext\"> Car l\u2019extr\u00eame droite s\u00e9vit\n              <\/div>\n<div class=\"paragraph\">\n<p>L\u2019initiative du 13\u00a0juin avait \u00e9t\u00e9 perturb\u00e9e par un groupuscule de jeunes hommes d\u2019extr\u00eame droite, avec banderole \u00ab\u00a0<i>Lola, Philippine : face aux massacres, plus de silence<\/i>\u00a0\u00bb, m\u00e9gaphone en main pour scander \u00ab\u00a0<i>ne plus vouloir des assassins [&#8230;] ceux que les gauchistes nous imposent<\/i>\u00a0\u00bb sous les cam\u00e9ras du m\u00e9dia Fronti\u00e8res. Une sc\u00e8ne \u00e0 rapporter \u00e0 un premier raid du collectif Nemesis en novembre, toutes deux condamn\u00e9es et signal\u00e9es au sous-pr\u00e9fet par le d\u00e9put\u00e9 Pena. \u00ab\u00a0<i>Ces gens dangereux nous poussent \u00e0 continuer le cercle<\/i>\u00a0\u00bb, affirme le responsable de la Ligue.<\/p>\n<\/p><\/div>\n","protected":false},"excerpt":{"rendered":"&laquo; Nous avons pu compter sur la force de notre pr&eacute;sence et de notre volont&eacute; de ne pas nous laisser intimider&nbsp;&raquo; affirme Philippe S&eacute;n&eacute;gas, copr&eacute;sident de la section du pays d&rsquo;Aix de la Ligue des &#8230;","protected":false},"author":1,"featured_media":36175,"comment_status":"open","ping_status":"open","sticky":false,"template":"","format":"standard","meta":{"footnotes":""},"categories":[3926,3925,20],"tags":[556,10,2560,1656,1897,3246,540,1140,2767,2795,134,613,260],"news-destination":[3944],"news-source":[475],"is_homepage":[],"ta_other":[],"class_list":["post-36174","post","type-post","status-publish","format-standard","has-post-thumbnail","hentry","category-accueil-merge","category-accueil-third","category-societe","tag-aix-en-provence","tag-bouches-du-rhone","tag-dignite","tag-droits-humains","tag-etrangers","tag-fraternite","tag-gauche","tag-groupe","tag-marc-pena","tag-migrants","tag-mobilisation","tag-rassemblement","tag-solidarite","news-destination-homepage","news-source-website"],"_links":{"self":[{"href":"https:\/\/euapp01.newsmemory.com\/lamarseillaise\/news\/wp-json\/wp\/v2\/posts\/36174","targetHints":{"allow":["GET"]}}],"collection":[{"href":"https:\/\/euapp01.newsmemory.com\/lamarseillaise\/news\/wp-json\/wp\/v2\/posts"}],"about":[{"href":"https:\/\/euapp01.newsmemory.com\/lamarseillaise\/news\/wp-json\/wp\/v2\/types\/post"}],"author":[{"embeddable":true,"href":"https:\/\/euapp01.newsmemory.com\/lamarseillaise\/news\/wp-json\/wp\/v2\/users\/1"}],"replies":[{"embeddable":true,"href":"https:\/\/euapp01.newsmemory.com\/lamarseillaise\/news\/wp-json\/wp\/v2\/comments?post=36174"}],"version-history":[{"count":1,"href":"https:\/\/euapp01.newsmemory.com\/lamarseillaise\/news\/wp-json\/wp\/v2\/posts\/36174\/revisions"}],"predecessor-version":[{"id":36176,"href":"https:\/\/euapp01.newsmemory.com\/lamarseillaise\/news\/wp-json\/wp\/v2\/posts\/36174\/revisions\/36176"}],"wp:featuredmedia":[{"embeddable":true,"href":"https:\/\/euapp01.newsmemory.com\/lamarseillaise\/news\/wp-json\/wp\/v2\/media\/36175"}],"wp:attachment":[{"href":"https:\/\/euapp01.newsmemory.com\/lamarseillaise\/news\/wp-json\/wp\/v2\/media?parent=36174"}],"wp:term":[{"taxonomy":"category","embeddable":true,"href":"https:\/\/euapp01.newsmemory.com\/lamarseillaise\/news\/wp-json\/wp\/v2\/categories?post=36174"},{"taxonomy":"post_tag","embeddable":true,"href":"https:\/\/euapp01.newsmemory.com\/lamarseillaise\/news\/wp-json\/wp\/v2\/tags?post=36174"},{"taxonomy":"news-destination","embeddable":true,"href":"https:\/\/euapp01.newsmemory.com\/lamarseillaise\/news\/wp-json\/wp\/v2\/news-destination?post=36174"},{"taxonomy":"news-source","embeddable":true,"href":"https:\/\/euapp01.newsmemory.com\/lamarseillaise\/news\/wp-json\/wp\/v2\/news-source?post=36174"},{"taxonomy":"is_homepage","embeddable":true,"href":"https:\/\/euapp01.newsmemory.com\/lamarseillaise\/news\/wp-json\/wp\/v2\/is_homepage?post=36174"},{"taxonomy":"ta_other","embeddable":true,"href":"https:\/\/euapp01.newsmemory.com\/lamarseillaise\/news\/wp-json\/wp\/v2\/ta_other?post=36174"}],"curies":[{"name":"wp","href":"https:\/\/api.w.org\/{rel}","templated":true}]}}