{"id":36168,"date":"2026-07-13T07:09:00","date_gmt":"2026-07-13T05:09:00","guid":{"rendered":"https:\/\/euapp01.newsmemory.com\/lamarseillaise\/news\/?p=36168"},"modified":"2026-07-13T10:11:48","modified_gmt":"2026-07-13T08:11:48","slug":"la-qualite-etait-au-rendez-vous-du-cote-de-chateau-gombert","status":"publish","type":"post","link":"https:\/\/euapp01.newsmemory.com\/lamarseillaise\/news\/2026\/07\/13\/la-qualite-etait-au-rendez-vous-du-cote-de-chateau-gombert\/","title":{"rendered":"La qualit\u00e9 \u00e9tait au rendez-vous du c\u00f4t\u00e9 de Ch\u00e2teau-Gombert"},"content":{"rendered":"<div class=\"paragraph\">\n<p>Apr\u00e8s quatre jours de comp\u00e9tition et d\u2019\u00e9changes, le palmar\u00e8s du tournoi de tennis fauteuil de Ch\u00e2teau-Gombert est connu.<\/p>\n<p>Dans le tableau principal, c\u2019est Nicolas Peifer qui s\u2019offre la victoire, alors que Jessy Dongal est son dauphin. Dans le deuxi\u00e8me tableau, c\u2019est Julien Habrant qui tire son \u00e9pingle du jeu, au grand dam de Bastien Rodier.<\/p>\n<p>Pour Aur\u00e9lie Sciara, qui a port\u00e9 ce rendez-vous sur les fonts baptismaux, il y avait une certaine satisfaction d\u2019avoir men\u00e9 \u00e0 bien cette seconde \u00e9dition. \u00ab\u00a0<i>Pour notre club, c\u2019\u00e9tait important de lancer une dynamique. Ce tournoi l\u2019a constitu\u00e9e, et qu\u2019il y ait une seconde \u00e9dition, c\u2019est une r\u00e9compense pour tous ceux qui se sont pr\u00eat\u00e9s au jeu<\/i>\u00a0\u00bb.<\/p>\n<\/p><\/div>\n<div class=\"intext\"> Bien plus qu\u2019un tournoi\n              <\/div>\n<div class=\"paragraph\">\n<p>Pour elle, \u00ab\u00a0<i>que cela n\u2019ait pas \u00e9t\u00e9 qu\u2019un &#8220;one shot&#8221; est ma premi\u00e8re satisfaction. La seconde, c\u2019est que nous savons qu\u2019il va y avoir un troisi\u00e8me, un quatri\u00e8me voire plus dans le futur. Que ce soit avec ou sans nous<\/i>\u00a0\u00bb.<\/p>\n<p>Au-del\u00e0 des performances sportives, que la canicule n\u2019a pas amenuis\u00e9es, c\u2019est surtout l\u2019ambiance qui a flott\u00e9 sur les quatre jours qui fait chaud au c\u0153ur d\u2019Aur\u00e9lie Sciara. \u00ab\u00a0<i>C\u2019\u00e9tait bien plus qu\u2019un tournoi. Nous avons v\u00e9cu quelque chose de fort. Un v\u00e9ritable partage autour d\u2019une m\u00eame passion pour la balle jaune.<\/i>\u00a0\u00bb<\/p>\n<p>Stefano Cimitile gardera un tr\u00e8s bon souvenir de cette cuv\u00e9e 2026. \u00ab\u00a0<i>Nous avions moins d\u2019engag\u00e9s que pour la premi\u00e8re \u00e9dition. Cela ne nous a pas emp\u00each\u00e9s de proposer un tournoi de qualit\u00e9 et de passer de bons moments. Surtout, ce second rendez-vous nous permet de p\u00e9renniser le tournoi<\/i>\u00a0\u00bb souligne le pr\u00e9sident du club.<\/p>\n<p>Le pari est donc r\u00e9ussi, \u00e0 savoir inscrire le tennis dans un lieu marseillais o\u00f9 personne ne l\u2019attendait. Et surtout apporter de la visibilit\u00e9 au tennis-fauteuil, une discipline \u00e0 forte inclusion. Stefano Cimitile a pu le constater. Il a disput\u00e9 un match contre J\u00e9r\u00f4me Raffeto, membre de l\u2019\u00e9quipe de France de para-tennis.<\/p>\n<p>\u00ab\u00a0<i>J\u2019\u00e9tais dans une rolinette, afin d\u2019\u00eatre en situation. Et je dois avouer que ce n\u2019est pas facile \u00e0 ma\u00eetriser. Surtout en ayant les jambes bloqu\u00e9es<\/i>\u00a0\u00bb confesse-t-il. Preuve n\u00e9anmoins que valide et invalides peuvent, sur un court de tennis, rivaliser.<\/p>\n<p>Ce qui \u00e9tait un pari est donc d\u00e9sormais bien ancr\u00e9 dans les collines de Ch\u00e2teau-Gombert. \u00ab\u00a0<i>Sur nos courts, plus personne ne voit les fauteuils. Il y a juste des joueurs de tennis<\/i>\u00a0\u00bb reconna\u00eet Aur\u00e9lie Sciara.<\/p>\n<\/p><\/div>\n<div class=\"paragraph\">\n<p><i>\u00c0 l\u2019issue du tournoi, Nicolas Charrier, membre du club de Ch\u00e2teau-Gombert, a appris sa s\u00e9lection en \u00e9quipe de France pour le prochain championnat du monde de tenniis-fauteuil.<\/i><\/p>\n<\/p><\/div>\n","protected":false},"excerpt":{"rendered":"Apr&egrave;s quatre jours de comp&eacute;tition et d&rsquo;&eacute;changes, le palmar&egrave;s du tournoi de tennis fauteuil de Ch&acirc;teau-Gombert est connu.","protected":false},"author":1,"featured_media":36169,"comment_status":"open","ping_status":"open","sticky":false,"template":"","format":"standard","meta":{"footnotes":""},"categories":[7],"tags":[10,2214,16,928,3336],"news-destination":[],"news-source":[475],"is_homepage":[],"ta_other":[],"class_list":["post-36168","post","type-post","status-publish","format-standard","has-post-thumbnail","hentry","category-sports","tag-bouches-du-rhone","tag-handisport","tag-marseille","tag-tennis","tag-tournoi","news-source-website"],"_links":{"self":[{"href":"https:\/\/euapp01.newsmemory.com\/lamarseillaise\/news\/wp-json\/wp\/v2\/posts\/36168","targetHints":{"allow":["GET"]}}],"collection":[{"href":"https:\/\/euapp01.newsmemory.com\/lamarseillaise\/news\/wp-json\/wp\/v2\/posts"}],"about":[{"href":"https:\/\/euapp01.newsmemory.com\/lamarseillaise\/news\/wp-json\/wp\/v2\/types\/post"}],"author":[{"embeddable":true,"href":"https:\/\/euapp01.newsmemory.com\/lamarseillaise\/news\/wp-json\/wp\/v2\/users\/1"}],"replies":[{"embeddable":true,"href":"https:\/\/euapp01.newsmemory.com\/lamarseillaise\/news\/wp-json\/wp\/v2\/comments?post=36168"}],"version-history":[{"count":1,"href":"https:\/\/euapp01.newsmemory.com\/lamarseillaise\/news\/wp-json\/wp\/v2\/posts\/36168\/revisions"}],"predecessor-version":[{"id":36170,"href":"https:\/\/euapp01.newsmemory.com\/lamarseillaise\/news\/wp-json\/wp\/v2\/posts\/36168\/revisions\/36170"}],"wp:featuredmedia":[{"embeddable":true,"href":"https:\/\/euapp01.newsmemory.com\/lamarseillaise\/news\/wp-json\/wp\/v2\/media\/36169"}],"wp:attachment":[{"href":"https:\/\/euapp01.newsmemory.com\/lamarseillaise\/news\/wp-json\/wp\/v2\/media?parent=36168"}],"wp:term":[{"taxonomy":"category","embeddable":true,"href":"https:\/\/euapp01.newsmemory.com\/lamarseillaise\/news\/wp-json\/wp\/v2\/categories?post=36168"},{"taxonomy":"post_tag","embeddable":true,"href":"https:\/\/euapp01.newsmemory.com\/lamarseillaise\/news\/wp-json\/wp\/v2\/tags?post=36168"},{"taxonomy":"news-destination","embeddable":true,"href":"https:\/\/euapp01.newsmemory.com\/lamarseillaise\/news\/wp-json\/wp\/v2\/news-destination?post=36168"},{"taxonomy":"news-source","embeddable":true,"href":"https:\/\/euapp01.newsmemory.com\/lamarseillaise\/news\/wp-json\/wp\/v2\/news-source?post=36168"},{"taxonomy":"is_homepage","embeddable":true,"href":"https:\/\/euapp01.newsmemory.com\/lamarseillaise\/news\/wp-json\/wp\/v2\/is_homepage?post=36168"},{"taxonomy":"ta_other","embeddable":true,"href":"https:\/\/euapp01.newsmemory.com\/lamarseillaise\/news\/wp-json\/wp\/v2\/ta_other?post=36168"}],"curies":[{"name":"wp","href":"https:\/\/api.w.org\/{rel}","templated":true}]}}