{"id":36165,"date":"2026-07-13T07:17:00","date_gmt":"2026-07-13T05:17:00","guid":{"rendered":"https:\/\/euapp01.newsmemory.com\/lamarseillaise\/news\/?p=36165"},"modified":"2026-07-13T10:11:48","modified_gmt":"2026-07-13T08:11:48","slug":"le-graal-aux-minimes-de-la-boule-batarelloise","status":"publish","type":"post","link":"https:\/\/euapp01.newsmemory.com\/lamarseillaise\/news\/2026\/07\/13\/le-graal-aux-minimes-de-la-boule-batarelloise\/","title":{"rendered":"Le Graal aux minimes de la Boule Batarelloise"},"content":{"rendered":"<div class=\"paragraph\">\n<p>La d\u00e9l\u00e9gation bucco-rhodanienne emmen\u00e9e par le pr\u00e9sident Patrick Fara, s\u2019est mise en \u00e9vidence, on peut le dire dans les trois cat\u00e9gories.<\/p>\n<p>Partons des plus grands avec ces juniors et les deux \u00e9quipes revers\u00e9es dans la Coupe de l\u2019Avenir.<\/p>\n<p>Gianni Seignouret, Maco Fabio, Tylan Kapfer les champions de ligue d\u2019une part et Joseph Torrens, Enzo Alazay, Dylan Rayne-Langlade les champions d\u00e9partementaux de l\u2019autre.<\/p>\n<p>Les premiers vont s\u2019incliner en finale face \u00e0 la Franche-Comt\u00e9 10 \u00e0 13.<\/p>\n<p>Les seconds seront battus en quart de finale par l\u2019Occitanie 8-13.<\/p>\n<\/p><\/div>\n<div class=\"intext\"> Les cadets de la Boule Aixoise, vice-champions\n              <\/div>\n<div class=\"paragraph\">\n<p>Loni Szcztkowski, Mylan Terryn et Ezekiel Cortes d\u00e9j\u00e0 champions de Ligue, vont r\u00e9aliser un parcours digne d\u2019un rouleau compresseur. Dominant tour \u00e0 tour les repr\u00e9sentants de l\u2019Aquitaine et de la Bretagne sur le m\u00eame score de 13 \u00e0 2, infligeant une Fanny \u00e0 ceux de la Bourgogne en quart, avant de poursuivre en \u00e9cartant le Centre-Val de Loire <br \/>13 \u00e0 5. C\u2019est dans le dernier acte que la machine va conna\u00eetre une d\u00e9faillance. \u00ab <i>Nous ne sommes pas bien entr\u00e9s dans la partie, face \u00e0 ces adversaires que nous connaissons bien, \u00e7a nous a \u00e9t\u00e9 fatal. C\u2019est la loi du sport<\/i>\u00a0\u00bb nous d\u00e9clare Loni, tout aur\u00e9ol\u00e9 avec ses partenaires d\u2019un titre de vice-champions de France.<\/p>\n<\/p><\/div>\n<div class=\"intext\"> Linares, Rigaud, Navaro : champions de France\n              <\/div>\n<div class=\"paragraph\">\n<p>Tel un ouragan, les jeunes minimes de la Boule Batarelloise, ont tout emport\u00e9 sur leur passage. Un trio qui nous a montr\u00e9 que l\u2019on ne baissait jamais les bras. Souvenons-nous en finale du championnat de ligue : largement men\u00e9s par leurs adversaires, ils vont retourner la situation et prendre le titre.<\/p>\n<p>Au France ce week-end les prot\u00e9g\u00e9s d\u2019Anthony Linares \u2013 qu\u2019un point de r\u00e8glement d\u00e9nonc\u00e9 un peu tardivement a oblig\u00e9 \u00e0 prendre du recul et d\u2019\u00eatre suppl\u00e9\u00e9 par Cintia Cantiget, lors des deux derni\u00e8res parties \u2013 Vincent Linares, Cl\u00e9ment Rigaud et Jean Navarro vont s\u2019imposer respectivement face \u00e0 la Normandie (027) 13-0, Occitanie 13-7, Bourgogne <br \/>13-12, La Nouvelle-Aquitaine 13-0. et enfin la Normandie (050) 13-7, apr\u00e8s trois succ\u00e8s dans le Swiss.<\/p>\n<p>Ils r\u00e9alisent un grand huit, qui les propulse vers le titre de champion de France.<\/p>\n<\/p><\/div>\n","protected":false},"excerpt":{"rendered":"La d&eacute;l&eacute;gation bucco-rhodanienne emmen&eacute;e par le pr&eacute;sident Patrick Fara, s&rsquo;est mise en &eacute;vidence, on peut le dire dans les trois cat&eacute;gories.Partons des plus grands avec ces juniors et les deux &#8230;","protected":false},"author":1,"featured_media":36166,"comment_status":"open","ping_status":"open","sticky":false,"template":"","format":"standard","meta":{"footnotes":""},"categories":[7],"tags":[10,1161,59,1013,988],"news-destination":[],"news-source":[475],"is_homepage":[],"ta_other":[],"class_list":["post-36165","post","type-post","status-publish","format-standard","has-post-thumbnail","hentry","category-sports","tag-bouches-du-rhone","tag-boules","tag-jeunes","tag-petanque","tag-week-end","news-source-website"],"_links":{"self":[{"href":"https:\/\/euapp01.newsmemory.com\/lamarseillaise\/news\/wp-json\/wp\/v2\/posts\/36165","targetHints":{"allow":["GET"]}}],"collection":[{"href":"https:\/\/euapp01.newsmemory.com\/lamarseillaise\/news\/wp-json\/wp\/v2\/posts"}],"about":[{"href":"https:\/\/euapp01.newsmemory.com\/lamarseillaise\/news\/wp-json\/wp\/v2\/types\/post"}],"author":[{"embeddable":true,"href":"https:\/\/euapp01.newsmemory.com\/lamarseillaise\/news\/wp-json\/wp\/v2\/users\/1"}],"replies":[{"embeddable":true,"href":"https:\/\/euapp01.newsmemory.com\/lamarseillaise\/news\/wp-json\/wp\/v2\/comments?post=36165"}],"version-history":[{"count":1,"href":"https:\/\/euapp01.newsmemory.com\/lamarseillaise\/news\/wp-json\/wp\/v2\/posts\/36165\/revisions"}],"predecessor-version":[{"id":36167,"href":"https:\/\/euapp01.newsmemory.com\/lamarseillaise\/news\/wp-json\/wp\/v2\/posts\/36165\/revisions\/36167"}],"wp:featuredmedia":[{"embeddable":true,"href":"https:\/\/euapp01.newsmemory.com\/lamarseillaise\/news\/wp-json\/wp\/v2\/media\/36166"}],"wp:attachment":[{"href":"https:\/\/euapp01.newsmemory.com\/lamarseillaise\/news\/wp-json\/wp\/v2\/media?parent=36165"}],"wp:term":[{"taxonomy":"category","embeddable":true,"href":"https:\/\/euapp01.newsmemory.com\/lamarseillaise\/news\/wp-json\/wp\/v2\/categories?post=36165"},{"taxonomy":"post_tag","embeddable":true,"href":"https:\/\/euapp01.newsmemory.com\/lamarseillaise\/news\/wp-json\/wp\/v2\/tags?post=36165"},{"taxonomy":"news-destination","embeddable":true,"href":"https:\/\/euapp01.newsmemory.com\/lamarseillaise\/news\/wp-json\/wp\/v2\/news-destination?post=36165"},{"taxonomy":"news-source","embeddable":true,"href":"https:\/\/euapp01.newsmemory.com\/lamarseillaise\/news\/wp-json\/wp\/v2\/news-source?post=36165"},{"taxonomy":"is_homepage","embeddable":true,"href":"https:\/\/euapp01.newsmemory.com\/lamarseillaise\/news\/wp-json\/wp\/v2\/is_homepage?post=36165"},{"taxonomy":"ta_other","embeddable":true,"href":"https:\/\/euapp01.newsmemory.com\/lamarseillaise\/news\/wp-json\/wp\/v2\/ta_other?post=36165"}],"curies":[{"name":"wp","href":"https:\/\/api.w.org\/{rel}","templated":true}]}}