{"id":36162,"date":"2026-07-13T07:21:00","date_gmt":"2026-07-13T05:21:00","guid":{"rendered":"https:\/\/euapp01.newsmemory.com\/lamarseillaise\/news\/?p=36162"},"modified":"2026-07-13T10:11:48","modified_gmt":"2026-07-13T08:11:48","slug":"mathieu-van-der-poel-plus-fort-que-la-canicule","status":"publish","type":"post","link":"https:\/\/euapp01.newsmemory.com\/lamarseillaise\/news\/2026\/07\/13\/mathieu-van-der-poel-plus-fort-que-la-canicule\/","title":{"rendered":"Mathieu van der Poel plus fort que la canicule"},"content":{"rendered":"<div class=\"paragraph\">\n<p>Pour la troisi\u00e8me fois de sa carri\u00e8re, Mathieu van der Poel s\u2019offre une \u00e9tape du Tour.<\/p>\n<p>Sous une chaleur \u00e9crasante en Corr\u00e8ze, le coureur d\u2019Alpecin a logiquement surclass\u00e9, sur la ligne, le Norv\u00e9gien Tobias Johannessen, le Britannique Tom Pidcock et le Fran\u00e7ais Alex Baudin.<\/p>\n<p>\u00c0 la veille de la premi\u00e8re journ\u00e9e de repos, le Slov\u00e8ne Tadej Pogacar conserve le maillot jaune avec une avance de 2 minutes et 42 secondes sur le Danois Jonas Vingegaard. Les deux hommes ont termin\u00e9 avec tous les autres favoris dans un peloton d\u2019une quarantaine de coureurs, \u00e0 six secondes seulement du vainqueur.<\/p>\n<p>Cette victoire, \u00e0 quelques kilom\u00e8tres des lieux chers \u00e0 son grand-p\u00e8re Raymond Poulidor, qui repose \u00e0 Saint-L\u00e9onard-de-Noblat, constitue un vrai soulagement pour son \u00e9quipe Alpecin, o\u00f9 Jasper Philipsen a rat\u00e9 le coche lors des trois premi\u00e8res arriv\u00e9es au sprint.<\/p>\n<p>L\u2019\u00e9tape, r\u00e9duite de 185 \u00e0 155\u00a0km alors que le d\u00e9partement de la Corr\u00e8ze a bascul\u00e9 en vigilance rouge canicule, a \u00e9t\u00e9 marqu\u00e9e comme pr\u00e9vu par une bataille f\u00e9roce pour prendre l\u2019\u00e9chapp\u00e9e sur un terrain accident\u00e9, id\u00e9al pour les baroudeurs.<\/p>\n<p>Malgr\u00e9 la fournaise, des dizaines de coureurs ont tent\u00e9 de partir \u00e0 l\u2019avant, dont Julian Alaphilippe, tr\u00e8s offensif en d\u00e9but d\u2019\u00e9tape.<\/p>\n<p>Le bon coup est parti \u00e0 la mi-course, dans le difficile Suc au May, en haut duquel huit coureurs \u2013 que des costauds \u2013 ont form\u00e9 un groupe d\u00e9termin\u00e9 \u00e0 se jouer la victoire\u00a0: Tobias Johannessen, le mieux plac\u00e9 au g\u00e9n\u00e9ral (13<sup>e<\/sup>), Quinn Simmons, Derek Gee-West, Tom Pidcock, Lennert Van Eetvelt, Pablo Castrillo, Mathieu van der Poel et le Fran\u00e7ais Alex Baudin.<\/p>\n<p>Mais derri\u00e8re, l\u2019\u00e9quipe UAE de Tadej Pogacar a imprim\u00e9 un gros tempo pour rester \u00e0 port\u00e9e de fusil. La formation Netcompany Ineos, au pr\u00e9texte de d\u00e9fendre la onzi\u00e8me place d\u2019Egan Bernal au g\u00e9n\u00e9ral, a pris le relais pour garder l\u2019\u00e9chapp\u00e9e sous pression.<\/p>\n<p>L\u2019entente au sein de celle-ci a commenc\u00e9 \u00e0 se d\u00e9liter \u00e0 27\u00a0kilom\u00e8tres de l\u2019arriv\u00e9e. Mathieu van der Poel, m\u00e9content que \u00e7a ralentisse et de voir revenir le peloton \u00e0 trente secondes, a alors secou\u00e9 le cocotier dans le Mont Bessou, un raidard de 900\u00a0m\u00e8tres qui devait lui rappeler les bergs du Tour des Flandres, pour placer son attaque d\u00e9cisive.<\/p>\n<p>Un temps distanc\u00e9s, Johannsen, Baudin et Pidcock ont r\u00e9ussi \u00e0 s\u2019accrocher, malgr\u00e9 un probl\u00e8me de d\u00e9railleur pour le Britannique, r\u00e9gl\u00e9 \u00e0 grands coups de talon.<\/p>\n<p>Le quatuor s\u2019est alors dirig\u00e9 ensemble jusqu\u2019\u00e0 Ussel o\u00f9 le triple vainqueur de Paris-Roubaix, beaucoup trop rapide, a logiquement remport\u00e9 le sprint alors que le peloton se rapprochait dangereusement.<\/p>\n<\/p><\/div>\n<div class=\"paragraph\">\n<p><i>Face \u00e0 la canicule, le syndicat des coureurs a demand\u00e9 une \u00e9volution \u00e0 l\u2019avenir des heures de d\u00e9part des courses estivales afin de prot\u00e9ger la sant\u00e9 des athl\u00e8tes, avant le d\u00e9part de la 9<\/i><i><sup>e<\/sup><\/i><i> \u00e9tape, raccourcie en raison des fortes chaleurs ce dimanche.<\/i><\/p>\n<\/p><\/div>\n<div class=\"paragraph\">\n<p><b>Premi\u00e8re pause pour le peloton<\/b><\/p>\n<p>Apr\u00e8s une semaine intense, les rescap\u00e9s de la Grande Boucle vont observer une journ\u00e9e de repos, ce lundi.<\/p>\n<p>C\u2019est \u00e0 Aurillac, dans le Cantal, que les coureurs vont recharger les batteries. Avec au menu une sortie collective et des soins sp\u00e9cifiques pour chaque cycliste.<\/p>\n<p>La comp\u00e9tition reprendra mardi, avec la dixi\u00e8me \u00e9tape qui verra l\u2019\u00e9preuve partir d\u2019Aurillac, pour rejoindre la station du Lioran, soit 166,6 kilom\u00e8tres et sept cols, dont deux de premi\u00e8re cat\u00e9gorie.<\/p>\n<\/p><\/div>\n","protected":false},"excerpt":{"rendered":"Pour la troisi&egrave;me fois de sa carri&egrave;re, Mathieu van der Poel s&rsquo;offre une &eacute;tape du Tour.Sous une chaleur &eacute;crasante en Corr&egrave;ze, le coureur d&rsquo;Alpecin a logiquement surclass&eacute;, sur la ligne, le &#8230;","protected":false},"author":1,"featured_media":36163,"comment_status":"open","ping_status":"open","sticky":false,"template":"","format":"standard","meta":{"footnotes":""},"categories":[7],"tags":[1144,572,3253],"news-destination":[],"news-source":[475],"is_homepage":[],"ta_other":[],"class_list":["post-36162","post","type-post","status-publish","format-standard","has-post-thumbnail","hentry","category-sports","tag-cyclisme","tag-france","tag-tour-de-france","news-source-website"],"_links":{"self":[{"href":"https:\/\/euapp01.newsmemory.com\/lamarseillaise\/news\/wp-json\/wp\/v2\/posts\/36162","targetHints":{"allow":["GET"]}}],"collection":[{"href":"https:\/\/euapp01.newsmemory.com\/lamarseillaise\/news\/wp-json\/wp\/v2\/posts"}],"about":[{"href":"https:\/\/euapp01.newsmemory.com\/lamarseillaise\/news\/wp-json\/wp\/v2\/types\/post"}],"author":[{"embeddable":true,"href":"https:\/\/euapp01.newsmemory.com\/lamarseillaise\/news\/wp-json\/wp\/v2\/users\/1"}],"replies":[{"embeddable":true,"href":"https:\/\/euapp01.newsmemory.com\/lamarseillaise\/news\/wp-json\/wp\/v2\/comments?post=36162"}],"version-history":[{"count":1,"href":"https:\/\/euapp01.newsmemory.com\/lamarseillaise\/news\/wp-json\/wp\/v2\/posts\/36162\/revisions"}],"predecessor-version":[{"id":36164,"href":"https:\/\/euapp01.newsmemory.com\/lamarseillaise\/news\/wp-json\/wp\/v2\/posts\/36162\/revisions\/36164"}],"wp:featuredmedia":[{"embeddable":true,"href":"https:\/\/euapp01.newsmemory.com\/lamarseillaise\/news\/wp-json\/wp\/v2\/media\/36163"}],"wp:attachment":[{"href":"https:\/\/euapp01.newsmemory.com\/lamarseillaise\/news\/wp-json\/wp\/v2\/media?parent=36162"}],"wp:term":[{"taxonomy":"category","embeddable":true,"href":"https:\/\/euapp01.newsmemory.com\/lamarseillaise\/news\/wp-json\/wp\/v2\/categories?post=36162"},{"taxonomy":"post_tag","embeddable":true,"href":"https:\/\/euapp01.newsmemory.com\/lamarseillaise\/news\/wp-json\/wp\/v2\/tags?post=36162"},{"taxonomy":"news-destination","embeddable":true,"href":"https:\/\/euapp01.newsmemory.com\/lamarseillaise\/news\/wp-json\/wp\/v2\/news-destination?post=36162"},{"taxonomy":"news-source","embeddable":true,"href":"https:\/\/euapp01.newsmemory.com\/lamarseillaise\/news\/wp-json\/wp\/v2\/news-source?post=36162"},{"taxonomy":"is_homepage","embeddable":true,"href":"https:\/\/euapp01.newsmemory.com\/lamarseillaise\/news\/wp-json\/wp\/v2\/is_homepage?post=36162"},{"taxonomy":"ta_other","embeddable":true,"href":"https:\/\/euapp01.newsmemory.com\/lamarseillaise\/news\/wp-json\/wp\/v2\/ta_other?post=36162"}],"curies":[{"name":"wp","href":"https:\/\/api.w.org\/{rel}","templated":true}]}}