{"id":36159,"date":"2026-07-13T07:23:00","date_gmt":"2026-07-13T05:23:00","guid":{"rendered":"https:\/\/euapp01.newsmemory.com\/lamarseillaise\/news\/?p=36159"},"modified":"2026-07-13T10:11:48","modified_gmt":"2026-07-13T08:11:48","slug":"beach-volley-marion-castelli-et-caroline-reb-reprennent-la-main-aux-catalans","status":"publish","type":"post","link":"https:\/\/euapp01.newsmemory.com\/lamarseillaise\/news\/2026\/07\/13\/beach-volley-marion-castelli-et-caroline-reb-reprennent-la-main-aux-catalans\/","title":{"rendered":"[Beach-Volley] Marion Castelli et Caroline Reb reprennent la main aux Catalans"},"content":{"rendered":"<div class=\"paragraph\">\n<p>Non, Marion Castelli et Caroline Reb ne sont pas encore \u00e0 la retraite.<\/p>\n<p>\u00ab\u00a0<i>Lorsque nous avons \u00e9t\u00e9 battues l\u2019an dernier, certains ont dit que nous \u00e9tions trop vieilles. Je pense que nous avons r\u00e9pondu<\/i><i>\u00a0<\/i><i>!<\/i><i>\u00a0<\/i>\u00bb clame Marion, quelques minutes apr\u00e8s que le trio dont elle est la capitaine ait gagn\u00e9 sa 14<sup>0<\/sup>\u00a0lev\u00e9e du tournoi des Catalans.<\/p>\n<p>Le coup de jeune apport\u00e9e par Sammy Slater, venue des \u00c9tats-Unis et nouvelle licenci\u00e9e au club des Catalans, est une des explications de ce renouveau. \u00c0 cela s\u2019est ajout\u00e9e la faim de victoire, \u00e0 laquelle n\u2019ont pas r\u00e9sist\u00e9 les finalistes Fanette Jaumet, Anouk Dupin et C\u00e9leste Paille, balay\u00e9e en deux manches (21\/14, 21\/18).<\/p>\n<p>Chez les hommes, c\u2019est un trio in\u00e9dit qui s\u2019est affirm\u00e9 au fil du tournoi. \u00c0 l\u2019image d\u2019une finale o\u00f9 ils ont eu un peu de retard \u00e0 l\u2019allumage, Hilir Henno, Nathan Canovas et Anatole Chaboissant ont termin\u00e9 en boulet de canon.<\/p>\n<p>Le trio Andrej Jokanovic, Noah Gardavour, Andr\u00e9as Brinck a cru trop t\u00f4t \u00e0 la victoire, apr\u00e8s avoir survol\u00e9 le premier set et men\u00e9 de 14 points dans le second. Mais les services pr\u00e9cis d\u2019Anatole Chaboissant et les feintes de ses comp\u00e8res ont permis d\u2019enclencher une remontada (12\/21 &#8211; 21\/19 &#8211; 15\/8).<\/p>\n<p>La qualit\u00e9 de cette cuv\u00e9e 2026 du tournoi des Catalans a de quoi satisfaire Jean Castelli. Le pr\u00e9sident du CBCV a \u00ab\u00a0<i>appr\u00e9ci\u00e9 le spectacle, malgr\u00e9 une canicule \u00e9prouvante. Heureusement, les joueurs ont su bien g\u00e9rer la situation<\/i><i>\u00a0<\/i>\u00bb. Tout est lanc\u00e9 pour une 77<sup>e<\/sup> \u00e9dition, l\u2019an prochain.<\/p>\n<\/p><\/div>\n","protected":false},"excerpt":{"rendered":"Non, Marion Castelli et Caroline Reb ne sont pas encore &agrave; la retraite.&laquo;&nbsp;Lorsque nous avons &eacute;t&eacute; battues l&rsquo;an dernier, certains ont dit que nous &eacute;tions trop vieilles. Je pense que nous avons &#8230;","protected":false},"author":1,"featured_media":36160,"comment_status":"open","ping_status":"open","sticky":false,"template":"","format":"standard","meta":{"footnotes":""},"categories":[7],"tags":[6063,10,3136,1014,16,3336],"news-destination":[],"news-source":[475],"is_homepage":[],"ta_other":[],"class_list":["post-36159","post","type-post","status-publish","format-standard","has-post-thumbnail","hentry","category-sports","tag-beach-volley","tag-bouches-du-rhone","tag-catalans","tag-feminin","tag-marseille","tag-tournoi","news-source-website"],"_links":{"self":[{"href":"https:\/\/euapp01.newsmemory.com\/lamarseillaise\/news\/wp-json\/wp\/v2\/posts\/36159","targetHints":{"allow":["GET"]}}],"collection":[{"href":"https:\/\/euapp01.newsmemory.com\/lamarseillaise\/news\/wp-json\/wp\/v2\/posts"}],"about":[{"href":"https:\/\/euapp01.newsmemory.com\/lamarseillaise\/news\/wp-json\/wp\/v2\/types\/post"}],"author":[{"embeddable":true,"href":"https:\/\/euapp01.newsmemory.com\/lamarseillaise\/news\/wp-json\/wp\/v2\/users\/1"}],"replies":[{"embeddable":true,"href":"https:\/\/euapp01.newsmemory.com\/lamarseillaise\/news\/wp-json\/wp\/v2\/comments?post=36159"}],"version-history":[{"count":1,"href":"https:\/\/euapp01.newsmemory.com\/lamarseillaise\/news\/wp-json\/wp\/v2\/posts\/36159\/revisions"}],"predecessor-version":[{"id":36161,"href":"https:\/\/euapp01.newsmemory.com\/lamarseillaise\/news\/wp-json\/wp\/v2\/posts\/36159\/revisions\/36161"}],"wp:featuredmedia":[{"embeddable":true,"href":"https:\/\/euapp01.newsmemory.com\/lamarseillaise\/news\/wp-json\/wp\/v2\/media\/36160"}],"wp:attachment":[{"href":"https:\/\/euapp01.newsmemory.com\/lamarseillaise\/news\/wp-json\/wp\/v2\/media?parent=36159"}],"wp:term":[{"taxonomy":"category","embeddable":true,"href":"https:\/\/euapp01.newsmemory.com\/lamarseillaise\/news\/wp-json\/wp\/v2\/categories?post=36159"},{"taxonomy":"post_tag","embeddable":true,"href":"https:\/\/euapp01.newsmemory.com\/lamarseillaise\/news\/wp-json\/wp\/v2\/tags?post=36159"},{"taxonomy":"news-destination","embeddable":true,"href":"https:\/\/euapp01.newsmemory.com\/lamarseillaise\/news\/wp-json\/wp\/v2\/news-destination?post=36159"},{"taxonomy":"news-source","embeddable":true,"href":"https:\/\/euapp01.newsmemory.com\/lamarseillaise\/news\/wp-json\/wp\/v2\/news-source?post=36159"},{"taxonomy":"is_homepage","embeddable":true,"href":"https:\/\/euapp01.newsmemory.com\/lamarseillaise\/news\/wp-json\/wp\/v2\/is_homepage?post=36159"},{"taxonomy":"ta_other","embeddable":true,"href":"https:\/\/euapp01.newsmemory.com\/lamarseillaise\/news\/wp-json\/wp\/v2\/ta_other?post=36159"}],"curies":[{"name":"wp","href":"https:\/\/api.w.org\/{rel}","templated":true}]}}