{"id":36152,"date":"2026-07-13T07:07:00","date_gmt":"2026-07-13T05:07:00","guid":{"rendered":"https:\/\/euapp01.newsmemory.com\/lamarseillaise\/news\/?p=36152"},"modified":"2026-07-18T13:23:05","modified_gmt":"2026-07-18T11:23:05","slug":"lutte-pour-la-gestion-du-couvent-de-la-belle-de-mai","status":"publish","type":"post","link":"https:\/\/euapp01.newsmemory.com\/lamarseillaise\/news\/2026\/07\/13\/lutte-pour-la-gestion-du-couvent-de-la-belle-de-mai\/","title":{"rendered":"Lutte pour la gestion du Couvent de la Belle de Mai"},"content":{"rendered":"<div class=\"paragraph\">\n<p>Un havre de paix, poumon vert du quartier de la Belle de Mai (3<sup>e<\/sup>), sur lequel habitants et collectifs socioculturels locaux esp\u00e8rent bien garder le contr\u00f4le. Le Couvent Levat, couvrant presque deux hectares de terres entretenues pendant plus de 150\u00a0ans par les S\u0153urs Victimes du Sacr\u00e9-C\u0153ur de J\u00e9sus, est depuis 2017 la propri\u00e9t\u00e9 de la Ville de Marseille. Sa gestion, d\u2019abord confi\u00e9e exclusivement \u00e0 l\u2019association Juxtapoz, est aujourd\u2019hui \u00e9galement assur\u00e9e par l\u2019association l\u2019Hydre, responsable des jardins. Or, la convention liant la municipalit\u00e9 aux structures qui occupent les lieux doit prendre fin en d\u00e9cembre\u00a02026. Inquiets face aux \u00ab<i>\u00a0<\/i><i>incertitudes quant au devenir de ce lieu exceptionnel et essentiel pour le quartier<\/i> \u00bb, 18 organisations socioculturelles et collectifs ainsi qu\u2019une centaine d\u2019habitants de la Belle de Mai se sont organis\u00e9s, d\u00e8s janvier\u00a02025, pour imaginer collectivement le futur des lieux. Ils cr\u00e9ent, en d\u00e9cembre\u00a02025, l\u2019association Levat, porteuse du projet d\u2019exploitation. Mais voil\u00e0 qu\u2019apr\u00e8s plusieurs mois de concertations, diagnostics et discussions, la Ville annonce lancer prochainement un appel \u00e0 manifestation d\u2019int\u00e9r\u00eat (AMI) pour renouveler les modalit\u00e9s d\u2019occupation. De quoi mettre en rogne les militants surmobilis\u00e9s depuis plusieurs semaines. \u00ab\u00a0<i>Nous avons invit\u00e9 toutes les parties prenantes \u00e0 se joindre \u00e0 nos r\u00e9unions : l\u2019association Juxtapoz, les artistes r\u00e9sidents <\/i>[dans le couvent, devenu une r\u00e9sidence d\u2019artistes sous l\u2019impulsion de Juxtapoz, Ndlr]<i> mais aussi la mairie. Nous avons ensemble travaill\u00e9 \u00e0 l\u2019\u00e9criture d\u2019une proposition et ce travail a \u00e9t\u00e9 encourag\u00e9 par la municipalit\u00e9, <\/i>retrace C\u00e9cile Kohen, b\u00e9n\u00e9vole de Levat, pr\u00e9sente lors d\u2019un rassemblement festif organis\u00e9 dans le jardin du site samedi. <i>Et nous apprenons maintenant que, suivant une logique n\u00e9olib\u00e9rale, elle veut nous mettre en concurrence avec d\u2019autres organisations pour confier la gestion de ce site. Ce n\u2019est pas acceptable.<\/i><i>\u00a0<\/i>\u00bb<\/p>\n<\/p><\/div>\n<div class=\"intext\"> Impasse juridique ?\n              <\/div>\n<div class=\"paragraph\">\n<p>De son c\u00f4t\u00e9, la Ville de Marseille, qui reconna\u00eet avoir r\u00e9guli\u00e8rement \u00e9chang\u00e9 avec Levat, assure avoir fait expertiser la demande d\u2019occupation de l\u2019association de gr\u00e9 \u00e0 gr\u00e9, autrement dit sans mise en concurrence. Elle indique que ladite demande \u00ab\u00a0<i>n\u2019a pas \u00e9t\u00e9 retenue sur le plan juridique, la dominialit\u00e9 <\/i>[caract\u00e8re de ce qui appartient au domaine public, Ndlr] <i>du jardin impliquant un AMI<\/i><i>\u00a0<\/i>\u00bb. La municipalit\u00e9 annonce par ailleurs vouloir cr\u00e9er un jardin public sur le site du Levat, qui jouissait jusqu\u2019alors du statut de propri\u00e9t\u00e9 priv\u00e9e de la personne publique. Dans une lettre communiqu\u00e9e aux \u00e9lus et en s\u2019appuyant sur le Code g\u00e9n\u00e9ral de la propri\u00e9t\u00e9 des personnes publiques, l\u2019association, qui compte dans ses rangs plusieurs juristes, d\u00e9fend que des d\u00e9rogations pourraient s\u2019appliquer \u00e0 la mise en concurrence.<\/p>\n<p>\u00ab\u00a0<i>Nous avons une l\u00e9gitimit\u00e9, en tant qu\u2019habitants et acteurs associatifs locaux qui avons la connaissance et l\u2019exp\u00e9rience du lieu, et qui avons travaill\u00e9 \u00e0 l\u2019\u00e9laboration d\u2019un projet adapt\u00e9 aux usagers, \u00e0 h\u00e9riter de cette gestion<\/i>\u00a0\u00bb, clame Pamela Pantoja, militante de Levat.<\/p>\n<\/p><\/div>\n","protected":false},"excerpt":{"rendered":"Un havre de paix, poumon vert du quartier de la Belle de Mai (3e), sur lequel habitants et collectifs socioculturels locaux esp&egrave;rent bien garder le contr&ocirc;le. Le Couvent Levat, couvrant presque deux hectares de terres entretenues pendant &#8230;","protected":false},"author":1,"featured_media":36153,"comment_status":"open","ping_status":"open","sticky":false,"template":"","format":"standard","meta":{"footnotes":""},"categories":[3926,3925,333,20],"tags":[1123,1236,10,102,2452,149,5656,4629,515,106,3635,16,1263,96,613,524,2396,99],"news-destination":[3944],"news-source":[475],"is_homepage":[],"ta_other":[],"class_list":["post-36152","post","type-post","status-publish","format-standard","has-post-thumbnail","hentry","category-accueil-merge","category-accueil-third","category-environnement","category-societe","tag-appel-a-projets","tag-artistes","tag-bouches-du-rhone","tag-collectif","tag-concurrence","tag-convention","tag-convention-collective","tag-couvent","tag-gestion","tag-habitants","tag-jardins","tag-marseille","tag-militants","tag-municipalite","tag-rassemblement","tag-residence","tag-usagers","tag-ville-de-marseille","news-destination-homepage","news-source-website"],"_links":{"self":[{"href":"https:\/\/euapp01.newsmemory.com\/lamarseillaise\/news\/wp-json\/wp\/v2\/posts\/36152","targetHints":{"allow":["GET"]}}],"collection":[{"href":"https:\/\/euapp01.newsmemory.com\/lamarseillaise\/news\/wp-json\/wp\/v2\/posts"}],"about":[{"href":"https:\/\/euapp01.newsmemory.com\/lamarseillaise\/news\/wp-json\/wp\/v2\/types\/post"}],"author":[{"embeddable":true,"href":"https:\/\/euapp01.newsmemory.com\/lamarseillaise\/news\/wp-json\/wp\/v2\/users\/1"}],"replies":[{"embeddable":true,"href":"https:\/\/euapp01.newsmemory.com\/lamarseillaise\/news\/wp-json\/wp\/v2\/comments?post=36152"}],"version-history":[{"count":1,"href":"https:\/\/euapp01.newsmemory.com\/lamarseillaise\/news\/wp-json\/wp\/v2\/posts\/36152\/revisions"}],"predecessor-version":[{"id":36154,"href":"https:\/\/euapp01.newsmemory.com\/lamarseillaise\/news\/wp-json\/wp\/v2\/posts\/36152\/revisions\/36154"}],"wp:featuredmedia":[{"embeddable":true,"href":"https:\/\/euapp01.newsmemory.com\/lamarseillaise\/news\/wp-json\/wp\/v2\/media\/36153"}],"wp:attachment":[{"href":"https:\/\/euapp01.newsmemory.com\/lamarseillaise\/news\/wp-json\/wp\/v2\/media?parent=36152"}],"wp:term":[{"taxonomy":"category","embeddable":true,"href":"https:\/\/euapp01.newsmemory.com\/lamarseillaise\/news\/wp-json\/wp\/v2\/categories?post=36152"},{"taxonomy":"post_tag","embeddable":true,"href":"https:\/\/euapp01.newsmemory.com\/lamarseillaise\/news\/wp-json\/wp\/v2\/tags?post=36152"},{"taxonomy":"news-destination","embeddable":true,"href":"https:\/\/euapp01.newsmemory.com\/lamarseillaise\/news\/wp-json\/wp\/v2\/news-destination?post=36152"},{"taxonomy":"news-source","embeddable":true,"href":"https:\/\/euapp01.newsmemory.com\/lamarseillaise\/news\/wp-json\/wp\/v2\/news-source?post=36152"},{"taxonomy":"is_homepage","embeddable":true,"href":"https:\/\/euapp01.newsmemory.com\/lamarseillaise\/news\/wp-json\/wp\/v2\/is_homepage?post=36152"},{"taxonomy":"ta_other","embeddable":true,"href":"https:\/\/euapp01.newsmemory.com\/lamarseillaise\/news\/wp-json\/wp\/v2\/ta_other?post=36152"}],"curies":[{"name":"wp","href":"https:\/\/api.w.org\/{rel}","templated":true}]}}