{"id":36149,"date":"2026-07-13T07:12:00","date_gmt":"2026-07-13T05:12:00","guid":{"rendered":"https:\/\/euapp01.newsmemory.com\/lamarseillaise\/news\/?p=36149"},"modified":"2026-07-18T13:23:05","modified_gmt":"2026-07-18T11:23:05","slug":"aux-catalans-safer-plage-recadre-les-relous","status":"publish","type":"post","link":"https:\/\/euapp01.newsmemory.com\/lamarseillaise\/news\/2026\/07\/13\/aux-catalans-safer-plage-recadre-les-relous\/","title":{"rendered":"Aux Catalans, Safer Plage recadre \u00ab&nbsp;les relous&nbsp;\u00bb"},"content":{"rendered":"<div class=\"paragraph\">\n<p>Victime ou t\u00e9moin &#8211; Safer Plage\u00a0\u00bb, peut-on lire sur un Algeco sur la plage des Catalans. Autour du local et sur la plage, des agents de la Ville portent des t-shirts avec \u00e9crit\u00a0: \u00ab\u00a0Safer Plage &#8211; P\u00f4le inclusion et droits des femmes\u00a0\u00bb. Ce dispositif de la Ville de Marseille, \u00e9tendu aux huit plages surveill\u00e9es, est pr\u00e9sent 7\u00a0jours sur 7 sur la plage des Catalans gr\u00e2ce \u00e0 deux \u00e9quipes de m\u00e9diateurs qui font des patrouilles et r\u00e9pondent aux signalements sur l\u2019application. Leur but\u00a0: prot\u00e9ger les personnes vuln\u00e9rables sur les plages.<\/p>\n<p>\u00ab\u00a0<i>On remarque plut\u00f4t une augmentation des violences sexistes et sexuelles parce que les gens nous identifient, ils se sentent plus en confiance pour nous signaler les comportements oppressants<\/i><i>\u00a0<\/i>\u00bb, explique Cloche Rommens, coresponsable avec Victoire Mandement de l\u2019\u00e9quipe de m\u00e9diateurs de la plage des Catalans. \u00ab\u00a0<i>Depuis le d\u00e9but de la saison, on est en moyenne \u00e0 deux interventions et demie par jour, hier on en a fait six et avant-hier une<\/i><i>\u00a0<\/i>\u00bb, t\u00e9moigne Cloche. L\u2019ann\u00e9e derni\u00e8re, il y en a eu 187.<\/p>\n<p>Apr\u00e8s interpellation ou signalement par le biais de l\u2019application, l\u2019\u00e9quipe intervient. Ils vont voir \u00ab\u00a0<i>le relou<\/i>\u00a0\u00bb, lui rappeler pourquoi \u00ab\u00a0<i>\u00e7a ne se fait pas<\/i>\u00a0\u00bb et \u00ab\u00a0<i>le cadre de la loi<\/i>\u00a0\u00bb. \u00ab\u00a0<i>On s\u2019assure toujours que la victime soit prot\u00e9g\u00e9e<\/i><i>\u00a0<\/i>\u00bb, poursuit Cloche. Dans certains cas, la police pr\u00e9sente sur les lieux intervient lorsque les m\u00e9diateurs le demandent et si la victime est d\u2019accord. \u00ab\u00a0<i>Dans les cas de p\u00e9docriminalit\u00e9, on les appelle tout de suite<\/i>\u00a0\u00bb, pr\u00e9cise cependant Victoire.<\/p>\n<\/p><\/div>\n<div class=\"intext\"> Des outils de sensibilisation\n              <\/div>\n<div class=\"paragraph\">\n<p>Les m\u00e9diateurs sont \u00e9galement pr\u00e9sents pour sensibiliser sur la question des violences sexistes et sexuelles avec deux outils\u00a0: le violentom\u00e8tre et le respectom\u00e8tre, visible sur la plage. Le premier va du vert au rouge, \u00ab\u00a0il\/elle respecte tes d\u00e9cisions et tes go\u00fbts\u00a0\u00bb \u00e0 \u00ab\u00a0T\u2019oblige \u00e0 avoir des relations sexuelles\u00a0\u00bb. Le second a \u00e9t\u00e9 d\u00e9velopp\u00e9 il y a deux ans puis r\u00e9\u00e9crit par le p\u00f4le inclusion de la Ville de Marseille en reprenant le violentom\u00e8tre. Le but : que les personnes vuln\u00e9rables aient des points de rep\u00e8re sur des comportements irrespectueux et\/ou violents.<\/p>\n<p>\u00ab\u00a0<i>On se sent tr\u00e8s utiles pour les victimes<\/i>\u00a0\u00bb, appr\u00e9cie Florian, pour qui c\u2019est la premi\u00e8re saison \u00e0 Safer Plage aux Catalans. C\u2019est aussi le cas d\u2019Ang\u00e8le, casquette sur la t\u00eate, qui esp\u00e8re avoir plus \u00ab\u00a0<i>confiance en elle, d\u2019ici la fin de l\u2019\u00e9t\u00e9, pour faire face aux violences<\/i>\u00a0\u00bb.<\/p>\n<p><b>Gabrielle Cartellier<\/b><\/p>\n<\/p><\/div>\n","protected":false},"excerpt":{"rendered":"&laquo; Victime ou t&eacute;moin &#8211; Safer Plage&nbsp;&raquo;, peut-on lire sur un b&acirc;timent modulaire sur la plage des Catalans. Autour du local et sur la plage, des agents de la Ville portent des t-shirts avec &eacute;crit&nbsp;: &#8230;","protected":false},"author":1,"featured_media":36150,"comment_status":"open","ping_status":"open","sticky":false,"template":"","format":"standard","meta":{"footnotes":""},"categories":[3926,3925,20],"tags":[10,3136,336,16,888,431,1085,99],"news-destination":[3944],"news-source":[475],"is_homepage":[],"ta_other":[],"class_list":["post-36149","post","type-post","status-publish","format-standard","has-post-thumbnail","hentry","category-accueil-merge","category-accueil-third","category-societe","tag-bouches-du-rhone","tag-catalans","tag-ete","tag-marseille","tag-plages","tag-prevention","tag-sensibilisation","tag-ville-de-marseille","news-destination-homepage","news-source-website"],"_links":{"self":[{"href":"https:\/\/euapp01.newsmemory.com\/lamarseillaise\/news\/wp-json\/wp\/v2\/posts\/36149","targetHints":{"allow":["GET"]}}],"collection":[{"href":"https:\/\/euapp01.newsmemory.com\/lamarseillaise\/news\/wp-json\/wp\/v2\/posts"}],"about":[{"href":"https:\/\/euapp01.newsmemory.com\/lamarseillaise\/news\/wp-json\/wp\/v2\/types\/post"}],"author":[{"embeddable":true,"href":"https:\/\/euapp01.newsmemory.com\/lamarseillaise\/news\/wp-json\/wp\/v2\/users\/1"}],"replies":[{"embeddable":true,"href":"https:\/\/euapp01.newsmemory.com\/lamarseillaise\/news\/wp-json\/wp\/v2\/comments?post=36149"}],"version-history":[{"count":2,"href":"https:\/\/euapp01.newsmemory.com\/lamarseillaise\/news\/wp-json\/wp\/v2\/posts\/36149\/revisions"}],"predecessor-version":[{"id":36276,"href":"https:\/\/euapp01.newsmemory.com\/lamarseillaise\/news\/wp-json\/wp\/v2\/posts\/36149\/revisions\/36276"}],"wp:featuredmedia":[{"embeddable":true,"href":"https:\/\/euapp01.newsmemory.com\/lamarseillaise\/news\/wp-json\/wp\/v2\/media\/36150"}],"wp:attachment":[{"href":"https:\/\/euapp01.newsmemory.com\/lamarseillaise\/news\/wp-json\/wp\/v2\/media?parent=36149"}],"wp:term":[{"taxonomy":"category","embeddable":true,"href":"https:\/\/euapp01.newsmemory.com\/lamarseillaise\/news\/wp-json\/wp\/v2\/categories?post=36149"},{"taxonomy":"post_tag","embeddable":true,"href":"https:\/\/euapp01.newsmemory.com\/lamarseillaise\/news\/wp-json\/wp\/v2\/tags?post=36149"},{"taxonomy":"news-destination","embeddable":true,"href":"https:\/\/euapp01.newsmemory.com\/lamarseillaise\/news\/wp-json\/wp\/v2\/news-destination?post=36149"},{"taxonomy":"news-source","embeddable":true,"href":"https:\/\/euapp01.newsmemory.com\/lamarseillaise\/news\/wp-json\/wp\/v2\/news-source?post=36149"},{"taxonomy":"is_homepage","embeddable":true,"href":"https:\/\/euapp01.newsmemory.com\/lamarseillaise\/news\/wp-json\/wp\/v2\/is_homepage?post=36149"},{"taxonomy":"ta_other","embeddable":true,"href":"https:\/\/euapp01.newsmemory.com\/lamarseillaise\/news\/wp-json\/wp\/v2\/ta_other?post=36149"}],"curies":[{"name":"wp","href":"https:\/\/api.w.org\/{rel}","templated":true}]}}