{"id":36146,"date":"2026-07-13T07:14:00","date_gmt":"2026-07-13T05:14:00","guid":{"rendered":"https:\/\/euapp01.newsmemory.com\/lamarseillaise\/news\/?p=36146"},"modified":"2026-07-18T13:23:05","modified_gmt":"2026-07-18T11:23:05","slug":"un-appel-aux-habitants-pour-integrer-le-comite-mobilite-du-grand-avignon","status":"publish","type":"post","link":"https:\/\/euapp01.newsmemory.com\/lamarseillaise\/news\/2026\/07\/13\/un-appel-aux-habitants-pour-integrer-le-comite-mobilite-du-grand-avignon\/","title":{"rendered":"Un appel aux habitants pour int\u00e9grer le comit\u00e9 mobilit\u00e9 du Grand Avignon"},"content":{"rendered":"<div class=\"paragraph\">\n<p>Alors que la mandature qui s\u2019est<a rel=\"noopener noreferrer\" href=\"https:\/\/www.lamarseillaise.fr\/politique\/les-transports-passes-au-crible-de-la-mandature-OJ18445964\" target=\"_blank\"> achev\u00e9e laisse justement un go\u00fbt d\u2019inachev\u00e9 sur les questions de transport et notamment les projets structurants<\/a>, le Grand Avignon doit, d\u2019ici \u00e0 la fin de l\u2019ann\u00e9e, dresser une nouvelle feuille de route en la mati\u00e8re. Pour ce faire, l\u2019agglom\u00e9ration dispose d\u2019un comit\u00e9 des partenaires de la mobilit\u00e9, r\u00e9unissant des employeurs, des usagers ainsi que des repr\u00e9sentants d\u2019organisations patronales et syndicales.<\/p>\n<p>Et bient\u00f4t deux habitants. Le Grand Avignon vient en effet d\u2019ouvrir pour un mois et jusqu\u2019au 9\u00a0ao\u00fbt, un appel \u00e0 candidatures* pour int\u00e9grer ce comit\u00e9, \u00ab\u00a0<i>espace de collaboration dynamique qui se r\u00e9unira au moins 2 fois par an<\/i><i>\u00a0<\/i>\u00bb. Conform\u00e9ment \u00e0 la loi, le comit\u00e9 doit \u00eatre compos\u00e9 de deux habitants, une femme et un homme, r\u00e9sidant parmi les 16 communes de l\u2019agglo et qui seront tir\u00e9s au sort. \u00ab<i>\u00a0<\/i><i>Vous souhaitez participer aux r\u00e9flexions autour des questions de transport et de mobilit\u00e9 sur le territoire, apporter vos id\u00e9es pour am\u00e9liorer les d\u00e9placements<\/i><i>\u00a0<\/i><i>?<\/i>\u00a0\u00bb, enjoint le Grand Avignon dans son invitation.<\/p>\n<\/p><\/div>\n<div class=\"intext\"> Une premi\u00e8re r\u00e9union<br \/>\n               <br \/>le 9\u00a0septembre\n              <\/div>\n<div class=\"paragraph\">\n<p>Sous la pr\u00e9sidence de Paul M\u00e9ly, vice-pr\u00e9sident d\u00e9l\u00e9gu\u00e9 aux transports et aux infrastructures, ce comit\u00e9 aborde plusieurs th\u00e9matiques cl\u00e9s\u00a0: l\u2019\u00e9volution de l\u2019offre de mobilit\u00e9 et de la tarification ; la qualit\u00e9 des services et l\u2019information des usagers ; l\u2019\u00e9valuation de la politique de mobilit\u00e9 ; les projets de mobilit\u00e9 structurants. \u00c0 l\u2019issue de l\u2019appel \u00e0 candidatures, un tirage au sort de deux habitants sera r\u00e9alis\u00e9 le 10\u00a0ao\u00fbt, avant la tenue d\u2019une premi\u00e8re r\u00e9union le mercredi 9\u00a0septembre au si\u00e8ge du Grand Avignon, zone d\u2019Agroparc.<\/p>\n<p>Ce comit\u00e9 est compos\u00e9 au total de 40 membres (CCI Vaucluse et Gard, Chambres des m\u00e9tiers, d\u2019agriculture, Medef, CPME, zones d\u2019activit\u00e9s \u00e9conomiques, mission locale, comit\u00e9 d\u2019usagers Orizo et des TER, Inter\u2019asso \u00e9tudiante, festival Off, Atmo Sud mais aussi CGT, CFDT, FO, CFE-CGC, CFTC). <a rel=\"noopener noreferrer\" href=\"https:\/\/www.lamarseillaise.fr\/societe\/grand-avignon-une-enquete-inedite-sur-les-deplacements-est-en-cours-KB19095096\" target=\"_blank\">Rappelons qu\u2019une grande enqu\u00eate mobilit\u00e9 a aussi \u00e9t\u00e9 men\u00e9e<\/a> de novembre \u00e0 avril dernier aupr\u00e8s de 10\u00a0000 habitants, sur l\u2019ensemble du bassin de vie d\u2019Avignon. En vue notamment du projet de RER m\u00e9tropolitain (Serm) et dont les r\u00e9sultats sont attendus \u00e0 la fin de l\u2019ann\u00e9e.<\/p>\n<\/p><\/div>\n<div class=\"paragraph\">\n<p><i>D\u00e9t<a rel=\"nofollow noopener noreferrer\" href=\"https:\/\/www.grandavignon.fr\/fr\/actualites\/devenez-membre-du-comite-des-partenaires-de-la-mobilite-du-grand-avignon?fbclid=IwY2xjawS8Kq5leHRuA2FlbQIxMABicmlkETBYQkNvejFwUkI5Sm5oR1NYc3J0YwZhcHBfaWQQMjIyMDM5MTc4ODIwMDg5MgABHmA1lL6ytdQrrDvXQ0JFmCvnOULtNDzmidIu5E92lcVlFzwfwm8sgepb7uRU_aem_jQ5TpSTTOn7uGhRzBwDofw\" target=\"_blank\">ail et modalit\u00e9s sur grandavignon.fr<\/a><\/i><\/p>\n<\/p><\/div>\n","protected":false},"excerpt":{"rendered":"Alors que la mandature qui s&rsquo;est achev&eacute;e laisse justement un go&ucirc;t d&rsquo;inachev&eacute; sur les questions de transport et notamment les projets structurants, le Grand Avignon doit, d&rsquo;ici &agrave; la fin de &#8230;","protected":false},"author":1,"featured_media":36147,"comment_status":"open","ping_status":"open","sticky":false,"template":"","format":"standard","meta":{"footnotes":""},"categories":[3926,3925,330,20],"tags":[495,174,490,666,171],"news-destination":[3944],"news-source":[475],"is_homepage":[],"ta_other":[],"class_list":["post-36146","post","type-post","status-publish","format-standard","has-post-thumbnail","hentry","category-accueil-merge","category-accueil-third","category-politique","category-societe","tag-495","tag-avignon","tag-mobilites","tag-transports","tag-vaucluse","news-destination-homepage","news-source-website"],"_links":{"self":[{"href":"https:\/\/euapp01.newsmemory.com\/lamarseillaise\/news\/wp-json\/wp\/v2\/posts\/36146","targetHints":{"allow":["GET"]}}],"collection":[{"href":"https:\/\/euapp01.newsmemory.com\/lamarseillaise\/news\/wp-json\/wp\/v2\/posts"}],"about":[{"href":"https:\/\/euapp01.newsmemory.com\/lamarseillaise\/news\/wp-json\/wp\/v2\/types\/post"}],"author":[{"embeddable":true,"href":"https:\/\/euapp01.newsmemory.com\/lamarseillaise\/news\/wp-json\/wp\/v2\/users\/1"}],"replies":[{"embeddable":true,"href":"https:\/\/euapp01.newsmemory.com\/lamarseillaise\/news\/wp-json\/wp\/v2\/comments?post=36146"}],"version-history":[{"count":1,"href":"https:\/\/euapp01.newsmemory.com\/lamarseillaise\/news\/wp-json\/wp\/v2\/posts\/36146\/revisions"}],"predecessor-version":[{"id":36148,"href":"https:\/\/euapp01.newsmemory.com\/lamarseillaise\/news\/wp-json\/wp\/v2\/posts\/36146\/revisions\/36148"}],"wp:featuredmedia":[{"embeddable":true,"href":"https:\/\/euapp01.newsmemory.com\/lamarseillaise\/news\/wp-json\/wp\/v2\/media\/36147"}],"wp:attachment":[{"href":"https:\/\/euapp01.newsmemory.com\/lamarseillaise\/news\/wp-json\/wp\/v2\/media?parent=36146"}],"wp:term":[{"taxonomy":"category","embeddable":true,"href":"https:\/\/euapp01.newsmemory.com\/lamarseillaise\/news\/wp-json\/wp\/v2\/categories?post=36146"},{"taxonomy":"post_tag","embeddable":true,"href":"https:\/\/euapp01.newsmemory.com\/lamarseillaise\/news\/wp-json\/wp\/v2\/tags?post=36146"},{"taxonomy":"news-destination","embeddable":true,"href":"https:\/\/euapp01.newsmemory.com\/lamarseillaise\/news\/wp-json\/wp\/v2\/news-destination?post=36146"},{"taxonomy":"news-source","embeddable":true,"href":"https:\/\/euapp01.newsmemory.com\/lamarseillaise\/news\/wp-json\/wp\/v2\/news-source?post=36146"},{"taxonomy":"is_homepage","embeddable":true,"href":"https:\/\/euapp01.newsmemory.com\/lamarseillaise\/news\/wp-json\/wp\/v2\/is_homepage?post=36146"},{"taxonomy":"ta_other","embeddable":true,"href":"https:\/\/euapp01.newsmemory.com\/lamarseillaise\/news\/wp-json\/wp\/v2\/ta_other?post=36146"}],"curies":[{"name":"wp","href":"https:\/\/api.w.org\/{rel}","templated":true}]}}