{"id":36143,"date":"2026-07-13T06:57:00","date_gmt":"2026-07-13T04:57:00","guid":{"rendered":"https:\/\/euapp01.newsmemory.com\/lamarseillaise\/news\/?p=36143"},"modified":"2026-07-14T23:38:14","modified_gmt":"2026-07-14T21:38:14","slug":"les-bleus-a-portee-detoile","status":"publish","type":"post","link":"https:\/\/euapp01.newsmemory.com\/lamarseillaise\/news\/2026\/07\/13\/les-bleus-a-portee-detoile\/","title":{"rendered":"Les Bleus \u00e0 port\u00e9e d\u2019\u00e9toile"},"content":{"rendered":"<div class=\"paragraph\">\n<p>Ce n\u2019est pas la lutte finale, mais cela va y ressembler mardi.<\/p>\n<p>Au pays des Ewing et des Barnes, l\u2019\u00e9quipe de France de Didier Deschamps a rendez-vous avec l\u2019histoire. Avec son histoire. Avec l\u2019histoire d\u2019un s\u00e9lectionneur qui, quoiqu\u2019il advienne, va entrer au Panth\u00e9on des s\u00e9lectionneurs mondiaux. Celui qui a \u00e9t\u00e9 le capitaine du premier sacre en 1998 sera sur le banc d\u2019une \u00e9quipe de France avec laquelle il va disputer sa troisi\u00e8me demi-finale mondiale cons\u00e9cutive. Avec la perspective de vivre une troisi\u00e8me finale en douze ans.<\/p>\n<p>Sacr\u00e9 en 2018, finaliste malheureux en 2022, le Basque peut \u00eatre celui qui permettra au coq du maillot tricolore d\u2019accueillir sa troisi\u00e8me \u00e9toile. Mais, pour lancer la machine \u00e0 tricoter, il reste encore deux \u00e9tapes, et non des moindres. Avec \u00e0 chaque fois des cols hors cat\u00e9gories \u00e0 franchir.<\/p>\n<p>Le premier \u00e0 se pr\u00e9senter sur le chemin vers New York est l\u2019Espagne. Adversaire qui, depuis quelques ann\u00e9es, prend un malin plaisir \u00e0 g\u00e2cher les soir\u00e9es d\u00e9cisives. Comme en 2024, lorsque la Roja a barr\u00e9 la route de la finale de l\u2019Euro.<\/p>\n<p>\u00c0 Munich, tout s\u2019\u00e9tait jou\u00e9 dans la premi\u00e8re demi-heure. Randal Kolo\u00a0Muani ouvrant le score apr\u00e8s neuf minutes de jeu. Avant qu\u2019en quatre minutes, de la 21<sup>e<\/sup> \u00e0 la 24<sup>e<\/sup>, Lamine Yamal et Dani Olmo ne renversent la situation en faveur de l\u2019Espagne.<\/p>\n<p>Deux ans plus tard, Dallas va donc accueillir la revanche. Avec des onze de d\u00e9part qui seront tr\u00e8s proches de ceux de l\u2019Euro. Et deux s\u00e9lections qui, depuis le coup d\u2019envoi du mondial nord am\u00e9ricain, ont d\u00e9montr\u00e9 leurs qualit\u00e9s, aussi bien offensives que d\u00e9fensives.<\/p>\n<p>C\u00f4t\u00e9 fran\u00e7ais, l\u2019attaque et la d\u00e9fense se sont montr\u00e9es intraitables depuis le d\u00e9but du tournoi. Avec vingt buts inscrits, dont huit pour Kylian Mbapp\u00e9, la force de frappe tricolore a les moyens de venir \u00e0 bout d\u2019une d\u00e9fense espagnole qui a conc\u00e9d\u00e9 son premier but en quart de finale, face \u00e0 la Belgique. Mais la d\u00e9fense fran\u00e7aise, qui n\u2019a c\u00e9d\u00e9 que deux fois, n\u2019est pas mal non plus. Malgr\u00e9 une faiblesse relative dans son couloir gauche.<\/p>\n<p>\u00ab\u00a0<i>Nous sommes l\u00e0 o\u00f9 nous voulions \u00eatre<\/i><i>\u00a0<\/i>\u00bb, a dit Didier Deschamps apr\u00e8s la qualification aux d\u00e9pens du Maroc <br \/>(2-0). N\u00e9anmoins, celui qui compte d\u00e9sormais vingt victoires sur un banc en phase finale d\u2019une Coupe du monde ne serait pas contre am\u00e9liorer encore ce record.<\/p>\n<p>Ses Bleus, qui devraient \u00eatre au complet pour lui permettre d\u2019aligner son onze id\u00e9al mardi, ne sont pas contre cette id\u00e9e. Ils vont tout faire pour cela.<\/p>\n<\/p><\/div>\n<div class=\"paragraph\">\n<p><b>REP\u00c8RES<\/b><\/p>\n<p><b>Un dernier carr\u00e9 \u00e0 sept \u00e9toiles <\/b><\/p>\n<p>Le 19 juillet \u00e0 New York, il y aura un nouveau champion du monde. Mais ce ne sera pas un novice. Les qualifi\u00e9s pour les demi-finales comptent tous au moins une \u00e9toile \u00e0 leur palmar\u00e8s. Trois pour l\u2019Argentine, deux pour la France, une pour l\u2019Espagne et l\u2019Angleterre.<\/p>\n<p><b>Duels de buteurs <\/b><\/p>\n<p>Quatre des cinq meilleurs buteurs du tournoi sont encore en lice. Leo Messi et Kylian Mbapp\u00e9 m\u00e8nent la danse, avec huit r\u00e9alisations chacun. Devant les Anglais Jude Bellingham, auteur d\u2019un doubl\u00e9 face \u00e0 la Norv\u00e8ge, et Harry Kane qui comptent six buts. Erling Haaland va rester \u00e0 sept, car la s\u00e9lection norv\u00e9gienne a quitt\u00e9 la comp\u00e9tition. Le Fran\u00e7ais Ousmane Demb\u00e9l\u00e9, avec cinq buts, et l\u2019Espagnol Mikel Oyarzabal, quatre, peuvent grappiller des places.<\/p>\n<\/p><\/div>\n","protected":false},"excerpt":{"rendered":"Ce n&rsquo;est pas la lutte finale, mais cela va y ressembler mardi.","protected":false},"author":1,"featured_media":36144,"comment_status":"open","ping_status":"open","sticky":false,"template":"","format":"standard","meta":{"footnotes":""},"categories":[3926,3924,7],"tags":[1097,999,276,5818,13],"news-destination":[3944],"news-source":[475],"is_homepage":[],"ta_other":[],"class_list":["post-36143","post","type-post","status-publish","format-standard","has-post-thumbnail","hentry","category-accueil-merge","category-accueil-second","category-sports","tag-coupe-du-monde","tag-equipe-de-france","tag-etats-unis","tag-fifa","tag-football","news-destination-homepage","news-source-website"],"_links":{"self":[{"href":"https:\/\/euapp01.newsmemory.com\/lamarseillaise\/news\/wp-json\/wp\/v2\/posts\/36143","targetHints":{"allow":["GET"]}}],"collection":[{"href":"https:\/\/euapp01.newsmemory.com\/lamarseillaise\/news\/wp-json\/wp\/v2\/posts"}],"about":[{"href":"https:\/\/euapp01.newsmemory.com\/lamarseillaise\/news\/wp-json\/wp\/v2\/types\/post"}],"author":[{"embeddable":true,"href":"https:\/\/euapp01.newsmemory.com\/lamarseillaise\/news\/wp-json\/wp\/v2\/users\/1"}],"replies":[{"embeddable":true,"href":"https:\/\/euapp01.newsmemory.com\/lamarseillaise\/news\/wp-json\/wp\/v2\/comments?post=36143"}],"version-history":[{"count":1,"href":"https:\/\/euapp01.newsmemory.com\/lamarseillaise\/news\/wp-json\/wp\/v2\/posts\/36143\/revisions"}],"predecessor-version":[{"id":36145,"href":"https:\/\/euapp01.newsmemory.com\/lamarseillaise\/news\/wp-json\/wp\/v2\/posts\/36143\/revisions\/36145"}],"wp:featuredmedia":[{"embeddable":true,"href":"https:\/\/euapp01.newsmemory.com\/lamarseillaise\/news\/wp-json\/wp\/v2\/media\/36144"}],"wp:attachment":[{"href":"https:\/\/euapp01.newsmemory.com\/lamarseillaise\/news\/wp-json\/wp\/v2\/media?parent=36143"}],"wp:term":[{"taxonomy":"category","embeddable":true,"href":"https:\/\/euapp01.newsmemory.com\/lamarseillaise\/news\/wp-json\/wp\/v2\/categories?post=36143"},{"taxonomy":"post_tag","embeddable":true,"href":"https:\/\/euapp01.newsmemory.com\/lamarseillaise\/news\/wp-json\/wp\/v2\/tags?post=36143"},{"taxonomy":"news-destination","embeddable":true,"href":"https:\/\/euapp01.newsmemory.com\/lamarseillaise\/news\/wp-json\/wp\/v2\/news-destination?post=36143"},{"taxonomy":"news-source","embeddable":true,"href":"https:\/\/euapp01.newsmemory.com\/lamarseillaise\/news\/wp-json\/wp\/v2\/news-source?post=36143"},{"taxonomy":"is_homepage","embeddable":true,"href":"https:\/\/euapp01.newsmemory.com\/lamarseillaise\/news\/wp-json\/wp\/v2\/is_homepage?post=36143"},{"taxonomy":"ta_other","embeddable":true,"href":"https:\/\/euapp01.newsmemory.com\/lamarseillaise\/news\/wp-json\/wp\/v2\/ta_other?post=36143"}],"curies":[{"name":"wp","href":"https:\/\/api.w.org\/{rel}","templated":true}]}}