{"id":36140,"date":"2026-07-13T06:59:00","date_gmt":"2026-07-13T04:59:00","guid":{"rendered":"https:\/\/euapp01.newsmemory.com\/lamarseillaise\/news\/?p=36140"},"modified":"2026-07-18T13:23:05","modified_gmt":"2026-07-18T11:23:05","slug":"a-marseille-un-club-frappe-de-six-mois-de-fermeture-par-le-prefet","status":"publish","type":"post","link":"https:\/\/euapp01.newsmemory.com\/lamarseillaise\/news\/2026\/07\/13\/a-marseille-un-club-frappe-de-six-mois-de-fermeture-par-le-prefet\/","title":{"rendered":"\u00c0 Marseille, un club frapp\u00e9 de six mois de fermeture par le pr\u00e9fet"},"content":{"rendered":"<div class=\"paragraph\">\n<p>Le juge des r\u00e9f\u00e9r\u00e9s du tribunal administratif a d\u00e9bout\u00e9 par deux fois la soci\u00e9t\u00e9 exploitante d\u2019un club bar restaurant \u00e0 l\u2019enseigne \u00ab\u00a0Orma\u00a0\u00bb, anciennement \u00ab\u00a0K-Baret\u00a0\u00bb, situ\u00e9 97, promenade Georges-Pompidou, 8<sup>e<\/sup>, qui r\u00e9clamait l\u2019annulation d\u2019un arr\u00eat\u00e9 pr\u00e9fectoral de fermeture.<\/p>\n<p>La soci\u00e9t\u00e9 Orma exploite en location-g\u00e9rance depuis le 1<sup>er<\/sup>\u00a0janvier 2026 cet \u00e9tablissement situ\u00e9 \u00e0 deux pas de la statue du David. Le 30\u00a0mars, un arr\u00eat\u00e9 pr\u00e9fectoral a ordonn\u00e9 sa fermeture pour six mois \u00e0 la suite d\u2019une s\u00e9rie d\u2019\u00ab\u00a0<i>atteintes \u00e0 l\u2019ordre public et troubles \u00e0 la sant\u00e9 publique<\/i><i>\u00a0<\/i>\u00bb.<\/p>\n<p>L\u2019\u00e9tablissement a fait l\u2019objet d\u2019un premier contr\u00f4le le 28\u00a0septembre 2025 \u00e0 6h du matin au cours duquel ont \u00e9t\u00e9 constat\u00e9es de multiples infractions\u00a0: violation de l\u2019interdiction de fumer, vente de protoxyde d\u2019azote, diffusion de musique sans inscription \u00e0 la Sacem, non tenue du registre de s\u00e9curit\u00e9. Pr\u00e9sents \u00e0 ce contr\u00f4le de police, des agents de l\u2019Urssaf et des Finances publiques ont constat\u00e9 de leurs c\u00f4t\u00e9s des infractions de travail dissimul\u00e9.<\/p>\n<\/p><\/div>\n<div class=\"intext\"> Protoxyde d\u2019azote<br \/>\n               <br \/>et travail dissimul\u00e9\n              <\/div>\n<div class=\"paragraph\">\n<p>Deux mois plus tard, le 22\u00a0novembre 2025, \u00e0 8h30, les services de police \u00e9taient inform\u00e9s qu\u2019une bagarre opposait des clients aux agents de s\u00e9curit\u00e9 de l\u2019\u00e9tablissement. Un individu \u00e9tait bless\u00e9 \u00e0 l\u2019\u0153il, deux autres l\u2019\u00e9taient par arme blanche. Ils quittaient les lieux par leurs propres moyens. C\u2019est dans ce contexte qu\u2019un nouveau contr\u00f4le \u00e9tait d\u00e9clench\u00e9 dans la nuit du 23\u00a0novembre, d\u00e9bouchant sur le constat de r\u00e9cidive de violation de l\u2019interdiction de fumer, de diffusion de musique sans inscription \u00e0 la Sacem, de travail dissimul\u00e9 pour plusieurs employ\u00e9s et de non tenue persistante du registre de s\u00e9curit\u00e9. La police municipale constatait \u00e0 proximit\u00e9 la pr\u00e9sence d\u2019un groupe d\u2019individus s\u2019empoignant et d\u2019un individu tenant un couteau.<\/p>\n<p>\u00ab\u00a0<i>Au regard du trouble \u00e0 la tranquillit\u00e9 publique<\/i><i>\u00a0<\/i>\u00bb et afin de \u00ab\u00a0<i>pr\u00e9venir la continuation ou le retour des d\u00e9sordres li\u00e9s aux conditions d\u2019exploitation<\/i><i>\u00a0<\/i>\u00bb, le pr\u00e9fet a pris un arr\u00eat\u00e9 de fermeture pour six mois qui entra\u00eene l\u2019annulation du permis d\u2019exploitation.<\/p>\n<p>Saisi en mai par voie de r\u00e9f\u00e9r\u00e9, le juge administratif a d\u00e9bout\u00e9 l\u2019\u00e9tablissement de ses deux requ\u00eates pour d\u00e9faut d\u2019urgence, estimant notamment qu\u2019il ne d\u00e9montrait pas le risque de cessation des paiements, ni ne justifiait de \u00ab\u00a0<i>la r\u00e9alit\u00e9 de la conclusion des contrats de travail sign\u00e9s et compl\u00e9t\u00e9s par des bulletins de salaire aff\u00e9rents<\/i><i>\u00a0<\/i>\u00bb. Quant aux pi\u00e8ces communiqu\u00e9es, elles<i> <\/i>\u00ab<i>\u00a0<\/i><i>ne permettent pas d\u2019appr\u00e9cier l\u2019\u00e9tat de la situation financi\u00e8re globale de la soci\u00e9t\u00e9<\/i><i>\u00a0<\/i>\u00bb.<\/p>\n<\/p><\/div>\n","protected":false},"excerpt":{"rendered":"Le juge des r&eacute;f&eacute;r&eacute;s du tribunal administratif a d&eacute;bout&eacute; par deux fois la soci&eacute;t&eacute; exploitante d&rsquo;un club bar restaurant &agrave; l&rsquo;enseigne &laquo;&nbsp;Orma&nbsp;&raquo;, anciennement &#8230;","protected":false},"author":1,"featured_media":36141,"comment_status":"open","ping_status":"open","sticky":false,"template":"","format":"standard","meta":{"footnotes":""},"categories":[3926,3925,20],"tags":[10,514,105,1046,16,325,1131,1567,5894,1747,111,4098,595,3267],"news-destination":[3944],"news-source":[475],"is_homepage":[],"ta_other":[],"class_list":["post-36140","post","type-post","status-publish","format-standard","has-post-thumbnail","hentry","category-accueil-merge","category-accueil-third","category-societe","tag-bouches-du-rhone","tag-controle","tag-fermeture","tag-finances-publiques","tag-marseille","tag-musique","tag-prefecture","tag-prefet","tag-protoxyde-dazote","tag-restaurant","tag-securite","tag-travail-dissimule","tag-urbanisme","tag-urssaf","news-destination-homepage","news-source-website"],"_links":{"self":[{"href":"https:\/\/euapp01.newsmemory.com\/lamarseillaise\/news\/wp-json\/wp\/v2\/posts\/36140","targetHints":{"allow":["GET"]}}],"collection":[{"href":"https:\/\/euapp01.newsmemory.com\/lamarseillaise\/news\/wp-json\/wp\/v2\/posts"}],"about":[{"href":"https:\/\/euapp01.newsmemory.com\/lamarseillaise\/news\/wp-json\/wp\/v2\/types\/post"}],"author":[{"embeddable":true,"href":"https:\/\/euapp01.newsmemory.com\/lamarseillaise\/news\/wp-json\/wp\/v2\/users\/1"}],"replies":[{"embeddable":true,"href":"https:\/\/euapp01.newsmemory.com\/lamarseillaise\/news\/wp-json\/wp\/v2\/comments?post=36140"}],"version-history":[{"count":1,"href":"https:\/\/euapp01.newsmemory.com\/lamarseillaise\/news\/wp-json\/wp\/v2\/posts\/36140\/revisions"}],"predecessor-version":[{"id":36142,"href":"https:\/\/euapp01.newsmemory.com\/lamarseillaise\/news\/wp-json\/wp\/v2\/posts\/36140\/revisions\/36142"}],"wp:featuredmedia":[{"embeddable":true,"href":"https:\/\/euapp01.newsmemory.com\/lamarseillaise\/news\/wp-json\/wp\/v2\/media\/36141"}],"wp:attachment":[{"href":"https:\/\/euapp01.newsmemory.com\/lamarseillaise\/news\/wp-json\/wp\/v2\/media?parent=36140"}],"wp:term":[{"taxonomy":"category","embeddable":true,"href":"https:\/\/euapp01.newsmemory.com\/lamarseillaise\/news\/wp-json\/wp\/v2\/categories?post=36140"},{"taxonomy":"post_tag","embeddable":true,"href":"https:\/\/euapp01.newsmemory.com\/lamarseillaise\/news\/wp-json\/wp\/v2\/tags?post=36140"},{"taxonomy":"news-destination","embeddable":true,"href":"https:\/\/euapp01.newsmemory.com\/lamarseillaise\/news\/wp-json\/wp\/v2\/news-destination?post=36140"},{"taxonomy":"news-source","embeddable":true,"href":"https:\/\/euapp01.newsmemory.com\/lamarseillaise\/news\/wp-json\/wp\/v2\/news-source?post=36140"},{"taxonomy":"is_homepage","embeddable":true,"href":"https:\/\/euapp01.newsmemory.com\/lamarseillaise\/news\/wp-json\/wp\/v2\/is_homepage?post=36140"},{"taxonomy":"ta_other","embeddable":true,"href":"https:\/\/euapp01.newsmemory.com\/lamarseillaise\/news\/wp-json\/wp\/v2\/ta_other?post=36140"}],"curies":[{"name":"wp","href":"https:\/\/api.w.org\/{rel}","templated":true}]}}