{"id":36137,"date":"2026-07-13T06:58:00","date_gmt":"2026-07-13T04:58:00","guid":{"rendered":"https:\/\/euapp01.newsmemory.com\/lamarseillaise\/news\/?p=36137"},"modified":"2026-07-18T13:11:47","modified_gmt":"2026-07-18T11:11:47","slug":"entretien-issam-el-khalfaoui-supprimer-le-recours-a-lenquete-systematique-organise-limpunite","status":"publish","type":"post","link":"https:\/\/euapp01.newsmemory.com\/lamarseillaise\/news\/2026\/07\/13\/entretien-issam-el-khalfaoui-supprimer-le-recours-a-lenquete-systematique-organise-limpunite\/","title":{"rendered":"[Entretien] Issam El Khalfaoui : \u00ab&nbsp;Supprimer le recours \u00e0 l\u2019enqu\u00eate syst\u00e9matique organise l\u2019impunit\u00e9&nbsp;\u00bb"},"content":{"rendered":"<div class=\"paragraph\">\n<p><b>La Marseillaise :<\/b> <b>Votre p\u00e9tition a d\u00e9j\u00e0 obtenu plus de 600 000 signatures. Vous attendiez-vous \u00e0 ce soutien ?<\/b><\/p>\n<p>Issam El Khalfaoui : On savait qu\u2019on serait suivis, mais on ne pensait pas arriver \u00e0 500\u00a0000 aussi vite. On ne s\u2019attendait vraiment pas \u00e0 \u00e7a. Je tiens \u00e0 pr\u00e9ciser que le site de l\u2019Assembl\u00e9e nationale oblige \u00e0 d\u00e9poser les p\u00e9titions de mani\u00e8re nominative, mais il s\u2019agit d\u2019un texte r\u00e9dig\u00e9 par Save (Stop aux violences d\u2019\u00c9tat), l\u2019association que j\u2019ai cofond\u00e9e, et l\u2019ONG Flagrant D\u00e9ni.<\/p>\n<p><b>Vous \u00e9voquez dans votre p\u00e9tition un \u00ab<\/b><b>\u00a0<\/b><b>bilan humain inadmissible<\/b><b>\u00a0<\/b><b>\u00bb et rappelez que, d\u2019apr\u00e8s un expert de l\u2019ONU, la France est le pays de l\u2019Union europ\u00e9enne avec le plus grand nombre de personnes tu\u00e9es par les forces de l\u2019ordre. Comment l\u2019expliquer ?<\/b><\/p>\n<p>I.E.K. : Ce bilan est largement d\u00fb \u00e0 l\u2019article L435-1 du Code de s\u00e9curit\u00e9 int\u00e9rieure. C\u2019est la loi qui a \u00e9t\u00e9 vot\u00e9e en 2017 et qui \u00e9largit les conditions de tir pour les policiers [dans cinq situations au-del\u00e0 de la l\u00e9gitime d\u00e9fense, Ndlr]. Juste sur les refus d\u2019obtemp\u00e9rer, on s\u2019aper\u00e7oit qu\u2019il y a cinq fois plus de tirs mortels [selon les chercheurs S\u00e9bastian Roch\u00e9, Paul le Derff et Simon Varaine, Ndlr]. C\u2019est \u00e9norme.<\/p>\n<p>Avant, sur un refus d\u2019obtemp\u00e9rer, on tirait sur des v\u00e9hicules qui arrivaient \u00e0 pleine vitesse. En g\u00e9n\u00e9ral, on ratait sa cible. Il y avait un tir, mais il n\u2019y avait pas de mort. Aujourd\u2019hui, sur tous les refus d\u2019obtemp\u00e9rer, on l\u2019a vu sur l\u2019affaire Nahel [adolescent de 17 ans, tu\u00e9 par un policier en juin\u00a02023 lors d\u2019un contr\u00f4le routier \u00e0 Nanterre, Ndlr]<b>, <\/b>il s\u2019agit de tirs \u00e0 bout portant sur des v\u00e9hicules qui d\u00e9marrent. Les tirs sont donc beaucoup plus l\u00e9taux. C\u2019est une cons\u00e9quence directe de la loi qui permet aux policiers de tirer sur quelqu\u2019un s\u2019ils pensent qu\u2019il peut repr\u00e9senter un danger plus tard. Le probl\u00e8me, c\u2019est que cette \u00e9valuation du danger potentiel est compl\u00e8tement li\u00e9e \u00e0 la personnalit\u00e9 des policiers. Et aujourd\u2019hui, dans une soci\u00e9t\u00e9 de plus en plus \u00e0 l\u2019extr\u00eame droite, le racisme syst\u00e9mique peut leur faire croire qu\u2019un jeune racis\u00e9 est potentiellement dangereux dans un v\u00e9hicule.<\/p>\n<p><b>La proposition de loi (PPL) inverse la charge de la preuve : ce sera d\u00e9sormais aux victimes ou \u00e0 leurs proches de d\u00e9montrer que l\u2019usage des armes n\u2019\u00e9tait pas justifi\u00e9. Quel danger cela repr\u00e9sente-t-il ?<\/b><\/p>\n<p>I.E.K. : Aujourd\u2019hui, il y a un grand mensonge qui est propag\u00e9 par Laurent Nu\u00f1ez [ministre de l\u2019Int\u00e9rieur et ancien pr\u00e9fet de police des Bouches-du-Rh\u00f4ne, Ndlr] et par toute la droite : ils assurent qu\u2019on pourra \u00e0 tout moment renverser la force de la preuve. Mais Laurent Nu\u00f1ez est bien plac\u00e9 pour le savoir, les 24 premi\u00e8res heures sont essentielles. Or, avec cette nouvelle loi, comme le tir du policier est pr\u00e9sum\u00e9 l\u00e9gal, il n\u2019y aura pas d\u2019enqu\u00eate automatique. Elle peut \u00eatre d\u00e9clench\u00e9e plus tard, si un proche de la victime d\u00e9cide de se constituer partie civile par exemple, mais \u00e7a peut prendre plusieurs mois. Le temps de rendre l\u2019acc\u00e8s \u00e0 des informations capitales beaucoup plus compliqu\u00e9 : les vid\u00e9os de surveillance peuvent avoir \u00e9t\u00e9 supprim\u00e9es, les t\u00e9moins peuvent \u00eatre plus difficiles \u00e0 retrouver&#8230; Supprimer le recours \u00e0 l\u2019enqu\u00eate syst\u00e9matique revient \u00e0 organiser l\u2019impunit\u00e9. Rappelons par ailleurs que cette loi est, \u00e0 l\u2019origine, une proposition de Jean-Marie Le Pen, [fondateur du Front national, Ndlr].<\/p>\n<p><b>Vous avez assist\u00e9, le 7<\/b><b>\u00a0<\/b><b>juillet, avec d\u2019autres familles de victimes, aux d\u00e9bats qui ont eu lieu \u00e0 l\u2019Assembl\u00e9e nationale \u00e0 propos de cette PPL. Comment l\u2019avez-vous v\u00e9cu ? <\/b><\/p>\n<p>I.E.K. : On a assist\u00e9 aux d\u00e9bats sans avoir le droit de parler. On nous a montr\u00e9s du doigt, trait\u00e9s de racailles [Laure Lavalette, d\u00e9put\u00e9e (RN) a r\u00e9employ\u00e9 ce terme sur un plateau de BFM TV, Ndlr]. Lorsque le d\u00e9put\u00e9 des Verts [Pouria Amirshahi] a lu la lettre que j\u2019ai \u00e9crite, nous avons \u00e9t\u00e9 hu\u00e9s par les d\u00e9put\u00e9s de droite et d\u2019extr\u00eame droite. \u00c0 aucun moment on a consid\u00e9r\u00e9 notre statut de victimes. \u00c0 la fin, lorsque la loi a \u00e9t\u00e9 vot\u00e9e, je n\u2019ai pas pu rester sans rien faire et j\u2019ai cri\u00e9 \u00ab\u00a0<i>Pas de justice, pas de paix<\/i><i>\u00a0<\/i>\u00bb. J\u2019ai \u00e9t\u00e9 imm\u00e9diatement \u00e9vacu\u00e9 par des huissiers mais les autres familles ont pu continuer de chanter. Les d\u00e9put\u00e9s de gauche ont applaudi et les d\u00e9put\u00e9s de droite et d\u2019extr\u00eame droite les ont insult\u00e9s. On nous a dit qu\u2019on \u00e9tait la honte de la R\u00e9publique. Pour moi, la honte de la R\u00e9publique, c\u2019est de nous avoir siffl\u00e9s et hu\u00e9s quand on parlait de nous.<\/p>\n<\/p><\/div>\n","protected":false},"excerpt":{"rendered":"La Marseillaise : Votre p&eacute;tition a d&eacute;j&agrave; obtenu plus de 600 000 signatures. Vous attendiez-vous &agrave; ce soutien ?","protected":false},"author":1,"featured_media":36138,"comment_status":"open","ping_status":"open","sticky":false,"template":"","format":"standard","meta":{"footnotes":""},"categories":[3926,3925,330],"tags":[1124,10,600,453,1978,343,2659,5084,200,16,3663,6076,1525,763,1515,259,857,2653],"news-destination":[3944],"news-source":[475],"is_homepage":[],"ta_other":[],"class_list":["post-36137","post","type-post","status-publish","format-standard","has-post-thumbnail","hentry","category-accueil-merge","category-accueil-third","category-politique","tag-belle-de-mai","tag-bouches-du-rhone","tag-defense","tag-deputes","tag-enquetes","tag-entretien","tag-front-national","tag-jean-marie-le-pen","tag-justice","tag-marseille","tag-mort","tag-nahel","tag-petition","tag-police","tag-policier","tag-proposition-de-loi","tag-racisme","tag-violences-policieres","news-destination-homepage","news-source-website"],"_links":{"self":[{"href":"https:\/\/euapp01.newsmemory.com\/lamarseillaise\/news\/wp-json\/wp\/v2\/posts\/36137","targetHints":{"allow":["GET"]}}],"collection":[{"href":"https:\/\/euapp01.newsmemory.com\/lamarseillaise\/news\/wp-json\/wp\/v2\/posts"}],"about":[{"href":"https:\/\/euapp01.newsmemory.com\/lamarseillaise\/news\/wp-json\/wp\/v2\/types\/post"}],"author":[{"embeddable":true,"href":"https:\/\/euapp01.newsmemory.com\/lamarseillaise\/news\/wp-json\/wp\/v2\/users\/1"}],"replies":[{"embeddable":true,"href":"https:\/\/euapp01.newsmemory.com\/lamarseillaise\/news\/wp-json\/wp\/v2\/comments?post=36137"}],"version-history":[{"count":1,"href":"https:\/\/euapp01.newsmemory.com\/lamarseillaise\/news\/wp-json\/wp\/v2\/posts\/36137\/revisions"}],"predecessor-version":[{"id":36139,"href":"https:\/\/euapp01.newsmemory.com\/lamarseillaise\/news\/wp-json\/wp\/v2\/posts\/36137\/revisions\/36139"}],"wp:featuredmedia":[{"embeddable":true,"href":"https:\/\/euapp01.newsmemory.com\/lamarseillaise\/news\/wp-json\/wp\/v2\/media\/36138"}],"wp:attachment":[{"href":"https:\/\/euapp01.newsmemory.com\/lamarseillaise\/news\/wp-json\/wp\/v2\/media?parent=36137"}],"wp:term":[{"taxonomy":"category","embeddable":true,"href":"https:\/\/euapp01.newsmemory.com\/lamarseillaise\/news\/wp-json\/wp\/v2\/categories?post=36137"},{"taxonomy":"post_tag","embeddable":true,"href":"https:\/\/euapp01.newsmemory.com\/lamarseillaise\/news\/wp-json\/wp\/v2\/tags?post=36137"},{"taxonomy":"news-destination","embeddable":true,"href":"https:\/\/euapp01.newsmemory.com\/lamarseillaise\/news\/wp-json\/wp\/v2\/news-destination?post=36137"},{"taxonomy":"news-source","embeddable":true,"href":"https:\/\/euapp01.newsmemory.com\/lamarseillaise\/news\/wp-json\/wp\/v2\/news-source?post=36137"},{"taxonomy":"is_homepage","embeddable":true,"href":"https:\/\/euapp01.newsmemory.com\/lamarseillaise\/news\/wp-json\/wp\/v2\/is_homepage?post=36137"},{"taxonomy":"ta_other","embeddable":true,"href":"https:\/\/euapp01.newsmemory.com\/lamarseillaise\/news\/wp-json\/wp\/v2\/ta_other?post=36137"}],"curies":[{"name":"wp","href":"https:\/\/api.w.org\/{rel}","templated":true}]}}