{"id":36134,"date":"2026-07-13T06:40:00","date_gmt":"2026-07-13T04:40:00","guid":{"rendered":"https:\/\/euapp01.newsmemory.com\/lamarseillaise\/news\/?p=36134"},"modified":"2026-07-18T13:11:47","modified_gmt":"2026-07-18T11:11:47","slug":"entretien-yves-metayer-gouverneur-militaire-de-marseille-le-14-juillet-unit-la-nation-et-ses-armees","status":"publish","type":"post","link":"https:\/\/euapp01.newsmemory.com\/lamarseillaise\/news\/2026\/07\/13\/entretien-yves-metayer-gouverneur-militaire-de-marseille-le-14-juillet-unit-la-nation-et-ses-armees\/","title":{"rendered":"[Entretien] Yves M\u00e9tayer, gouverneur militaire de Marseille : \u00ab Le 14-Juillet unit la nation et ses arm\u00e9es \u00bb"},"content":{"rendered":"<div class=\"paragraph\">\n<p><b>La Marseillaise<\/b><b>\u00a0<\/b><b>:<\/b> <b>quel message le d\u00e9fil\u00e9 militaire de Marseille veut-il faire passer ? <\/b><\/p>\n<p>Yves M\u00e9tayer : C\u2019est d\u2019abord un d\u00e9fil\u00e9 repr\u00e9sentatif de toutes nos arm\u00e9es avec les forces de s\u00e9curit\u00e9 int\u00e9rieure, la douane, la p\u00e9nitentiaire et d\u2019autres administrations. Ce d\u00e9fil\u00e9 militaire a effectivement un horizon strat\u00e9gique, celui de la r\u00e9surgence d\u2019une menace, de la guerre sur le continent europ\u00e9en. Le th\u00e8me retenu au niveau national, c\u2019est le r\u00e9veil strat\u00e9gique de l\u2019Europe avec en filigrane, la notion de r\u00e9armement, du r\u00f4le que joue notre pays dans cette prise de responsabilit\u00e9 des Europ\u00e9ens.<\/p>\n<p>Il s\u2019agit aussi de dire \u00e0 la nation qu\u2019une r\u00e9volution silencieuse est en cours. La transformation de nos arm\u00e9es est engag\u00e9e avec une dynamique extr\u00eamement rapide depuis 2024 avec la loi de programmation. C\u2019est une r\u00e9volution silencieuse et pas spectaculaire, mais c\u2019est une r\u00e9volution car c\u2019est bien un changement de paradigme que conna\u00eet le syst\u00e8me de d\u00e9fense fran\u00e7ais.<\/p>\n<p><b>Pouvez-vous en donner des illustrations concr\u00e8tes ? <\/b><\/p>\n<p>Y. M. : On le verra \u00e0 l\u2019occasion du d\u00e9fil\u00e9 du 1<sup>er<\/sup>\u00a0R\u00e9giment \u00e9tranger de cavalerie qui descendra de Carpiagne avec deux Jaguars qui sont des engins blind\u00e9s de cavalerie de toute nouvelle g\u00e9n\u00e9ration. Avec la compagnie de transmission de la 11<sup>e<\/sup>\u00a0Brigade parachutiste et des v\u00e9hicules Servals de la gamme Scorpion. On le verra encore avec le 4<sup>e<\/sup>\u00a0Chasseurs, des plus petits mat\u00e9riels adapt\u00e9s \u00e0 l\u2019action en montagne qui sont assez illustratifs. On le verra avec le 54<sup>e<\/sup>\u00a0RA qui, outre sa mission premi\u00e8re de d\u00e9fense sol-air, est engag\u00e9 dans la lutte anti-drone. Le 54<sup>e<\/sup>\u00a0RA a aid\u00e9 nos partenaires strat\u00e9giques dans le golfe Persique pour se prot\u00e9ger des frappes iraniennes avec de l\u2019armement sol-air, des h\u00e9licopt\u00e8res de combat, du brouillage \u00e9lectromagn\u00e9tique.<\/p>\n<p>Pour le d\u00e9fil\u00e9, j\u2019ai demand\u00e9 aux chefs de d\u00e9tachement de montrer qu\u2019\u00e0 travers la tenue et la rigueur, ils envoient une image de professionnalisme, de d\u00e9termination, d\u2019engagement, une image qui doit exprimer ce que doivent faire les femmes et les hommes de nos arm\u00e9es pour se transformer, acc\u00e9l\u00e9rer la dynamique d\u2019adaptation. C\u2019est le d\u00e9fi de cette r\u00e9volution capacitaire qu\u2019on est en train de vivre avec la loi de programmation et autour tout un \u00e9cosyst\u00e8me d\u2019adaptation que ce soit dans le champ du num\u00e9rique, de l\u2019IA embarqu\u00e9.<\/p>\n<p>On a besoin de toutes les forces vives dans la recherche et dans l\u2019\u00e9conomie de notre pays pour nous aider \u00e0 aller le plus vite possible.<\/p>\n<p><b>Comment cet effort se traduit-il en zone sud ? <\/b><\/p>\n<p>Y. M. : Mon travail au niveau des territoires, c\u2019est de mesurer comment cette dynamique d\u2019adaptation se traduit, de r\u00e9pondre aux questions des entrepreneurs pour comprendre nos besoins. En Occitanie, autour de Toulouse, nous avons un p\u00f4le a\u00e9ronautique de niveau mondial. En r\u00e9gion Paca, on a le p\u00f4le naval de Toulon, premi\u00e8re base navale d\u2019Europe. On a l\u2019industrie a\u00e9ronautique autour du p\u00f4le Marignane-Istres et \u00e9norm\u00e9ment de num\u00e9rique en Paca jusqu\u2019\u00e0 Cannes-Nice. Et on a une plateforme absolument remarquable avec Canjuers, premier camp d\u2019entra\u00eenement d\u2019Europe.<\/p>\n<p><b>Vous avez lanc\u00e9 en d\u00e9cembre une op\u00e9ration d\u2018int\u00e9r\u00eat national \u00ab<\/b><b>\u00a0<\/b><b>D\u00e9fense et s\u00e9curit\u00e9<\/b><b>\u00a0<\/b><b>\u00bb<\/b><\/p>\n<p>Y. M. : Cette op\u00e9ration permet de canaliser, de f\u00e9d\u00e9rer, de catalyser tout un tas de projets et de connecter des mondes. Je pense aux projets Airbus Helicopters sur Marignane, aux projets sur Istres, aux autres projets li\u00e9s au porte-avions nouvelle g\u00e9n\u00e9ration sur Toulon. Ou encore ce projet tr\u00e8s int\u00e9ressant avec Aix-Marseille Universit\u00e9 pour adapter le syst\u00e8me de formation et d\u2019enseignement sup\u00e9rieur. Ce sont des perspectives concr\u00e8tes d\u2019emploi pour les \u00e9tudiants qui s\u2019engagent dans ces fili\u00e8res. On est l\u00e0 pour accompagner, pour cr\u00e9dibiliser cette d\u00e9marche, la connecter \u00e0 la r\u00e9alit\u00e9 strat\u00e9gique des besoins de d\u00e9fense.<\/p>\n<p><b>Le budget de l\u2019arm\u00e9e a doubl\u00e9 en dix ans. La soci\u00e9t\u00e9 civile peut-elle l\u2019entendre ?<\/b><\/p>\n<p>Y. M. : Dans sa grande majorit\u00e9, elle a compris le monde dans lequel on \u00e9tait. Elle n\u2019a peut-\u00eatre pas conscience des sacrifices qu\u2019on a faits en mati\u00e8re de d\u00e9fense apr\u00e8s la chute du mur de Berlin dont on \u00e9value les \u00e9conomies sur notre capital de d\u00e9fense en Europe \u00e0 2000 milliards d\u2019euros. Ce sont les \u00ab\u00a0dividendes de la paix\u00a0\u00bb. On a cru \u00e0 la paix perp\u00e9tuelle. L\u2019Europe a arr\u00eat\u00e9 d\u2019investir dans sa d\u00e9fense et a perdu son capital. Aujourd\u2019hui les Am\u00e9ricains nous disent que ce ne sont pas eux qui feront le job \u00e0 notre place. L\u2019Europe est face \u00e0 ses responsabilit\u00e9s. Les \u00e9quilibres internes des alliances sont modifi\u00e9s. On doit se poser la question suivante : que consacre-t-on \u00e0 son assurance-vie dans le monde dangereux dans lequel nous sommes ? Je pense pour ma part qu\u2019il ne faut pas opposer mais articuler le combat budg\u00e9taire que le pays doit conduire avec le besoin de d\u00e9fense. Les Fran\u00e7ais savent qu\u2019ils peuvent compter sur leurs arm\u00e9es.<\/p>\n<p>Le pays consent pour ses arm\u00e9es professionnelles, entra\u00een\u00e9es, un effort d\u2019\u00e9quipement, de cr\u00e9dit qu\u2019on utilisera au mieux. Le 14-Juillet, c\u2019est l\u2019unit\u00e9 de la nation et des arm\u00e9es. Les arm\u00e9es disent aussi aux Fran\u00e7ais \u00e0 travers un d\u00e9fil\u00e9, une c\u00e9r\u00e9monie : vous pouvez compter sur nous pour vous d\u00e9fendre face aux menaces d\u2019aujourd\u2019hui et de demain.<\/p>\n<\/p><\/div>\n","protected":false},"excerpt":{"rendered":"La Marseillaise&nbsp;: quel message le d&eacute;fil&eacute; militaire de Marseille veut-il faire passer ?","protected":false},"author":1,"featured_media":36135,"comment_status":"open","ping_status":"open","sticky":false,"template":"","format":"standard","meta":{"footnotes":""},"categories":[3926,3925,6074,20,6075],"tags":[1352,4524,2507,10,2346,408,600,2618,5026,343,598,387,2869,724,16,1192,597,1615],"news-destination":[3944],"news-source":[475],"is_homepage":[],"ta_other":[],"class_list":["post-36134","post","type-post","status-publish","format-standard","has-post-thumbnail","hentry","category-accueil-merge","category-accueil-third","category-securite","category-societe","category-universite","tag-aeronautique","tag-americains","tag-avions","tag-bouches-du-rhone","tag-ceremonie","tag-combat","tag-defense","tag-ecosysteme","tag-effort","tag-entretien","tag-europe","tag-femmes","tag-fete-nationale","tag-guerre","tag-marseille","tag-monde","tag-toulon","tag-universite","news-destination-homepage","news-source-website"],"_links":{"self":[{"href":"https:\/\/euapp01.newsmemory.com\/lamarseillaise\/news\/wp-json\/wp\/v2\/posts\/36134","targetHints":{"allow":["GET"]}}],"collection":[{"href":"https:\/\/euapp01.newsmemory.com\/lamarseillaise\/news\/wp-json\/wp\/v2\/posts"}],"about":[{"href":"https:\/\/euapp01.newsmemory.com\/lamarseillaise\/news\/wp-json\/wp\/v2\/types\/post"}],"author":[{"embeddable":true,"href":"https:\/\/euapp01.newsmemory.com\/lamarseillaise\/news\/wp-json\/wp\/v2\/users\/1"}],"replies":[{"embeddable":true,"href":"https:\/\/euapp01.newsmemory.com\/lamarseillaise\/news\/wp-json\/wp\/v2\/comments?post=36134"}],"version-history":[{"count":1,"href":"https:\/\/euapp01.newsmemory.com\/lamarseillaise\/news\/wp-json\/wp\/v2\/posts\/36134\/revisions"}],"predecessor-version":[{"id":36136,"href":"https:\/\/euapp01.newsmemory.com\/lamarseillaise\/news\/wp-json\/wp\/v2\/posts\/36134\/revisions\/36136"}],"wp:featuredmedia":[{"embeddable":true,"href":"https:\/\/euapp01.newsmemory.com\/lamarseillaise\/news\/wp-json\/wp\/v2\/media\/36135"}],"wp:attachment":[{"href":"https:\/\/euapp01.newsmemory.com\/lamarseillaise\/news\/wp-json\/wp\/v2\/media?parent=36134"}],"wp:term":[{"taxonomy":"category","embeddable":true,"href":"https:\/\/euapp01.newsmemory.com\/lamarseillaise\/news\/wp-json\/wp\/v2\/categories?post=36134"},{"taxonomy":"post_tag","embeddable":true,"href":"https:\/\/euapp01.newsmemory.com\/lamarseillaise\/news\/wp-json\/wp\/v2\/tags?post=36134"},{"taxonomy":"news-destination","embeddable":true,"href":"https:\/\/euapp01.newsmemory.com\/lamarseillaise\/news\/wp-json\/wp\/v2\/news-destination?post=36134"},{"taxonomy":"news-source","embeddable":true,"href":"https:\/\/euapp01.newsmemory.com\/lamarseillaise\/news\/wp-json\/wp\/v2\/news-source?post=36134"},{"taxonomy":"is_homepage","embeddable":true,"href":"https:\/\/euapp01.newsmemory.com\/lamarseillaise\/news\/wp-json\/wp\/v2\/is_homepage?post=36134"},{"taxonomy":"ta_other","embeddable":true,"href":"https:\/\/euapp01.newsmemory.com\/lamarseillaise\/news\/wp-json\/wp\/v2\/ta_other?post=36134"}],"curies":[{"name":"wp","href":"https:\/\/api.w.org\/{rel}","templated":true}]}}