{"id":36131,"date":"2026-07-13T06:28:00","date_gmt":"2026-07-13T04:28:00","guid":{"rendered":"https:\/\/euapp01.newsmemory.com\/lamarseillaise\/news\/?p=36131"},"modified":"2026-07-13T10:11:57","modified_gmt":"2026-07-13T08:11:57","slug":"patriotisme","status":"publish","type":"post","link":"https:\/\/euapp01.newsmemory.com\/lamarseillaise\/news\/2026\/07\/13\/patriotisme\/","title":{"rendered":"Patriotisme ?"},"content":{"rendered":"<div class=\"paragraph\">\n<p>Une f\u00eate nationale qui tombe un jour de demi-finale de Coupe du monde de football, un d\u00e9fil\u00e9 militaire dans un contexte de retour \u00e0 la guerre chaude et le dernier pour le pr\u00e9sident en exercice qui apr\u00e8s avoir massacr\u00e9 l\u2019\u00e9conomie et le social trouve de l\u2019argent, beaucoup, pour l\u2019armement. Alors que le diptyque cin\u00e9matographique d\u2019Antonin Baudri sur le g\u00e9n\u00e9ral de Gaulle, celui de 1940 \u00e0 1944 et pas celui qui prit Maurice Papon comme pr\u00e9fet de police durant la guerre d\u2019Alg\u00e9rie ou r\u00e9prima les manifestations de mai\u00a01968, est d\u00e9j\u00e0 le ph\u00e9nom\u00e8ne de l\u2019\u00e9t\u00e9, la question du patriotisme et de la nation revient en force dans l\u2019air du temps et le d\u00e9bat public.<\/p>\n<p><b>Notions n\u00e9es \u00e0 gauche<\/b><\/p>\n<p>Patriotisme et nation, et non nationalisme, sont deux notions n\u00e9es \u00e0 gauche au nom de la souverainet\u00e9 populaire, une gauche dont une partie les a oubli\u00e9s au nom d\u2019une chim\u00e8re europ\u00e9enne qui se r\u00e9v\u00e8le aujourd\u2019hui non seulement inefficace mais dangereuse. Et laissant \u00e0 la droite et \u00e0 l\u2019extr\u00eame droite toute latitude pour reprendre ces valeurs, dont elles n\u2019ont au fond que faire \u00e0 part gagner des voix.<\/p>\n<p>Alors que les drapeaux fran\u00e7ais tout comme \u00ab\u00a0La Marseillaise\u00a0\u00bb font leur grand retour notamment dans la jeunesse, il est temps de se rapproprier ces symboles qui sont d\u2019origine r\u00e9volutionnaire, en France en tout cas m\u00eame si dans les anciennes colonies ils ont incarn\u00e9 l\u2019exact inverse. Et de rappeler que ce 14-Juillet qui comm\u00e9more la f\u00eate de la F\u00e9d\u00e9ration un an apr\u00e8s la prise de la Bastille est devenu la f\u00eate nationale lors du retour de la R\u00e9publique, la III<sup>e<\/sup> en l\u2019occurrence, en 1880. Et les dix ans du terrible attentant de Nice rappellent \u00e0 tous l\u2019importance de la solidarit\u00e9 nationale ?<\/p>\n<\/p><\/div>\n","protected":false},"excerpt":{"rendered":"Une f&ecirc;te nationale qui tombe un jour de demi-finale de Coupe du monde de football, un d&eacute;fil&eacute; militaire dans un contexte de retour &agrave; la guerre chaude et le dernier pour le pr&eacute;sident en exercice qui apr&egrave;s avoir &#8230;","protected":false},"author":1,"featured_media":36132,"comment_status":"open","ping_status":"open","sticky":false,"template":"","format":"standard","meta":{"footnotes":""},"categories":[332],"tags":[4275,10,1372,2869,572,16],"news-destination":[],"news-source":[475],"is_homepage":[],"ta_other":[],"class_list":["post-36131","post","type-post","status-publish","format-standard","has-post-thumbnail","hentry","category-edito","tag-14-juillet","tag-bouches-du-rhone","tag-editoriaux","tag-fete-nationale","tag-france","tag-marseille","news-source-website"],"_links":{"self":[{"href":"https:\/\/euapp01.newsmemory.com\/lamarseillaise\/news\/wp-json\/wp\/v2\/posts\/36131","targetHints":{"allow":["GET"]}}],"collection":[{"href":"https:\/\/euapp01.newsmemory.com\/lamarseillaise\/news\/wp-json\/wp\/v2\/posts"}],"about":[{"href":"https:\/\/euapp01.newsmemory.com\/lamarseillaise\/news\/wp-json\/wp\/v2\/types\/post"}],"author":[{"embeddable":true,"href":"https:\/\/euapp01.newsmemory.com\/lamarseillaise\/news\/wp-json\/wp\/v2\/users\/1"}],"replies":[{"embeddable":true,"href":"https:\/\/euapp01.newsmemory.com\/lamarseillaise\/news\/wp-json\/wp\/v2\/comments?post=36131"}],"version-history":[{"count":1,"href":"https:\/\/euapp01.newsmemory.com\/lamarseillaise\/news\/wp-json\/wp\/v2\/posts\/36131\/revisions"}],"predecessor-version":[{"id":36133,"href":"https:\/\/euapp01.newsmemory.com\/lamarseillaise\/news\/wp-json\/wp\/v2\/posts\/36131\/revisions\/36133"}],"wp:featuredmedia":[{"embeddable":true,"href":"https:\/\/euapp01.newsmemory.com\/lamarseillaise\/news\/wp-json\/wp\/v2\/media\/36132"}],"wp:attachment":[{"href":"https:\/\/euapp01.newsmemory.com\/lamarseillaise\/news\/wp-json\/wp\/v2\/media?parent=36131"}],"wp:term":[{"taxonomy":"category","embeddable":true,"href":"https:\/\/euapp01.newsmemory.com\/lamarseillaise\/news\/wp-json\/wp\/v2\/categories?post=36131"},{"taxonomy":"post_tag","embeddable":true,"href":"https:\/\/euapp01.newsmemory.com\/lamarseillaise\/news\/wp-json\/wp\/v2\/tags?post=36131"},{"taxonomy":"news-destination","embeddable":true,"href":"https:\/\/euapp01.newsmemory.com\/lamarseillaise\/news\/wp-json\/wp\/v2\/news-destination?post=36131"},{"taxonomy":"news-source","embeddable":true,"href":"https:\/\/euapp01.newsmemory.com\/lamarseillaise\/news\/wp-json\/wp\/v2\/news-source?post=36131"},{"taxonomy":"is_homepage","embeddable":true,"href":"https:\/\/euapp01.newsmemory.com\/lamarseillaise\/news\/wp-json\/wp\/v2\/is_homepage?post=36131"},{"taxonomy":"ta_other","embeddable":true,"href":"https:\/\/euapp01.newsmemory.com\/lamarseillaise\/news\/wp-json\/wp\/v2\/ta_other?post=36131"}],"curies":[{"name":"wp","href":"https:\/\/api.w.org\/{rel}","templated":true}]}}