{"id":36128,"date":"2026-07-12T17:50:00","date_gmt":"2026-07-12T15:50:00","guid":{"rendered":"https:\/\/euapp01.newsmemory.com\/lamarseillaise\/news\/?p=36128"},"modified":"2026-07-18T13:11:47","modified_gmt":"2026-07-18T11:11:47","slug":"cest-reparti-pour-une-nouvelle-tournee-dete-la-marseillaise","status":"publish","type":"post","link":"https:\/\/euapp01.newsmemory.com\/lamarseillaise\/news\/2026\/07\/12\/cest-reparti-pour-une-nouvelle-tournee-dete-la-marseillaise\/","title":{"rendered":"C\u2019est reparti pour une nouvelle Tourn\u00e9e d\u2019\u00e9t\u00e9 La Marseillaise"},"content":{"rendered":"<div class=\"paragraph\">\n<p>C\u2019est reparti pour un tour\u00a0! <a rel=\"nofollow noopener noreferrer\" href=\"https:\/\/\/lamarseillaise\/news\/wp-content\/uploads\/sites\/2\/2026\/07\/TELM26.f1b2cc71e89a4f6890aed8cdfe954fe5.pdf\" target=\"_blank\">La Tourn\u00e9e estivale de<i> La<\/i><\/a><a rel=\"nofollow noopener noreferrer\" href=\"https:\/\/\/lamarseillaise\/news\/wp-content\/uploads\/sites\/2\/2026\/07\/TELM26.f1b2cc71e89a4f6890aed8cdfe954fe5.pdf\" target=\"_blank\"><i>\u00a0<\/i><i>Marseillaise<\/i><\/a><a rel=\"nofollow noopener noreferrer\" href=\"https:\/\/\/lamarseillaise\/news\/wp-content\/uploads\/sites\/2\/2026\/07\/TELM26.f1b2cc71e89a4f6890aed8cdfe954fe5.pdf\" target=\"_blank\"> <\/a>d\u00e9bute lundi 13\u00a0juillet. Organis\u00e9s depuis pr\u00e8s de cinquante ans, ces concerts aux allures de grande f\u00eate populaire r\u00e9unissent petits et grands dans une ambiance chaleureuse. Trois plateaux artistiques originaux sont pr\u00e9vus, m\u00ealant groupes live, hommages, DJ sets et performances interactives.<\/p>\n<p>Au programme de la premi\u00e8re date \u00e0 Rousset\u00a0: le groupe de musique Jukebox Connexion, d\u00e9j\u00e0 pr\u00e9sent lors de la derni\u00e8re \u00e9dition, propose un concert participatif et invite le public \u00e0 choisir ses chansons. En deuxi\u00e8me partie de soir\u00e9e, c\u2019est DJ Spencer qui prend le relais avec de la musique house. La soir\u00e9e, qui d\u00e9bute \u00e0 20h30, se tiendra devant l\u2019h\u00f4tel de Ville.<\/p>\n<p>La tourn\u00e9e se poursuit tout au long de l\u2019\u00e9t\u00e9 dans plusieurs communes de Provence. Au total\u00a0: dix dates sont propos\u00e9es au public. Comme au Rove, o\u00f9 le concert se d\u00e9roule boulevard de la Carrairade. Sur sc\u00e8ne, Jukebox Connexion sera cette fois suivi de Jean-Marc Sicky, DJ de la r\u00e9gion, et du Magic Queen Tribute Queen, groupe suisse qui redonne vie aux musiques de Queen sur sc\u00e8ne.<\/p>\n<\/p><\/div>\n<div class=\"intext\"> Des airs bien connus\n              <\/div>\n<div class=\"paragraph\">\n<p>En effet, le public pourra chanter sur des chansons qu\u2019il conna\u00eet bien. Plusieurs \u00ab\u00a0tributes\u00a0\u00bb (groupes d\u2019hommage \u00e0 des artistes) de chanson fran\u00e7aise ou internationale sont pr\u00e9sents. Parmi eux, Tribute Jean-Jacques Goldman \u00e0 Saint-Martin le 23\u00a0juillet. Pour les fans de Michel Berger, c\u2019est un Tribute qui performera \u00e0 Sept\u00e8mes le 26\u00a0juillet.<\/p>\n<p>La majorit\u00e9 des soir\u00e9es se cl\u00f4tureront par un DJ set. DJ Bobzilla, de son vrai nom Bob Assolen, se produira \u00e0 Port-de-Bouc, \u00e0 Martigues et pour deux dates \u00e0 Marseille les 3 et 28\u00a0ao\u00fbt. \u00c0 Sept\u00e8mes, c\u2019est le DJ marseillais Herbie Lite qui prendra le relais sur sc\u00e8ne avec une musique qui m\u00eale la soul, la Motown, le disco et la house.<\/p>\n<p>D\u2019autres artistes aux genres musicaux divers sont \u00e9galement \u00e0 retrouver tout au long des mois de juillet et d\u2019ao\u00fbt. Parmi eux\u00a0: Sabotaage, qui se produira \u00e0 Martigues et \u00e0 Marseille, ou encore Chinese Man Records. Le trio musical, vieux de 20\u00a0ans, montera sur la sc\u00e8ne de la place Jean-Jaur\u00e8s \u00e0 Marseille, le 29\u00a0juillet.<\/p>\n<p>Totalement gratuite, la tourn\u00e9e avait r\u00e9uni l\u2019ann\u00e9e derni\u00e8re plusieurs milliers de personnes.<\/p>\n<\/p><\/div>\n","protected":false},"excerpt":{"rendered":"C&rsquo;est reparti pour un tour&nbsp;! La Tourn&eacute;e estivale de La&nbsp;Marseillaise d&eacute;bute lundi 13&nbsp;juillet. Organis&eacute;s depuis pr&egrave;s de cinquante ans, ces concerts aux allures de grande f&ecirc;te populaire &#8230;","protected":false},"author":1,"featured_media":36129,"comment_status":"open","ping_status":"open","sticky":false,"template":"","format":"standard","meta":{"footnotes":""},"categories":[3926,3925,32],"tags":[10,34,3324,1279],"news-destination":[3944],"news-source":[475],"is_homepage":[],"ta_other":[],"class_list":["post-36128","post","type-post","status-publish","format-standard","has-post-thumbnail","hentry","category-accueil-merge","category-accueil-third","category-culture","tag-bouches-du-rhone","tag-concert","tag-rousset","tag-tournee-dete-la-marseillaise","news-destination-homepage","news-source-website"],"_links":{"self":[{"href":"https:\/\/euapp01.newsmemory.com\/lamarseillaise\/news\/wp-json\/wp\/v2\/posts\/36128","targetHints":{"allow":["GET"]}}],"collection":[{"href":"https:\/\/euapp01.newsmemory.com\/lamarseillaise\/news\/wp-json\/wp\/v2\/posts"}],"about":[{"href":"https:\/\/euapp01.newsmemory.com\/lamarseillaise\/news\/wp-json\/wp\/v2\/types\/post"}],"author":[{"embeddable":true,"href":"https:\/\/euapp01.newsmemory.com\/lamarseillaise\/news\/wp-json\/wp\/v2\/users\/1"}],"replies":[{"embeddable":true,"href":"https:\/\/euapp01.newsmemory.com\/lamarseillaise\/news\/wp-json\/wp\/v2\/comments?post=36128"}],"version-history":[{"count":1,"href":"https:\/\/euapp01.newsmemory.com\/lamarseillaise\/news\/wp-json\/wp\/v2\/posts\/36128\/revisions"}],"predecessor-version":[{"id":36130,"href":"https:\/\/euapp01.newsmemory.com\/lamarseillaise\/news\/wp-json\/wp\/v2\/posts\/36128\/revisions\/36130"}],"wp:featuredmedia":[{"embeddable":true,"href":"https:\/\/euapp01.newsmemory.com\/lamarseillaise\/news\/wp-json\/wp\/v2\/media\/36129"}],"wp:attachment":[{"href":"https:\/\/euapp01.newsmemory.com\/lamarseillaise\/news\/wp-json\/wp\/v2\/media?parent=36128"}],"wp:term":[{"taxonomy":"category","embeddable":true,"href":"https:\/\/euapp01.newsmemory.com\/lamarseillaise\/news\/wp-json\/wp\/v2\/categories?post=36128"},{"taxonomy":"post_tag","embeddable":true,"href":"https:\/\/euapp01.newsmemory.com\/lamarseillaise\/news\/wp-json\/wp\/v2\/tags?post=36128"},{"taxonomy":"news-destination","embeddable":true,"href":"https:\/\/euapp01.newsmemory.com\/lamarseillaise\/news\/wp-json\/wp\/v2\/news-destination?post=36128"},{"taxonomy":"news-source","embeddable":true,"href":"https:\/\/euapp01.newsmemory.com\/lamarseillaise\/news\/wp-json\/wp\/v2\/news-source?post=36128"},{"taxonomy":"is_homepage","embeddable":true,"href":"https:\/\/euapp01.newsmemory.com\/lamarseillaise\/news\/wp-json\/wp\/v2\/is_homepage?post=36128"},{"taxonomy":"ta_other","embeddable":true,"href":"https:\/\/euapp01.newsmemory.com\/lamarseillaise\/news\/wp-json\/wp\/v2\/ta_other?post=36128"}],"curies":[{"name":"wp","href":"https:\/\/api.w.org\/{rel}","templated":true}]}}