{"id":36123,"date":"2026-07-12T12:01:00","date_gmt":"2026-07-12T10:01:00","guid":{"rendered":"https:\/\/euapp01.newsmemory.com\/lamarseillaise\/news\/?p=36123"},"modified":"2026-07-18T13:11:47","modified_gmt":"2026-07-18T11:11:47","slug":"exposition-achille-emperaire-leternel-ami-de-cezanne","status":"publish","type":"post","link":"https:\/\/euapp01.newsmemory.com\/lamarseillaise\/news\/2026\/07\/12\/exposition-achille-emperaire-leternel-ami-de-cezanne\/","title":{"rendered":"[Exposition] Achille Emperaire, l\u2019\u00e9ternel ami de C\u00e9zanne"},"content":{"rendered":"<div class=\"paragraph\">\n<p>N\u00e9 \u00e0 Aix en 1829, de dix ans plus \u00e2g\u00e9 que C\u00e9zanne, Emperaire poursuivit pendant toute sa vie le r\u00eave d\u2019accro\u00eetre sa taille. 148 centim\u00e8tres, il \u00e9tait bossu et minuscule. L\u2019un de ses ateliers comportait un trap\u00e8ze et des agr\u00e8s\u00a0: il effectuait quotidiennement des \u00e9tirements. Il v\u00e9cut \u00e0 Paris, tenta d\u2019imposer sa peinture. C\u00e9zanne, Gasquet et Zola l\u2019estimaient. Le jury du Salon et les galeries refus\u00e8rent de l\u2019exposer.<\/p>\n<p>Sa cinquantaine pass\u00e9e marqua son retour d\u00e9finitif \u00e0 Aix-en-Provence. Dans une lettre, il \u00e9crivait que \u00ab\u00a0<i>Paris est un vaste tombeau, un simple et terrible mirage<\/i>\u00a0\u00bb. Pendant l\u2019\u00e9t\u00e9 1870, il arriva qu\u2019Emperaire s\u2019offre un moment de baignade dans le bassin du Jas de Bouffan. Une robe de chambre, des babouches et un tabouret lui furent r\u00e9serv\u00e9s pour qu\u2019il prenne la pose. C\u00e9zanne avait choisi l\u2019un de ses plus hauts formats (200 x 100 cm) pour saluer la m\u00e9lancolie de son ami.<\/p>\n<p>Il avait \u00e0 peine de quoi acheter des couleurs. Certaines de ses toiles sont peintes recto-verso. C\u2019est le cas du tableau de l\u2019affiche de l\u2019exposition de Vincent Bercker o\u00f9 l\u2019on d\u00e9couvre des peintures de petit format, des fusains et des sanguines, principalement des nus f\u00e9minins.<\/p>\n<p>Entre Fragonard <br \/>et Seurat<\/p>\n<p>Ce peintre, qui accompagna quelquefois C\u00e9zanne sur le motif du c\u00f4t\u00e9 de Ch\u00e2teau Noir, rel\u00e8ve \u00e0 la fois du XVIII<sup>e<\/sup>\u00a0si\u00e8cle et d\u2019une grande modernit\u00e9. Ses nus peuvent \u00e9voquer Fragonard. Les formes g\u00e9n\u00e9reuses et g\u00e9om\u00e9triques qu\u2019il agence anticipent Matisse, ses nocturnes font songer aux noirs et blancs de Seurat.<\/p>\n<p>Achille Emperaire mourut le 8\u00a0janvier\u00a01898. Il avait 68\u00a0ans. Apr\u00e8s la Seconde Guerre mondiale, un fonctionnaire de la mairie qui s\u2019appelait Victor Nicolas, l\u2019antiquaire Rapha\u00ebl Chipota, Jean Leymarie, qui pr\u00e9fa\u00e7a en 1953 une plaquette des Amis des Arts, propos\u00e8rent une exposition. En 2013, un catalogue rassembla son iconographie ainsi qu\u2019un maximum de renseignements.<\/p>\n<p>Autrefois, dans une salle du mus\u00e9e Granet, gr\u00e2ce \u00e0 Louis Malbos qui fut son conservateur, figuraient plusieurs travaux d\u2019Emperaire. La r\u00e9novation du mus\u00e9e provoqua le transport vers Nice d\u2019une partie de la collection. Des fuites d\u2019eaux naufrag\u00e8rent le grand format d\u2019un \u00ab\u00a0Duel\u00a0\u00bb qui sc\u00e9nographiait deux mousquetaires. On aimerait savoir ce que sont devenus d\u2019autres tableaux d\u2019Emperaire\u00a0: un grand <i>Nu couch\u00e9<\/i><i>\u00a0<\/i>f\u00e9minin, un paysage bleut\u00e9 de la campagne d\u2019Aix, ainsi que les ocres de <i>Nature morte, pichet, palette et fruits<\/i>.<\/p>\n<\/p><\/div>\n<div class=\"paragraph\">\n<p><i><\/i><\/p>\n<p><i>Exposition \u00ab<\/i><i>\u00a0<\/i><i>Achille Emperaire<\/i><i>\u00a0<\/i><i>\u00bb chez Vincent Bercker, 10 rue Matheron, Aix-en-Provence. Acc\u00e8s libre. <br \/>\u00c0 d\u00e9couvrir jusqu\u2019au 31<\/i><i>\u00a0<\/i><i>juillet.<\/i><\/p>\n<\/p><\/div>\n","protected":false},"excerpt":{"rendered":"N&eacute; &agrave; Aix en 1829, de dix ans plus &acirc;g&eacute; que C&eacute;zanne, Emperaire poursuivit pendant toute sa vie le r&ecirc;ve d&rsquo;accro&icirc;tre sa taille. 148 centim&egrave;tres, il &eacute;tait bossu et minuscule. L&rsquo;un de &#8230;","protected":false},"author":1,"featured_media":36124,"comment_status":"open","ping_status":"open","sticky":false,"template":"","format":"standard","meta":{"footnotes":""},"categories":[3926,3925,32,20],"tags":[556,10,3406,3338,279,153,1295,502,335,988,2001],"news-destination":[3944],"news-source":[475],"is_homepage":[],"ta_other":[],"class_list":["post-36123","post","type-post","status-publish","format-standard","has-post-thumbnail","hentry","category-accueil-merge","category-accueil-third","category-culture","category-societe","tag-aix-en-provence","tag-bouches-du-rhone","tag-dessin","tag-dessins","tag-exposition","tag-musee","tag-paul-cezanne","tag-peinture","tag-portrait","tag-week-end","tag-weekend","news-destination-homepage","news-source-website"],"_links":{"self":[{"href":"https:\/\/euapp01.newsmemory.com\/lamarseillaise\/news\/wp-json\/wp\/v2\/posts\/36123","targetHints":{"allow":["GET"]}}],"collection":[{"href":"https:\/\/euapp01.newsmemory.com\/lamarseillaise\/news\/wp-json\/wp\/v2\/posts"}],"about":[{"href":"https:\/\/euapp01.newsmemory.com\/lamarseillaise\/news\/wp-json\/wp\/v2\/types\/post"}],"author":[{"embeddable":true,"href":"https:\/\/euapp01.newsmemory.com\/lamarseillaise\/news\/wp-json\/wp\/v2\/users\/1"}],"replies":[{"embeddable":true,"href":"https:\/\/euapp01.newsmemory.com\/lamarseillaise\/news\/wp-json\/wp\/v2\/comments?post=36123"}],"version-history":[{"count":1,"href":"https:\/\/euapp01.newsmemory.com\/lamarseillaise\/news\/wp-json\/wp\/v2\/posts\/36123\/revisions"}],"predecessor-version":[{"id":36125,"href":"https:\/\/euapp01.newsmemory.com\/lamarseillaise\/news\/wp-json\/wp\/v2\/posts\/36123\/revisions\/36125"}],"wp:featuredmedia":[{"embeddable":true,"href":"https:\/\/euapp01.newsmemory.com\/lamarseillaise\/news\/wp-json\/wp\/v2\/media\/36124"}],"wp:attachment":[{"href":"https:\/\/euapp01.newsmemory.com\/lamarseillaise\/news\/wp-json\/wp\/v2\/media?parent=36123"}],"wp:term":[{"taxonomy":"category","embeddable":true,"href":"https:\/\/euapp01.newsmemory.com\/lamarseillaise\/news\/wp-json\/wp\/v2\/categories?post=36123"},{"taxonomy":"post_tag","embeddable":true,"href":"https:\/\/euapp01.newsmemory.com\/lamarseillaise\/news\/wp-json\/wp\/v2\/tags?post=36123"},{"taxonomy":"news-destination","embeddable":true,"href":"https:\/\/euapp01.newsmemory.com\/lamarseillaise\/news\/wp-json\/wp\/v2\/news-destination?post=36123"},{"taxonomy":"news-source","embeddable":true,"href":"https:\/\/euapp01.newsmemory.com\/lamarseillaise\/news\/wp-json\/wp\/v2\/news-source?post=36123"},{"taxonomy":"is_homepage","embeddable":true,"href":"https:\/\/euapp01.newsmemory.com\/lamarseillaise\/news\/wp-json\/wp\/v2\/is_homepage?post=36123"},{"taxonomy":"ta_other","embeddable":true,"href":"https:\/\/euapp01.newsmemory.com\/lamarseillaise\/news\/wp-json\/wp\/v2\/ta_other?post=36123"}],"curies":[{"name":"wp","href":"https:\/\/api.w.org\/{rel}","templated":true}]}}