{"id":36118,"date":"2026-07-12T11:13:00","date_gmt":"2026-07-12T09:13:00","guid":{"rendered":"https:\/\/euapp01.newsmemory.com\/lamarseillaise\/news\/?p=36118"},"modified":"2026-07-18T12:44:01","modified_gmt":"2026-07-18T10:44:01","slug":"solidarite-internationale-avec-le-peuple-cubain","status":"publish","type":"post","link":"https:\/\/euapp01.newsmemory.com\/lamarseillaise\/news\/2026\/07\/12\/solidarite-internationale-avec-le-peuple-cubain\/","title":{"rendered":"Solidarit\u00e9 internationale avec le peuple cubain"},"content":{"rendered":"<div class=\"paragraph\">\n<p>Le 6 juin 2026, le Conseil municipal de Montpellier a adopt\u00e9 \u00e0 l\u2019unanimit\u00e9 un v\u0153u condamnant le blocus \u00e9conomique, commercial et financier impos\u00e9 par les Etats-Unis contre Cuba, d\u00e9pos\u00e9 par le groupe de la France Insoumise et des verts populaires. De fait, depuis le mois de janvier, la situation humanitaire \u00e0 Cuba s\u2019est consid\u00e9rablement aggrav\u00e9e.<\/p>\n<p><i>\u00ab Le but des \u00c9tats-Unis de Trump, aujourd\u2019hui, est d\u2019asphyxier Cuba pour faire tomber le r\u00e9gime de solidarit\u00e9 et ajouter une nouvelle \u00e9toile \u00e0 son drapeau \u00bb<\/i>, se r\u00e9volte Nadia Mateu, membre de l\u2019association France Cuba H\u00e9rault. Ce jeudi 2 janvier, elle \u00e9tait aux c\u00f4t\u00e9s du Secours Populaire et de deux autres associations (Cuba Coop\u00e9ration et Montpellier Cuba Solidarit\u00e9), pour donner une conf\u00e9rence de presse sur l\u2019urgence d\u2019agir en solidarit\u00e9 avec le peuple cubain.<i> \u00ab Les probl\u00e8mes les plus urgents concernent l\u2019\u00e9nergie et l\u2019alimentation,<\/i> explique Henri Sierra, de Cuba Coop\u00e9ration. <i>M\u00eame si les associations de solidarit\u00e9 envoient des denr\u00e9es, le probl\u00e8me c\u2019est que les transporteurs ne veulent plus envoyer de conteneurs, par peur des sanctions am\u00e9ricaines. \u00bb<\/i><\/p>\n<p><i><\/i><\/p>\n<\/p><\/div>\n<div class=\"intext\"> Coop\u00e9ration internationale\n              <\/div>\n<div class=\"paragraph\">\n<p>L\u2019\u00e9nergie est une pr\u00e9occupation majeure \u00e0 Cuba, car le blocus sur le p\u00e9trole entra\u00eene des coupures de courant r\u00e9guli\u00e8res, le rationnement de l\u2019essence et la hausse des prix. <i>\u00ab Cela impacte toute la soci\u00e9t\u00e9<\/i>, affirme Henri Sierra. <i>C\u2019est notamment la raison pour laquelle, certaines interventions m\u00e9dicales ne peuvent plus \u00eatre r\u00e9alis\u00e9es. \u00bb<\/i> Avec le soutien des trois associations h\u00e9raultaises, le secours populaire a donc lanc\u00e9 une campagne de don dans le but de faire installer 1000 panneaux publicitaires dans diff\u00e9rents lieux collectifs sur l\u2019\u00eele. De son c\u00f4t\u00e9, Jean-Michel Gramont, de Montpellier Cuba solidarit\u00e9, rappelle, \u00e9mu aux larmes, qu\u2019il ne s\u2019agit pas d\u2019une \u00ab crise humanitaire \u00bb mais bien d\u2019un. Ensemble, les trois associations pr\u00e9voient une grande r\u00e9union publique au d\u00e9but du mois de septembre, pour continuer de faire vivre la solidarit\u00e9 entre les peuples.<\/p>\n<\/p><\/div>\n","protected":false},"excerpt":{"rendered":"Le 6 juin 2026, le Conseil municipal de Montpellier a adopt&eacute; &agrave; l&rsquo;unanimit&eacute; un v&oelig;u condamnant le blocus &eacute;conomique, commercial et financier impos&eacute; par les Etats-Unis contre Cuba, d&eacute;pos&eacute; par &#8230;","protected":false},"author":1,"featured_media":36119,"comment_status":"open","ping_status":"open","sticky":false,"template":"","format":"standard","meta":{"footnotes":""},"categories":[3926,3925,20],"tags":[138,1503,3190,239,240,260],"news-destination":[3944],"news-source":[475],"is_homepage":[],"ta_other":[],"class_list":["post-36118","post","type-post","status-publish","format-standard","has-post-thumbnail","hentry","category-accueil-merge","category-accueil-third","category-societe","tag-associations","tag-blocus","tag-cuba","tag-herault","tag-montpellier","tag-solidarite","news-destination-homepage","news-source-website"],"_links":{"self":[{"href":"https:\/\/euapp01.newsmemory.com\/lamarseillaise\/news\/wp-json\/wp\/v2\/posts\/36118","targetHints":{"allow":["GET"]}}],"collection":[{"href":"https:\/\/euapp01.newsmemory.com\/lamarseillaise\/news\/wp-json\/wp\/v2\/posts"}],"about":[{"href":"https:\/\/euapp01.newsmemory.com\/lamarseillaise\/news\/wp-json\/wp\/v2\/types\/post"}],"author":[{"embeddable":true,"href":"https:\/\/euapp01.newsmemory.com\/lamarseillaise\/news\/wp-json\/wp\/v2\/users\/1"}],"replies":[{"embeddable":true,"href":"https:\/\/euapp01.newsmemory.com\/lamarseillaise\/news\/wp-json\/wp\/v2\/comments?post=36118"}],"version-history":[{"count":1,"href":"https:\/\/euapp01.newsmemory.com\/lamarseillaise\/news\/wp-json\/wp\/v2\/posts\/36118\/revisions"}],"predecessor-version":[{"id":36120,"href":"https:\/\/euapp01.newsmemory.com\/lamarseillaise\/news\/wp-json\/wp\/v2\/posts\/36118\/revisions\/36120"}],"wp:featuredmedia":[{"embeddable":true,"href":"https:\/\/euapp01.newsmemory.com\/lamarseillaise\/news\/wp-json\/wp\/v2\/media\/36119"}],"wp:attachment":[{"href":"https:\/\/euapp01.newsmemory.com\/lamarseillaise\/news\/wp-json\/wp\/v2\/media?parent=36118"}],"wp:term":[{"taxonomy":"category","embeddable":true,"href":"https:\/\/euapp01.newsmemory.com\/lamarseillaise\/news\/wp-json\/wp\/v2\/categories?post=36118"},{"taxonomy":"post_tag","embeddable":true,"href":"https:\/\/euapp01.newsmemory.com\/lamarseillaise\/news\/wp-json\/wp\/v2\/tags?post=36118"},{"taxonomy":"news-destination","embeddable":true,"href":"https:\/\/euapp01.newsmemory.com\/lamarseillaise\/news\/wp-json\/wp\/v2\/news-destination?post=36118"},{"taxonomy":"news-source","embeddable":true,"href":"https:\/\/euapp01.newsmemory.com\/lamarseillaise\/news\/wp-json\/wp\/v2\/news-source?post=36118"},{"taxonomy":"is_homepage","embeddable":true,"href":"https:\/\/euapp01.newsmemory.com\/lamarseillaise\/news\/wp-json\/wp\/v2\/is_homepage?post=36118"},{"taxonomy":"ta_other","embeddable":true,"href":"https:\/\/euapp01.newsmemory.com\/lamarseillaise\/news\/wp-json\/wp\/v2\/ta_other?post=36118"}],"curies":[{"name":"wp","href":"https:\/\/api.w.org\/{rel}","templated":true}]}}