{"id":36115,"date":"2026-07-12T11:14:00","date_gmt":"2026-07-12T09:14:00","guid":{"rendered":"https:\/\/euapp01.newsmemory.com\/lamarseillaise\/news\/?p=36115"},"modified":"2026-07-18T13:11:47","modified_gmt":"2026-07-18T11:11:47","slug":"fibre-excellence-un-ultime-delai-pour-loffre-de-reprise","status":"publish","type":"post","link":"https:\/\/euapp01.newsmemory.com\/lamarseillaise\/news\/2026\/07\/12\/fibre-excellence-un-ultime-delai-pour-loffre-de-reprise\/","title":{"rendered":"Fibre Excellence&nbsp;: un ultime d\u00e9lai pour l\u2019offre de reprise"},"content":{"rendered":"<div class=\"paragraph\">\n<p>Le tribunal de commerce de Toulouse a repouss\u00e9 au 27\u00a0juillet l\u2019examen de l\u2019offre de reprise de Fibre Excellence d\u00e9pos\u00e9e par Matthieu Pigasse, accordant un ultime sursis au groupe papetier en redressement judiciaire. Ce d\u00e9lai doit permettre de \u00ab\u00a0<i>demander \u00e0 l\u2019\u00c9tat des ajustements techniques pour sauver toute une fili\u00e8re, deux usines et des emplois<\/i>\u00a0\u00bb, a expliqu\u00e9 Matthieu Levieille, directeur g\u00e9n\u00e9ral de Combat Holding.<\/p>\n<p>Le tribunal a pr\u00e9venu qu\u2019il s\u2019agissait de la \u00ab\u00a0<i>derni\u00e8re<\/i>\u00a0\u00bb offre pour les usines de Saint-Gaudens et de Tarascon, \u00e0 l\u2019arr\u00eat depuis avril, selon C\u00e9dric Bye, d\u00e9l\u00e9gu\u00e9 CGT. Le syndicat r\u00e9clame un soutien de l\u2019\u00c9tat sur l\u2019approvisionnement en bois, les quotas carbone et le prix de l\u2019\u00e9lectricit\u00e9.<\/p>\n<\/p><\/div>\n<div class=\"intext\"> \u00ab\u00a0Reprendre les \u00e9changes\u00a0\u00bb avec Bercy\n              <\/div>\n<div class=\"paragraph\">\n<p>Combat Holding, \u00e0 la t\u00eate d\u2019un consortium d\u2019investisseurs, dit avoir eu peu d\u2019\u00e9changes avec le minist\u00e8re. \u00ab\u00a0<i>On attend de l\u2019\u00c9tat une saisie tr\u00e8s rapide du dossier<\/i><i>\u00a0<\/i>\u00bb, a insist\u00e9 Matthieu Levieille. \u00c0 Bercy, l\u2019entourage du ministre S\u00e9bastien Martin renvoie toutefois la balle au repreneur\u00a0: les collectivit\u00e9s ont pr\u00e9cis\u00e9 leur soutien, mais Matthieu Pigasse doit \u00ab\u00a0<i>transformer les promesses en financements<\/i>\u00a0\u00bb.<\/p>\n<p>D\u00e9pos\u00e9e \u00e0 la derni\u00e8re minute, l\u2019offre pr\u00e9voit la reprise du groupe et de ses 660\u00a0salari\u00e9s pour un euro symbolique, accompagn\u00e9e de 107\u00a0millions d\u2019euros d\u2019investissements. Le projet vise aussi \u00e0 pr\u00e9server entre 5\u00a0000 et 10\u00a0000\u00a0emplois indirects dans la fili\u00e8re bois et papier. Le financement repose sur Combat Holding, des fonds r\u00e9gionaux, des aides \u00e9nerg\u00e9tiques ainsi que des pr\u00eats publics et bancaires. \u00ab\u00a0<i>C\u2019est un actif industriel unique \u00e0 pr\u00e9server<\/i>\u00a0\u00bb, a soulign\u00e9 Matthieu Levieille. Le plan d\u2019affaires devrait s\u2019\u00e9taler en quatre phases jusqu\u2019en 2035.<\/p>\n<\/p><\/div>\n","protected":false},"excerpt":{"rendered":"Le tribunal de commerce de Toulouse a repouss&eacute; au 27&nbsp;juillet l&rsquo;examen de l&rsquo;offre de reprise de Fibre Excellence d&eacute;pos&eacute;e par Matthieu Pigasse, accordant un ultime sursis au groupe papetier en redressement &#8230;","protected":false},"author":1,"featured_media":36116,"comment_status":"open","ping_status":"open","sticky":false,"template":"","format":"standard","meta":{"footnotes":""},"categories":[3926,3925,338,331],"tags":[3585,113,302,4279,624,284,5422,3316],"news-destination":[3944],"news-source":[475],"is_homepage":[],"ta_other":[],"class_list":["post-36115","post","type-post","status-publish","format-standard","has-post-thumbnail","hentry","category-accueil-merge","category-accueil-third","category-economie","category-social","tag-bois","tag-cgt","tag-emploi","tag-fibre-excellence","tag-industrie","tag-occitanie","tag-redressement-judiciaire","tag-reprise","news-destination-homepage","news-source-website"],"_links":{"self":[{"href":"https:\/\/euapp01.newsmemory.com\/lamarseillaise\/news\/wp-json\/wp\/v2\/posts\/36115","targetHints":{"allow":["GET"]}}],"collection":[{"href":"https:\/\/euapp01.newsmemory.com\/lamarseillaise\/news\/wp-json\/wp\/v2\/posts"}],"about":[{"href":"https:\/\/euapp01.newsmemory.com\/lamarseillaise\/news\/wp-json\/wp\/v2\/types\/post"}],"author":[{"embeddable":true,"href":"https:\/\/euapp01.newsmemory.com\/lamarseillaise\/news\/wp-json\/wp\/v2\/users\/1"}],"replies":[{"embeddable":true,"href":"https:\/\/euapp01.newsmemory.com\/lamarseillaise\/news\/wp-json\/wp\/v2\/comments?post=36115"}],"version-history":[{"count":1,"href":"https:\/\/euapp01.newsmemory.com\/lamarseillaise\/news\/wp-json\/wp\/v2\/posts\/36115\/revisions"}],"predecessor-version":[{"id":36117,"href":"https:\/\/euapp01.newsmemory.com\/lamarseillaise\/news\/wp-json\/wp\/v2\/posts\/36115\/revisions\/36117"}],"wp:featuredmedia":[{"embeddable":true,"href":"https:\/\/euapp01.newsmemory.com\/lamarseillaise\/news\/wp-json\/wp\/v2\/media\/36116"}],"wp:attachment":[{"href":"https:\/\/euapp01.newsmemory.com\/lamarseillaise\/news\/wp-json\/wp\/v2\/media?parent=36115"}],"wp:term":[{"taxonomy":"category","embeddable":true,"href":"https:\/\/euapp01.newsmemory.com\/lamarseillaise\/news\/wp-json\/wp\/v2\/categories?post=36115"},{"taxonomy":"post_tag","embeddable":true,"href":"https:\/\/euapp01.newsmemory.com\/lamarseillaise\/news\/wp-json\/wp\/v2\/tags?post=36115"},{"taxonomy":"news-destination","embeddable":true,"href":"https:\/\/euapp01.newsmemory.com\/lamarseillaise\/news\/wp-json\/wp\/v2\/news-destination?post=36115"},{"taxonomy":"news-source","embeddable":true,"href":"https:\/\/euapp01.newsmemory.com\/lamarseillaise\/news\/wp-json\/wp\/v2\/news-source?post=36115"},{"taxonomy":"is_homepage","embeddable":true,"href":"https:\/\/euapp01.newsmemory.com\/lamarseillaise\/news\/wp-json\/wp\/v2\/is_homepage?post=36115"},{"taxonomy":"ta_other","embeddable":true,"href":"https:\/\/euapp01.newsmemory.com\/lamarseillaise\/news\/wp-json\/wp\/v2\/ta_other?post=36115"}],"curies":[{"name":"wp","href":"https:\/\/api.w.org\/{rel}","templated":true}]}}