{"id":36112,"date":"2026-07-12T11:14:00","date_gmt":"2026-07-12T09:14:00","guid":{"rendered":"https:\/\/euapp01.newsmemory.com\/lamarseillaise\/news\/?p=36112"},"modified":"2026-07-18T13:11:47","modified_gmt":"2026-07-18T11:11:47","slug":"un-mondial-qui-reveille-les-pires-instincts-racistes","status":"publish","type":"post","link":"https:\/\/euapp01.newsmemory.com\/lamarseillaise\/news\/2026\/07\/12\/un-mondial-qui-reveille-les-pires-instincts-racistes\/","title":{"rendered":"Un Mondial qui r\u00e9veille les pires instincts racistes"},"content":{"rendered":"<div class=\"paragraph\">\n<p>S\u2019il y avait des doutes avant le d\u00e9but de la Coupe du monde sur l\u2019ambiance et l\u2019attractivit\u00e9 de la comp\u00e9tition, force est de constater qu\u2019au niveau du jeu, le Mondial est plut\u00f4t r\u00e9ussi. Les matchs sont plaisants, les stars r\u00e9pondent pr\u00e9sentes comme rarement lors d\u2019un Mondial et plusieurs \u00e9quipes jug\u00e9es plus faibles ont r\u00e9ussi de belles surprises. \u00c9limin\u00e9 en 16<sup>e<\/sup> de finale, le Cap-Vert est par exemple parvenu \u00e0 marquer de son empreinte cette \u00e9dition et pourra se targuer de n\u2019avoir perdu aucun match \u00e0 la fin du temps r\u00e9glementaire.<\/p>\n<p>Alors que l\u2019on attendait les frasques de Donald Trump (qui n\u2019a tout de m\u00eame pas pu s\u2019emp\u00eacher d\u2019intervenir pour annuler le carton rouge de Folarin Balogun, l\u2019attaquant des \u00c9tats-Unis), le pr\u00e9sident am\u00e9ricain est pour l\u2019instant rest\u00e9 discret. L\u2019\u00e9dition a en r\u00e9alit\u00e9 surtout \u00e9t\u00e9 marqu\u00e9e par plusieurs sorties racistes.<\/p>\n<p>Tout a d\u2019abord commenc\u00e9 avec l\u2019ex-joueur yougoslave, Rade Bogdanovic. Pour expliquer l\u2019erreur du d\u00e9fenseur belge Nathan Ngoy, l\u2019ancien buteur de l\u2019Atl\u00e9tico Madrid aujourd\u2019hui consultant pour la t\u00e9l\u00e9vision serbe, n\u2019a regard\u00e9 que la couleur de sa peau\u00a0: \u00ab\u00a0<i>J\u2019ai toujours dit que ces joueurs, et je ne suis pas raciste, mais que ces joueurs noirs n\u2019ont pas la concentration pour tenir plus de soixante \u00e0 quatre-vingt minutes<\/i>\u00a0\u00bb. L\u2019ancienne star allemande Bastian Schweinsteiger, chouchou d\u2019Angela Merkel \u00e0 l\u2019\u00e9poque o\u00f9 la Mannschaft \u00e9tait championne du monde, n\u2019a pas \u00e9t\u00e9 plus heureux dans ses propos en parlant de la s\u00e9lection ivoirienne comme d\u2019une \u00e9quipe \u00ab\u00a0<i>de football africain<\/i><i>\u00a0<\/i>\u00bb, \u00ab\u00a0<i>parfois peu orthodoxe, un peu sauvage, pas tout \u00e0 fait tactique<\/i><i>\u00a0<\/i>\u00bb.<\/p>\n<p>En conf\u00e9rence de presse, un journaliste n\u2019a pas non plus h\u00e9sit\u00e9 \u00e0 demander au coach et \u00e0 un joueur du S\u00e9n\u00e9gal comment ils comptaient rem\u00e9dier \u00ab\u00a0<i>aux probl\u00e8mes de concentration<\/i>\u00a0\u00bb des \u00e9quipes africaines.<\/p>\n<p>Malheureusement, ce Mondial, o\u00f9 l\u2019Afrique a brill\u00e9 puisque 9 des 10 \u00e9quipes engag\u00e9es ont pass\u00e9 le premier tour, s\u2019est donc aussi accompagn\u00e9 des pires pr\u00e9jug\u00e9s racistes.<\/p>\n<\/p><\/div>\n<div class=\"intext\"> Mbapp\u00e9, un \u00ab\u00a0Camerounais issu de la colonisation\u00a0\u00bb\n              <\/div>\n<div class=\"paragraph\">\n<p>Mais les propos les plus scandaleux sont arriv\u00e9s du Paraguay. Suite \u00e0 l\u2019\u00e9limination de l\u2019\u00e9quipe nationale contre la France (1-0), la s\u00e9natrice Celeste Amarilla a violemment attaqu\u00e9 Kylian Mbapp\u00e9. Sur X, elle \u00e9crit \u00e0 propos du num\u00e9ro 10 de l\u2019\u00e9quipe de France\u00a0: \u00ab<i>\u00a0<\/i><i>Cet abruti n\u2019a m\u00eame pas appris \u00e0 \u00e9crire. Au lieu de t\u00e9ter le lait maternel, il t\u00e9tait des noix de coco, et les \u00eatres les plus instruits qu\u2019il ait jamais entendus \u00e9taient des chimpanz\u00e9s. Un Camerounais issu de la colonisation, s\u2019effor\u00e7ant d\u00e9sesp\u00e9r\u00e9ment de passer pour un Fran\u00e7ais.<\/i>\u00a0\u00bb<\/p>\n<p>Les propos de la parlementaire membre de l\u2019opposition ont fait le tour de la plan\u00e8te. Mbapp\u00e9 a alors re\u00e7u le soutien de la Fifa, de l\u2019UEFA, de la FFF, du gouvernement paraguayen qui a pr\u00e9sent\u00e9 ses excuses \u00e0 la France, de l\u2019ONU et de nombreux responsables politiques dont le chef de l\u2019\u00c9tat fran\u00e7ais. Le parquet de Paris a m\u00eame ouvert une enqu\u00eate contre la s\u00e9natrice paraguayenne.<\/p>\n<p>Mbapp\u00e9 a tout de m\u00eame tenu \u00e0 lui r\u00e9pondre\u00a0: <i>\u00ab<\/i><i>\u00a0<\/i><i>Vous \u00eates une femme m\u00e9prisable et indigne de sa fonction. Vous ne repr\u00e9sentez pas le Paraguay, ce pays qui a transpir\u00e9 la passion et l\u2019honneur tout au long de la comp\u00e9tition. Par votre inconscience et votre racisme d\u00e9complex\u00e9, le monde entier a d\u00e9j\u00e0 oubli\u00e9 le parcours et l\u2019effort historique que vos joueurs ont r\u00e9alis\u00e9s durant cette Coupe du monde<\/i><i>\u00a0<\/i><i>\u00bb<\/i>, a r\u00e9pondu l\u2019attaquant du Real Madrid sur ses r\u00e9seaux sociaux. La s\u00e9natrice a profit\u00e9 de cette r\u00e9ponse pour r\u00e9affirmer ses propos et insulter \u00e0 nouveau le capitaine tricolore de \u00ab\u00a0<i>fils de p***<\/i><i>\u00a0<\/i>\u00bb. Ses d\u00e9clarations rappellent les chants et insultes d\u00e9j\u00e0 entendus en Argentine apr\u00e8s la victoire de l\u2019Albiceleste lors du dernier championnat du monde.<\/p>\n<p>Mais ces propos sont aussi audibles en France. Sur les r\u00e9seaux sociaux, l\u2019\u00e9quipe de France, pas assez \u00ab\u00a0<i>blanche<\/i>\u00a0\u00bb selon certains, est r\u00e9guli\u00e8rement qualifi\u00e9e \u00ab\u00a0<i>d\u2019\u00e9quipe africaine<\/i><i>\u00a0<\/i>\u00bb qui ne repr\u00e9senterait donc pas les Fran\u00e7ais. Les propos de Kylian Mbapp\u00e9 ou de Jules Kound\u00e9 contre l\u2019extr\u00eame droite ne sont pas non plus pass\u00e9s inaper\u00e7us de ce c\u00f4t\u00e9 de l\u2019\u00e9chiquier politique.<\/p>\n<p>Le football, sport le plus populaire au monde, qui se veut porteur de valeurs d\u2019inclusion et de fraternit\u00e9 a encore du travail pour changer les mentalit\u00e9s.<\/p>\n<\/p><\/div>\n","protected":false},"excerpt":{"rendered":"S&rsquo;il y avait des doutes avant le d&eacute;but de la Coupe du monde sur l&rsquo;ambiance et l&rsquo;attractivit&eacute; de la comp&eacute;tition, force est de constater qu&rsquo;au niveau du jeu, le Mondial est plut&ocirc;t r&eacute;ussi. Les &#8230;","protected":false},"author":1,"featured_media":36113,"comment_status":"open","ping_status":"open","sticky":false,"template":"","format":"standard","meta":{"footnotes":""},"categories":[3926,3925,7],"tags":[1097,575,999,276,4078,13,572,2072,1192,120,857],"news-destination":[3944],"news-source":[475],"is_homepage":[],"ta_other":[],"class_list":["post-36112","post","type-post","status-publish","format-standard","has-post-thumbnail","hentry","category-accueil-merge","category-accueil-third","category-sports","tag-coupe-du-monde","tag-emmanuel-macron","tag-equipe-de-france","tag-etats-unis","tag-fff","tag-football","tag-france","tag-mbappe","tag-monde","tag-onu","tag-racisme","news-destination-homepage","news-source-website"],"_links":{"self":[{"href":"https:\/\/euapp01.newsmemory.com\/lamarseillaise\/news\/wp-json\/wp\/v2\/posts\/36112","targetHints":{"allow":["GET"]}}],"collection":[{"href":"https:\/\/euapp01.newsmemory.com\/lamarseillaise\/news\/wp-json\/wp\/v2\/posts"}],"about":[{"href":"https:\/\/euapp01.newsmemory.com\/lamarseillaise\/news\/wp-json\/wp\/v2\/types\/post"}],"author":[{"embeddable":true,"href":"https:\/\/euapp01.newsmemory.com\/lamarseillaise\/news\/wp-json\/wp\/v2\/users\/1"}],"replies":[{"embeddable":true,"href":"https:\/\/euapp01.newsmemory.com\/lamarseillaise\/news\/wp-json\/wp\/v2\/comments?post=36112"}],"version-history":[{"count":1,"href":"https:\/\/euapp01.newsmemory.com\/lamarseillaise\/news\/wp-json\/wp\/v2\/posts\/36112\/revisions"}],"predecessor-version":[{"id":36114,"href":"https:\/\/euapp01.newsmemory.com\/lamarseillaise\/news\/wp-json\/wp\/v2\/posts\/36112\/revisions\/36114"}],"wp:featuredmedia":[{"embeddable":true,"href":"https:\/\/euapp01.newsmemory.com\/lamarseillaise\/news\/wp-json\/wp\/v2\/media\/36113"}],"wp:attachment":[{"href":"https:\/\/euapp01.newsmemory.com\/lamarseillaise\/news\/wp-json\/wp\/v2\/media?parent=36112"}],"wp:term":[{"taxonomy":"category","embeddable":true,"href":"https:\/\/euapp01.newsmemory.com\/lamarseillaise\/news\/wp-json\/wp\/v2\/categories?post=36112"},{"taxonomy":"post_tag","embeddable":true,"href":"https:\/\/euapp01.newsmemory.com\/lamarseillaise\/news\/wp-json\/wp\/v2\/tags?post=36112"},{"taxonomy":"news-destination","embeddable":true,"href":"https:\/\/euapp01.newsmemory.com\/lamarseillaise\/news\/wp-json\/wp\/v2\/news-destination?post=36112"},{"taxonomy":"news-source","embeddable":true,"href":"https:\/\/euapp01.newsmemory.com\/lamarseillaise\/news\/wp-json\/wp\/v2\/news-source?post=36112"},{"taxonomy":"is_homepage","embeddable":true,"href":"https:\/\/euapp01.newsmemory.com\/lamarseillaise\/news\/wp-json\/wp\/v2\/is_homepage?post=36112"},{"taxonomy":"ta_other","embeddable":true,"href":"https:\/\/euapp01.newsmemory.com\/lamarseillaise\/news\/wp-json\/wp\/v2\/ta_other?post=36112"}],"curies":[{"name":"wp","href":"https:\/\/api.w.org\/{rel}","templated":true}]}}