{"id":36102,"date":"2026-07-11T15:30:00","date_gmt":"2026-07-11T13:30:00","guid":{"rendered":"https:\/\/euapp01.newsmemory.com\/lamarseillaise\/news\/?p=36102"},"modified":"2026-07-17T09:45:42","modified_gmt":"2026-07-17T07:45:42","slug":"biodiversite-letau-se-resserre-sur-le-lievre-variable-alpin","status":"publish","type":"post","link":"https:\/\/euapp01.newsmemory.com\/lamarseillaise\/news\/2026\/07\/11\/biodiversite-letau-se-resserre-sur-le-lievre-variable-alpin\/","title":{"rendered":"[Biodiversit\u00e9] L\u2019\u00e9tau se resserre sur le li\u00e8vre variable alpin"},"content":{"rendered":"<div class=\"paragraph\">\n<p>Difficile d\u2019apercevoir le li\u00e8vre variable dans les Alpes\u00a0: il vit plut\u00f4t la nuit et c\u2019est un roi du camouflage avec un pelage qui blanchit en hiver. Cela pourrait \u00eatre encore plus difficile demain tant le r\u00e9chauffement climatique le pousse vers les sommets, le cantonnant \u00e0 des \u00ab\u00a0\u00eelots dans le ciel\u00a0\u00bb (\u00ab\u00a0sky islands\u00a0\u00bb, en anglais) desquels il peine \u00e0 s\u2019\u00e9chapper. Sans compter qu\u2019il entre en comp\u00e9tition avec le li\u00e8vre d\u2019Europe, qui peuple d\u2019ordinaire les plaines mais tend \u00e0 monter en altitude. C\u2019est ce que r\u00e9v\u00e8le une \u00e9tude publi\u00e9e dans <i>Global Change Biology<\/i>. \u00ab\u00a0<i>C\u2019\u00e9tait attendu mais notre mod\u00e8le offre une vision \u00e0 grande \u00e9chelle de la connectivit\u00e9 g\u00e9n\u00e9tique des deux esp\u00e8ces sur les Alpes fran\u00e7aises<\/i>\u00a0\u00bb, r\u00e9sume J\u00e9r\u00e9my Larroque, ancien chercheur au Centre d\u2019\u00e9cologie fonctionnelle et \u00e9volutive de Montpellier, aujourd\u2019hui \u00e0 l\u2019Universit\u00e9 de Lyon, et premier auteur de l\u2019\u00e9tude.<\/p>\n<p>Des analyses ADN sur des \u00e9chantillons pr\u00e9lev\u00e9s sur des individus chass\u00e9s et des crottes ramass\u00e9es sur le terrain permettent de dire o\u00f9 se trouvent les li\u00e8vres variables et les li\u00e8vres d\u2019Europe et o\u00f9 ils sont capables de passer ou pas. Il montre aussi la comp\u00e9tition entre les deux qui ne peuvent parfois pas coexister. \u00ab\u00a0<i>Nous savions que cela existait car en Scandinavie, quand le li\u00e8vre d\u2019Europe a \u00e9t\u00e9 introduit au XIX<\/i><i><sup>e<\/sup><\/i><i>\u00a0<\/i><i>si\u00e8cle, il a repouss\u00e9 le li\u00e8vre variable vers le nord<\/i>\u00a0\u00bb, souligne J\u00e9r\u00f4me Letty, charg\u00e9 de recherche \u00e0 l\u2019Office fran\u00e7ais de la biodiversit\u00e9, \u00e0 P\u00e9rols, et coauteur de l\u2019\u00e9tude. La m\u00eame chose se produit dans les Alpes, mais vers les sommets.<\/p>\n<p><b>Corridors<\/b><\/p>\n<p>Le li\u00e8vre variable pourrait-il dispara\u00eetre de nos montagnes\u00a0? \u00ab\u00a0<a href=\"https:\/\/www.lamarseillaise.fr\/societe\/a-l-echelle-des-alpes-nous-ignorons-les-effectifs-de-lievres-variables-KO20484860\"><i>Si le r\u00e9chauffement climatique se poursuit, c\u2019est une possibilit\u00e9<\/i>, estime J\u00e9r\u00f4me Letty<\/a>. <i>C\u2019est d\u2019ailleurs ce qu\u2019il s\u2019est sans doute pass\u00e9 dans les Pyr\u00e9n\u00e9es.<\/i>\u00a0\u00bb Le li\u00e8vre variable y \u00e9tait pr\u00e9sent lors de la derni\u00e8re glaciation, au Pal\u00e9olithique, avant de dispara\u00eetre. \u00ab\u00a0<i>Les Alpes sont aujourd\u2019hui la limite la plus au sud de son aire de r\u00e9partition. C\u2019est l\u00e0 qu\u2019il est le plus expos\u00e9<\/i>\u00a0\u00bb, ajoute le chercheur. De plus, l\u2019isolement des populations en altitude renforce le risque de consanguinit\u00e9 et menace la p\u00e9rennit\u00e9 de l\u2019esp\u00e8ce.<\/p>\n<p>Pour l\u2019heure, le mod\u00e8le identifie des corridors \u00e0 prot\u00e9ger \u00e0 moyenne altitude afin que le li\u00e8vre variable puisse continuer \u00e0 se disperser. \u00ab\u00a0<i>Nous pourrions imaginer y limiter le d\u00e9veloppement humain<\/i>, glisse J\u00e9r\u00e9my Larroque. <i>Mais la montagne reste un lieu avec des contraintes li\u00e9es \u00e0 l\u2019urbanisation et au tourisme.<\/i>\u00a0\u00bb Les chercheurs mentionnent aussi les l\u00e2chers de li\u00e8vres d\u2019Europe pour la chasse r\u00e9cr\u00e9ative qui pourraient favoriser l\u2019expansion de l\u2019esp\u00e8ce, au d\u00e9triment du li\u00e8vre variable. \u00ab\u00a0<i>Il n\u2019y a aucune r\u00e9glementation \u00e0 ce sujet en France<\/i>\u00a0\u00bb, \u00e9crivent les auteurs. Quant \u00e0 la hausse des temp\u00e9ratures qui pousse le li\u00e8vre variable en altitude, la solution pour y rem\u00e9dier est bien connue : limiter les \u00e9missions de gaz \u00e0 effet de serre.<\/p>\n<\/p><\/div>\n","protected":false},"excerpt":{"rendered":"Difficile d&rsquo;apercevoir le li&egrave;vre variable dans les Alpes&nbsp;: il vit plut&ocirc;t la nuit et c&rsquo;est un roi du camouflage avec un pelage qui blanchit en hiver. Cela pourrait &ecirc;tre encore plus difficile demain tant le &#8230;","protected":false},"author":1,"featured_media":36103,"comment_status":"open","ping_status":"open","sticky":false,"template":"","format":"standard","meta":{"footnotes":""},"categories":[3926,3925,333,20],"tags":[4768,66,2180,84,5876,1687,376,5418,5292,2486,6066,240,3391,630,419,416,3399,1058,353,1395,6016],"news-destination":[3944],"news-source":[475],"is_homepage":[],"ta_other":[],"class_list":["post-36102","post","type-post","status-publish","format-standard","has-post-thumbnail","hentry","category-accueil-merge","category-accueil-third","category-environnement","category-societe","tag-alpes","tag-analyses","tag-auteur","tag-biodiversite","tag-chasse","tag-chercheurs","tag-faune-sauvage","tag-genetique","tag-glisse","tag-humain","tag-lievre","tag-montpellier","tag-nuit","tag-populations","tag-rechauffement-climatique","tag-recherche-scientifique","tag-reglementation","tag-science","tag-sciences","tag-temperatures","tag-xavier-boivinet","news-destination-homepage","news-source-website"],"_links":{"self":[{"href":"https:\/\/euapp01.newsmemory.com\/lamarseillaise\/news\/wp-json\/wp\/v2\/posts\/36102","targetHints":{"allow":["GET"]}}],"collection":[{"href":"https:\/\/euapp01.newsmemory.com\/lamarseillaise\/news\/wp-json\/wp\/v2\/posts"}],"about":[{"href":"https:\/\/euapp01.newsmemory.com\/lamarseillaise\/news\/wp-json\/wp\/v2\/types\/post"}],"author":[{"embeddable":true,"href":"https:\/\/euapp01.newsmemory.com\/lamarseillaise\/news\/wp-json\/wp\/v2\/users\/1"}],"replies":[{"embeddable":true,"href":"https:\/\/euapp01.newsmemory.com\/lamarseillaise\/news\/wp-json\/wp\/v2\/comments?post=36102"}],"version-history":[{"count":2,"href":"https:\/\/euapp01.newsmemory.com\/lamarseillaise\/news\/wp-json\/wp\/v2\/posts\/36102\/revisions"}],"predecessor-version":[{"id":36650,"href":"https:\/\/euapp01.newsmemory.com\/lamarseillaise\/news\/wp-json\/wp\/v2\/posts\/36102\/revisions\/36650"}],"wp:featuredmedia":[{"embeddable":true,"href":"https:\/\/euapp01.newsmemory.com\/lamarseillaise\/news\/wp-json\/wp\/v2\/media\/36103"}],"wp:attachment":[{"href":"https:\/\/euapp01.newsmemory.com\/lamarseillaise\/news\/wp-json\/wp\/v2\/media?parent=36102"}],"wp:term":[{"taxonomy":"category","embeddable":true,"href":"https:\/\/euapp01.newsmemory.com\/lamarseillaise\/news\/wp-json\/wp\/v2\/categories?post=36102"},{"taxonomy":"post_tag","embeddable":true,"href":"https:\/\/euapp01.newsmemory.com\/lamarseillaise\/news\/wp-json\/wp\/v2\/tags?post=36102"},{"taxonomy":"news-destination","embeddable":true,"href":"https:\/\/euapp01.newsmemory.com\/lamarseillaise\/news\/wp-json\/wp\/v2\/news-destination?post=36102"},{"taxonomy":"news-source","embeddable":true,"href":"https:\/\/euapp01.newsmemory.com\/lamarseillaise\/news\/wp-json\/wp\/v2\/news-source?post=36102"},{"taxonomy":"is_homepage","embeddable":true,"href":"https:\/\/euapp01.newsmemory.com\/lamarseillaise\/news\/wp-json\/wp\/v2\/is_homepage?post=36102"},{"taxonomy":"ta_other","embeddable":true,"href":"https:\/\/euapp01.newsmemory.com\/lamarseillaise\/news\/wp-json\/wp\/v2\/ta_other?post=36102"}],"curies":[{"name":"wp","href":"https:\/\/api.w.org\/{rel}","templated":true}]}}