{"id":36097,"date":"2026-07-12T11:59:00","date_gmt":"2026-07-12T09:59:00","guid":{"rendered":"https:\/\/euapp01.newsmemory.com\/lamarseillaise\/news\/?p=36097"},"modified":"2026-07-18T13:11:47","modified_gmt":"2026-07-18T11:11:47","slug":"week-end-un-sursaut-face-au-fascisme","status":"publish","type":"post","link":"https:\/\/euapp01.newsmemory.com\/lamarseillaise\/news\/2026\/07\/12\/week-end-un-sursaut-face-au-fascisme\/","title":{"rendered":"[Week-end] L\u2019esprit de 1936 : un sursaut face au fascisme"},"content":{"rendered":"<div class=\"paragraph\">\n<p>Souvent financ\u00e9es par l\u2019Italie et revancharde contre une R\u00e9publique, affaiblie et instable avec six gouvernements se succ\u00e9dant de juin 1932 \u00e0 f\u00e9vrier 1934, qu\u2019ils n\u2019avaient jamais admise, les Ligues d\u2019extr\u00eame droite vont mobiliser leurs partisans et tenter de prendre d\u2019assaut l\u2019Assembl\u00e9e nationale le 6 f\u00e9vrier 1934. La police tire pour disperser les manifestants, il y aura 15 morts et 1 440 bless\u00e9s, dont 57 par balles.<\/p>\n<p>\u00ab <i>Regroup\u00e9s sous le terme g\u00e9n\u00e9rique de \u00ab<\/i><i>\u00a0<\/i><i>ligues<\/i><i>\u00a0<\/i><i>\u00bb, ces groupes se nourrissent p\u00eale-m\u00eale de corporatisme, d\u2019antiparlementarisme, de nationalisme, d\u2019anticommunisme, de x\u00e9nophobie, de racisme et d\u2019antis\u00e9mitisme, le tout inspir\u00e9 de Boulangisme et de Bonapartisme, mais surtout de l\u2019exp\u00e9rience politique de l\u2019Italie mussolinienne et, dans une moindre mesure, de celle de l\u2019Allemagne hitl\u00e9rienne<\/i>\u00a0\u00bb, rappelle l\u2019historien Jean Domenichino, auteur avec Xavier Daumalin de <i>1936, le Front populaire, Marseille et sa r\u00e9gion<\/i> (Editions Jeanne Laffitte). \u00ab\u00a0<i>C\u2019est cet \u00e9v\u00e9nement, bien plus que les violences elles-m\u00eames, qui enracine l\u2019id\u00e9e qu\u2019il existe un v\u00e9ritable danger fasciste en France, avec des mouvements capables de prendre le pouvoir en dehors de tout processus \u00e9lectoral l\u00e9gal. Et c\u2019est de cette crainte que surgit v\u00e9ritablement le Front populaire. <\/i>\u00bb<\/p>\n<p>Le choc est \u00e9norme, les fascistes ont failli renverser la R\u00e9publique et la riposte va \u00eatre \u00e0 la hauteur partout en France. D\u00e8s le 9 f\u00e9vrier, le parti communiste organise une premi\u00e8re manifestation, suivie le 12 par un appel des syndicats CGT et CGTU, rejoints par les partis politiques de gauche.<\/p>\n<p>\u00ab\u00a0<i>A Marseille, la journ\u00e9e du 6 f\u00e9vrier 1934 n\u2019avait \u00e9t\u00e9 marqu\u00e9e que par le d\u00e9fil\u00e9 sur la Canebi\u00e8re de quelques centaines de membres de l\u2019Action fran\u00e7aises, de jeunesses patriotes et autres groupes factieux qui s\u2019\u00e9taient heurt\u00e9s sans grand d\u00e9g\u00e2ts aux militants communistes<\/i><i>\u00a0<\/i>\u00bb, racontait Jacqueline Cristofol, dont le mari Jean Cristofol sera ensuite r\u00e9voqu\u00e9 de la douane pour fait de gr\u00e8ve, dans Batailles pour Marseille (Flammarion). \u00ab\u00a0<i>Dans la matin\u00e9e du 12 f\u00e9vrier 1934, cinquante mille manifestants, derri\u00e8re des centaines de drapeaux rouges, occupaient la rue, socialistes et communistes c\u00f4te \u00e0 c\u00f4te, d\u00e9filant et se dispersant dans le calme, alors que dans l\u2019apr\u00e8s-midi, en r\u00e9ponse \u00e0 la manifestation du matin, les factieux appelaient \u00e0 l\u2019\u00e9meute.<\/i><i>\u00a0<\/i>\u00bb<\/p>\n<p>Ainsi, sur La Canebi\u00e8re des coups de feu sont tir\u00e9s depuis une voiture peinte en rouge sur des responsables de la S\u00fbret\u00e9 devant le Palais de la Bourse. Les pistolets mitrailleurs et les pistolets automatiques font plusieurs bless\u00e9s et tuent un passant. La voiture s\u00e8me la terreur rue Pavillon, quai de la Fraternit\u00e9 et rue de la R\u00e9publique. On arr\u00eate des truands de la bande de Carbone. L\u2019un d\u2019entre eux, Liotardo, le propri\u00e9taire du v\u00e9hicule, se suicide fort opportun\u00e9ment dans sa ge\u00f4le de l\u2019Ev\u00each\u00e9. Les trois autres en profitent pour le charger et sont acquitt\u00e9s par la cour d\u2019assises le 28 mars 1936. Car \u00e0 Marseille, les militants ouvriers ont face \u00e0 eux le fasciste et futur collaborateur Simon Sabiani, bient\u00f4t vice-pr\u00e9sident du PPF de Jacques Doriot, soutenu par les voyous Carbone et Spirito.<\/p>\n<\/p><\/div>\n","protected":false},"excerpt":{"rendered":"Le Front populaire va d&rsquo;abord &ecirc;tre dans nos r&eacute;gions comme dans le reste du pays une r&eacute;action face au danger fasciste d&eacute;j&agrave; au pouvoir en Italie et en Allemagne et qui va d&eacute;clencher un coup &#8230;","protected":false},"author":1,"featured_media":36098,"comment_status":"open","ping_status":"open","sticky":false,"template":"","format":"standard","meta":{"footnotes":""},"categories":[3926,3925,20],"tags":[604,618,1220,1929,572,3111,280,1207,2917,920,222,988,2001],"news-destination":[3944],"news-source":[475],"is_homepage":[],"ta_other":[],"class_list":["post-36097","post","type-post","status-publish","format-standard","has-post-thumbnail","hentry","category-accueil-merge","category-accueil-third","category-societe","tag-allemagne","tag-devoir-de-memoire","tag-espagne","tag-fascisme","tag-france","tag-front-populaire","tag-histoire","tag-italie","tag-magazine","tag-memoire","tag-region-sud-paca","tag-week-end","tag-weekend","news-destination-homepage","news-source-website"],"_links":{"self":[{"href":"https:\/\/euapp01.newsmemory.com\/lamarseillaise\/news\/wp-json\/wp\/v2\/posts\/36097","targetHints":{"allow":["GET"]}}],"collection":[{"href":"https:\/\/euapp01.newsmemory.com\/lamarseillaise\/news\/wp-json\/wp\/v2\/posts"}],"about":[{"href":"https:\/\/euapp01.newsmemory.com\/lamarseillaise\/news\/wp-json\/wp\/v2\/types\/post"}],"author":[{"embeddable":true,"href":"https:\/\/euapp01.newsmemory.com\/lamarseillaise\/news\/wp-json\/wp\/v2\/users\/1"}],"replies":[{"embeddable":true,"href":"https:\/\/euapp01.newsmemory.com\/lamarseillaise\/news\/wp-json\/wp\/v2\/comments?post=36097"}],"version-history":[{"count":3,"href":"https:\/\/euapp01.newsmemory.com\/lamarseillaise\/news\/wp-json\/wp\/v2\/posts\/36097\/revisions"}],"predecessor-version":[{"id":36546,"href":"https:\/\/euapp01.newsmemory.com\/lamarseillaise\/news\/wp-json\/wp\/v2\/posts\/36097\/revisions\/36546"}],"wp:featuredmedia":[{"embeddable":true,"href":"https:\/\/euapp01.newsmemory.com\/lamarseillaise\/news\/wp-json\/wp\/v2\/media\/36098"}],"wp:attachment":[{"href":"https:\/\/euapp01.newsmemory.com\/lamarseillaise\/news\/wp-json\/wp\/v2\/media?parent=36097"}],"wp:term":[{"taxonomy":"category","embeddable":true,"href":"https:\/\/euapp01.newsmemory.com\/lamarseillaise\/news\/wp-json\/wp\/v2\/categories?post=36097"},{"taxonomy":"post_tag","embeddable":true,"href":"https:\/\/euapp01.newsmemory.com\/lamarseillaise\/news\/wp-json\/wp\/v2\/tags?post=36097"},{"taxonomy":"news-destination","embeddable":true,"href":"https:\/\/euapp01.newsmemory.com\/lamarseillaise\/news\/wp-json\/wp\/v2\/news-destination?post=36097"},{"taxonomy":"news-source","embeddable":true,"href":"https:\/\/euapp01.newsmemory.com\/lamarseillaise\/news\/wp-json\/wp\/v2\/news-source?post=36097"},{"taxonomy":"is_homepage","embeddable":true,"href":"https:\/\/euapp01.newsmemory.com\/lamarseillaise\/news\/wp-json\/wp\/v2\/is_homepage?post=36097"},{"taxonomy":"ta_other","embeddable":true,"href":"https:\/\/euapp01.newsmemory.com\/lamarseillaise\/news\/wp-json\/wp\/v2\/ta_other?post=36097"}],"curies":[{"name":"wp","href":"https:\/\/api.w.org\/{rel}","templated":true}]}}