{"id":36093,"date":"2026-07-11T18:10:00","date_gmt":"2026-07-11T16:10:00","guid":{"rendered":"https:\/\/euapp01.newsmemory.com\/lamarseillaise\/news\/?p=36093"},"modified":"2026-07-18T07:31:29","modified_gmt":"2026-07-18T05:31:29","slug":"par-stefania-nardini","status":"publish","type":"post","link":"https:\/\/euapp01.newsmemory.com\/lamarseillaise\/news\/2026\/07\/11\/par-stefania-nardini\/","title":{"rendered":"[Regard sur l\u2019Italie] Le refuge de Visconti accueille Letizia Battaglia"},"content":{"rendered":"<div class=\"paragraph\">\n<p><i>Journaliste et romanci\u00e8re, Stefania Nardini vit entre Naples et Rome<\/i><\/p>\n<\/p><\/div>\n<div class=\"paragraph\">\n<p>Il y a un petit coin dans l\u2019immensit\u00e9 de la M\u00e9diterran\u00e9e o\u00f9 terre et mer s\u2019embrassent au nom de la beaut\u00e9. C\u2019est un bois \u2013 le bois de Zaro \u2013 dont l\u2019ombre vient d\u00e9couper le bleu de la mer. Et c\u2019est ici, sur l\u2019\u00eele d\u2019Ischia, \u00e0 Forio, \u00e0 quelques encablures de Naples, que la beaut\u00e9 a \u00e9lu domicile. Il s\u2019agit de <i>La Colombaia<\/i>, la demeure du grand cin\u00e9aste Luchino Visconti ; jusqu\u2019au 30\u00a0ao\u00fbt, elle accueille une magnifique exposition de photographies de Letizia Battaglia. L\u2019artiste sicilienne retrace l\u2019histoire \u00e0 travers ses images, transmettant cette \u00e9motion que seul un d\u00e9tail peut susciter. Intitul\u00e9e \u00ab\u00a0Senza chiedere permesso\u00a0\u00bb (Sans demander la permission), l\u2019exposition r\u00e9unit 35 photographies qui, telles un hymne \u00e0 l\u2019engagement citoyen, r\u00e9v\u00e8lent \u00e0 la fois la violence de l\u2019histoire et le courage de la vie. Parmi les visages pr\u00e9sent\u00e9s figurent ceux de Pasolini, Falcone et Mattarella. Des figures humaines dont l\u2019histoire est racont\u00e9e avec cette singularit\u00e9 propre au regard de Letizia Battaglia. \u00ab\u00a0<i>Quiconque poss\u00e8de un appareil photo, d\u00e9tient un moyen puissant et merveilleux d\u2019exister, d\u2019\u00eatre, de vivre et de rencontrer le monde<\/i>\u00a0\u00bb, \u00e9crit l\u2019artiste.<\/p>\n<p><i>La Colombaia<\/i>, \u00e0 Forio d\u2019Ischia, est un petit coin de M\u00e9diterran\u00e9e o\u00f9 la pr\u00e9sence du l\u00e9gendaire Luchino Visconti se fait sentir dans les moindres recoins de la villa. Le <i>maestro <\/i>est arriv\u00e9 \u00e0 Ischia en 1945 ; c\u2019est ici que sont n\u00e9s certains de ses chefs-d\u2019\u0153uvre, tels que <i>Senso<\/i>, <i>Les Nuits blanches <\/i>et <i>Le Gu\u00e9pard<\/i>. Durant les \u00e9t\u00e9s qu\u2019il y passait, la villa fourmillait d\u2019ic\u00f4nes du cin\u00e9ma et de la culture du monde entier. Au milieu des all\u00e9es de ch\u00eanes verts et des pi\u00e8ces donnant sur la mer, on pouvait croiser Maria Callas, Alain Delon (qui \u00e9tait tr\u00e8s li\u00e9 avec le r\u00e9alisateur), Romy Schneider et Helmut Berger, ainsi que des intellectuels de la trempe de Pasolini et Truman Capote. V\u00e9ritable joyau architectural m\u00ealant diff\u00e9rents styles, la villa surplombe une mer qui semble lib\u00e9rer ses souvenirs ancestraux dans l\u2019\u00e9cho du ressac. J\u2019ai d\u00e9couvert ce refuge magique alors qu\u2019il \u00e9tait \u00e0 l\u2019abandon, ravag\u00e9 par le pillage et le vandalisme. <i>La Colombaia<\/i> a connu deux renaissances : la premi\u00e8re en 2001, pour le 25<sup>e<\/sup> anniversaire de la mort de Visconti, sous l\u2019\u00e9gide d\u2019une fondation publique qui y a g\u00e9r\u00e9 un mus\u00e9e et une \u00e9cole de cin\u00e9ma jusqu\u2019en 2015, une initiative qui a finalement \u00e9chou\u00e9 en raison de probl\u00e8mes de gestion et de contraintes bureaucratiques. Puis, en 2023, gr\u00e2ce \u00e0 des fonds allou\u00e9s par le minist\u00e8re de la Culture, la municipalit\u00e9 a obtenu les ressources n\u00e9cessaires \u00e0 d\u2019importants travaux de restauration, rendant ainsi au lieu sa vocation artistique et sa beaut\u00e9. \u00ab\u00a0<i>Ce fut une aventure<\/i>\u00a0\u00bb, explique Anniria Punzo, directrice artistique de la villa, \u00ab\u00a0<i>qui a activement impliqu\u00e9 les habitants. Malheureusement, en raison des ann\u00e9es d\u2019abandon, beaucoup d\u2019\u00e9l\u00e9ments ont \u00e9t\u00e9 perdus. Aujourd\u2019hui, toutefois, ce lieu a retrouv\u00e9 la vie en hommage \u00e0 Visconti et \u00e0 son amour pour l\u2019\u00eele<\/i>.\u00a0\u00bb<\/p>\n<p>Fl\u00e2ner \u00e0 <i>La Colombaia<\/i> est une exp\u00e9rience v\u00e9ritablement unique. Le cin\u00e9ma &#8211; et plus particuli\u00e8rement le grand cin\u00e9ma de Visconti &#8211; y perdure \u00e0 travers des affiches d\u2019\u00e9poque et des livres miraculeusement retrouv\u00e9s&#8230; Parall\u00e8lement, trente-cinq photographies de Letizia Battaglia rendent hommage \u00e0 sa sensibilit\u00e9 artistique tout en s\u2019inscrivant dans un r\u00e9cit unique\u00a0: celui de la culture italienne qui, comme par enchantement, suscite l\u2019espoir d\u2019un avenir meilleur. \u00ab\u00a0<i>Dans les images expos\u00e9es, Letizia Battaglia pr\u00e9sente une archive \u00e0 la fois intime et civique, personnelle et collective<\/i>\u00a0\u00bb, explique la commissaire Chiara Arturo. \u00ab\u00a0<i>Ses photographies sont d\u2019une grande qualit\u00e9 formelle, mais elles poss\u00e8dent surtout une immense puissance \u00e9thique. Les regarder n\u2019est pas un acte neutre.<\/i>\u00a0\u00bb<\/p>\n<p>Le maquis m\u00e9diterran\u00e9en qui borde le vaste jardin entourant<i> La Colombaia<\/i> demeure le t\u00e9moin silencieux de la vie du <i>maestro<\/i> Visconti ; ses cendres reposent au sein de cette nature sauvage. Un coin de M\u00e9diterran\u00e9e qui, pour une fois, se fait hymne \u00e0 la paix.<\/p>\n<\/p><\/div>\n","protected":false},"excerpt":{"rendered":"Journaliste et romanci&egrave;re, Stefania Nardini vit entre Naples et RomeIl y a un petit coin dans l&rsquo;immensit&eacute; de la M&eacute;diterran&eacute;e o&ugrave; terre et mer s&rsquo;embrassent au nom de la beaut&eacute;. C&rsquo;est un bois &#8230;","protected":false},"author":1,"featured_media":36094,"comment_status":"open","ping_status":"open","sticky":false,"template":"","format":"standard","meta":{"footnotes":""},"categories":[3926,3925,32],"tags":[4145,919,6068,1054,515,6067,1207,128,2658,96,5861,180,3173,2001],"news-destination":[3944],"news-source":[475],"is_homepage":[],"ta_other":[],"class_list":["post-36093","post","type-post","status-publish","format-standard","has-post-thumbnail","hentry","category-accueil-merge","category-accueil-third","category-culture","tag-beaute","tag-cinema","tag-culture-du-monde","tag-directrice","tag-gestion","tag-hymne","tag-italie","tag-mediterranee","tag-ministere-de-la-culture","tag-municipalite","tag-naples","tag-restauration","tag-vocation","tag-weekend","news-destination-homepage","news-source-website"],"_links":{"self":[{"href":"https:\/\/euapp01.newsmemory.com\/lamarseillaise\/news\/wp-json\/wp\/v2\/posts\/36093","targetHints":{"allow":["GET"]}}],"collection":[{"href":"https:\/\/euapp01.newsmemory.com\/lamarseillaise\/news\/wp-json\/wp\/v2\/posts"}],"about":[{"href":"https:\/\/euapp01.newsmemory.com\/lamarseillaise\/news\/wp-json\/wp\/v2\/types\/post"}],"author":[{"embeddable":true,"href":"https:\/\/euapp01.newsmemory.com\/lamarseillaise\/news\/wp-json\/wp\/v2\/users\/1"}],"replies":[{"embeddable":true,"href":"https:\/\/euapp01.newsmemory.com\/lamarseillaise\/news\/wp-json\/wp\/v2\/comments?post=36093"}],"version-history":[{"count":3,"href":"https:\/\/euapp01.newsmemory.com\/lamarseillaise\/news\/wp-json\/wp\/v2\/posts\/36093\/revisions"}],"predecessor-version":[{"id":36109,"href":"https:\/\/euapp01.newsmemory.com\/lamarseillaise\/news\/wp-json\/wp\/v2\/posts\/36093\/revisions\/36109"}],"wp:featuredmedia":[{"embeddable":true,"href":"https:\/\/euapp01.newsmemory.com\/lamarseillaise\/news\/wp-json\/wp\/v2\/media\/36094"}],"wp:attachment":[{"href":"https:\/\/euapp01.newsmemory.com\/lamarseillaise\/news\/wp-json\/wp\/v2\/media?parent=36093"}],"wp:term":[{"taxonomy":"category","embeddable":true,"href":"https:\/\/euapp01.newsmemory.com\/lamarseillaise\/news\/wp-json\/wp\/v2\/categories?post=36093"},{"taxonomy":"post_tag","embeddable":true,"href":"https:\/\/euapp01.newsmemory.com\/lamarseillaise\/news\/wp-json\/wp\/v2\/tags?post=36093"},{"taxonomy":"news-destination","embeddable":true,"href":"https:\/\/euapp01.newsmemory.com\/lamarseillaise\/news\/wp-json\/wp\/v2\/news-destination?post=36093"},{"taxonomy":"news-source","embeddable":true,"href":"https:\/\/euapp01.newsmemory.com\/lamarseillaise\/news\/wp-json\/wp\/v2\/news-source?post=36093"},{"taxonomy":"is_homepage","embeddable":true,"href":"https:\/\/euapp01.newsmemory.com\/lamarseillaise\/news\/wp-json\/wp\/v2\/is_homepage?post=36093"},{"taxonomy":"ta_other","embeddable":true,"href":"https:\/\/euapp01.newsmemory.com\/lamarseillaise\/news\/wp-json\/wp\/v2\/ta_other?post=36093"}],"curies":[{"name":"wp","href":"https:\/\/api.w.org\/{rel}","templated":true}]}}