{"id":36087,"date":"2026-07-11T09:24:00","date_gmt":"2026-07-11T07:24:00","guid":{"rendered":"https:\/\/euapp01.newsmemory.com\/lamarseillaise\/news\/?p=36087"},"modified":"2026-07-16T12:11:53","modified_gmt":"2026-07-16T10:11:53","slug":"arles-un-patrimoine-riche-et-remarquable","status":"publish","type":"post","link":"https:\/\/euapp01.newsmemory.com\/lamarseillaise\/news\/2026\/07\/11\/arles-un-patrimoine-riche-et-remarquable\/","title":{"rendered":"Un patrimoine riche et remarquable \u00e0 Arles"},"content":{"rendered":"<div class=\"paragraph\">\n<p><i><span class=\"mln_small-caps_mln\">Unesco, les sites class\u00e9s en r\u00e9gion<\/span><\/i><\/p>\n<\/p><\/div>\n<div class=\"paragraph\">\n<p>Ils remontent au I<sup>er<\/sup> si\u00e8cle av. J.-C. La ville des Bouches-du-Rh\u00f4ne a \u00e9galement connu au IV<sup>e<\/sup>\u00a0si\u00e8cle un second \u00e2ge d\u2019or, dont t\u00e9moignent les thermes de Constantin et la n\u00e9cropole des Alyscamps. Aux XI<sup>e<\/sup> et XII<sup>e<\/sup>\u00a0si\u00e8cles, elle redevint une des plus belles villes du monde m\u00e9diterran\u00e9en. \u00c0 l\u2019int\u00e9rieur des murs, Saint-Trophime, avec son clo\u00eetre, est l\u2019un des monuments majeurs de l\u2019art roman proven\u00e7al. Six monuments ouverts \u00e0 la visite sont donc inscrits sur la liste du patrimoine mondial de l\u2019Unesco depuis 1981.<\/p>\n<\/p><\/div>\n","protected":false},"excerpt":{"rendered":"Unesco, les sites class&eacute;s en r&eacute;gionIls remontent au Ier si&egrave;cle av. J.-C. La ville des Bouches-du-Rh&ocirc;ne a &eacute;galement connu au IVe&nbsp;si&egrave;cle un second &acirc;ge d&rsquo;or, dont t&eacute;moignent les thermes &#8230;","protected":false},"author":1,"featured_media":36088,"comment_status":"open","ping_status":"open","sticky":false,"template":"","format":"standard","meta":{"footnotes":""},"categories":[3926,3925,20],"tags":[4699,1234,10,280,97,3808],"news-destination":[3944],"news-source":[475],"is_homepage":[],"ta_other":[],"class_list":["post-36087","post","type-post","status-publish","format-standard","has-post-thumbnail","hentry","category-accueil-merge","category-accueil-third","category-societe","tag-arenes","tag-arles","tag-bouches-du-rhone","tag-histoire","tag-patrimoine","tag-unesco","news-destination-homepage","news-source-website"],"_links":{"self":[{"href":"https:\/\/euapp01.newsmemory.com\/lamarseillaise\/news\/wp-json\/wp\/v2\/posts\/36087","targetHints":{"allow":["GET"]}}],"collection":[{"href":"https:\/\/euapp01.newsmemory.com\/lamarseillaise\/news\/wp-json\/wp\/v2\/posts"}],"about":[{"href":"https:\/\/euapp01.newsmemory.com\/lamarseillaise\/news\/wp-json\/wp\/v2\/types\/post"}],"author":[{"embeddable":true,"href":"https:\/\/euapp01.newsmemory.com\/lamarseillaise\/news\/wp-json\/wp\/v2\/users\/1"}],"replies":[{"embeddable":true,"href":"https:\/\/euapp01.newsmemory.com\/lamarseillaise\/news\/wp-json\/wp\/v2\/comments?post=36087"}],"version-history":[{"count":2,"href":"https:\/\/euapp01.newsmemory.com\/lamarseillaise\/news\/wp-json\/wp\/v2\/posts\/36087\/revisions"}],"predecessor-version":[{"id":36091,"href":"https:\/\/euapp01.newsmemory.com\/lamarseillaise\/news\/wp-json\/wp\/v2\/posts\/36087\/revisions\/36091"}],"wp:featuredmedia":[{"embeddable":true,"href":"https:\/\/euapp01.newsmemory.com\/lamarseillaise\/news\/wp-json\/wp\/v2\/media\/36088"}],"wp:attachment":[{"href":"https:\/\/euapp01.newsmemory.com\/lamarseillaise\/news\/wp-json\/wp\/v2\/media?parent=36087"}],"wp:term":[{"taxonomy":"category","embeddable":true,"href":"https:\/\/euapp01.newsmemory.com\/lamarseillaise\/news\/wp-json\/wp\/v2\/categories?post=36087"},{"taxonomy":"post_tag","embeddable":true,"href":"https:\/\/euapp01.newsmemory.com\/lamarseillaise\/news\/wp-json\/wp\/v2\/tags?post=36087"},{"taxonomy":"news-destination","embeddable":true,"href":"https:\/\/euapp01.newsmemory.com\/lamarseillaise\/news\/wp-json\/wp\/v2\/news-destination?post=36087"},{"taxonomy":"news-source","embeddable":true,"href":"https:\/\/euapp01.newsmemory.com\/lamarseillaise\/news\/wp-json\/wp\/v2\/news-source?post=36087"},{"taxonomy":"is_homepage","embeddable":true,"href":"https:\/\/euapp01.newsmemory.com\/lamarseillaise\/news\/wp-json\/wp\/v2\/is_homepage?post=36087"},{"taxonomy":"ta_other","embeddable":true,"href":"https:\/\/euapp01.newsmemory.com\/lamarseillaise\/news\/wp-json\/wp\/v2\/ta_other?post=36087"}],"curies":[{"name":"wp","href":"https:\/\/api.w.org\/{rel}","templated":true}]}}