{"id":36084,"date":"2026-07-11T09:25:00","date_gmt":"2026-07-11T07:25:00","guid":{"rendered":"https:\/\/euapp01.newsmemory.com\/lamarseillaise\/news\/?p=36084"},"modified":"2026-07-17T09:32:38","modified_gmt":"2026-07-17T07:32:38","slug":"la-maison-atelier-de-gaston-castel","status":"publish","type":"post","link":"https:\/\/euapp01.newsmemory.com\/lamarseillaise\/news\/2026\/07\/11\/la-maison-atelier-de-gaston-castel\/","title":{"rendered":"La Maison atelier de Gaston Castel \u00e0 Marseille"},"content":{"rendered":"<div class=\"paragraph\">\n<p>L<i>a maison du patron ne manque pas d\u2019\u00e9loquence<\/i><i>\u00a0<\/i>\u00bb, pose le guide \u00ab\u00a0Architectures \u00e0 Marseille 1900-2013\u00a0\u00bb \u00e0 propos de cet \u00e9difice marseillais mythique, sign\u00e9 Gaston Castel, un architecte majeur de l\u2019entre-deux-guerres. L\u2019\u00e9difice singulier saisit depuis 1924 le passant \u00e0 l\u2019angle de la rue Croix-de-R\u00e9gnier et du cours Franklin-Roosevelt.<\/p>\n<p>Gaston Castel, n\u00e9 \u00e0 Pertuis le 1<sup>er<\/sup>\u00a0ao\u00fbt 1886 et mort \u00e0 Marseille le 9\u00a0f\u00e9vrier 1971, est un architecte marseillais de premier plan. L\u2019op\u00e9ra de Marseille, le monument aux morts de l\u2019arm\u00e9e d\u2019Orient, la prison des Baumettes, l\u2019annexe Art d\u00e9co du palais de justice, le si\u00e8ge de la Compagnie g\u00e9n\u00e9rale transatlantique ou encore les portiques du tunnel du Rove sont quelques-unes des plus belles r\u00e9alisations de celui qui fut architecte en chef du d\u00e9partement, chef d\u2019orchestre de la commande publique pour d\u2019innombrables groupes HLM, comme le souligne l\u2019ouvrage des \u00e9ditions Parenth\u00e8ses <i>Les Castel, une agence d\u2019architecture au XX<\/i><i><sup>e<\/sup><\/i><i>\u00a0<\/i><i>si\u00e8cle<\/i>. En 1942, Vichy le destitue pour avoir cach\u00e9 deux r\u00e9sistants dans sa villa \u00e0 La\u00a0Rose. La production de l\u2019Agence Castel est riche de 270\u00a0b\u00e2timents construits. Donn\u00e9 pour mort en 1915, il \u00e9tait revenu d\u00e9figur\u00e9 du premier conflit mondial. Il a enseign\u00e9 \u00e0 l\u2019<span class=\"mln_uppercase_mln\">\u00e9<\/span>cole d\u2019architecture de Marseille, de 1922 \u00e0 1952, et livr\u00e9 ses id\u00e9es dans les <i>Cahiers du Sud<\/i>.<\/p>\n<p>C\u2019est au rez-de-chauss\u00e9e du 2\u00a0rue Croix-de-R\u00e9gnier qu\u2019il a fond\u00e9, en 1921, son agence et sign\u00e9 les plans de sa demeure familiale, l\u00e0 o\u00f9 il v\u00e9cut jusqu\u2019\u00e0 sa mort, en 1971. Il avait achet\u00e9 cette parcelle bancale occup\u00e9e par un bistrot. Sa configuration trap\u00e9zo\u00efdale en proue avec des oculus de bateau rappelle la Maison Puget \u00e0 l\u2019angle des rues de Rome et de la Palud. Pierre Puget (1620-1694), le grand sculpteur baroque, avait b\u00e2ti sa demeure personnelle comme les proues des navires royaux qu\u2019il sculptait aussi.<\/p>\n<p>\u00ab\u00a0<i>L\u2019esprit de l\u2019architecture es<\/i><i>t celui du style Art d\u00e9co qui triomphe \u00e0 l\u2019exposition internationale des arts d\u00e9coratifs de Paris en 1925<\/i><i>\u00a0<\/i>\u00bb, \u00e9crit l\u2019historien de l\u2019architecture Jean-Lucien Bonillo. \u00ab\u00a0<i>Le jeu plastique des volumes est habilement trait\u00e9 par l\u2019architecte sur la fa\u00e7ade d\u2019angle, comme une s\u00e9rie de retraits successifs qui expriment les principales fonctions et les espaces correspondants. Il est servi par le r\u00e9pertoire d\u00e9coratif classique<\/i><i>\u00a0<\/i><i>: soulignement des mod\u00e9natures, ferronneries ouvrag\u00e9es, sculptures en bas-reliefs, treilles, jarres, trait\u00e9s ici avec discr\u00e9tion<\/i><i>.<\/i><i>\u00a0<\/i>\u00bb<\/p>\n<p>Des d\u00e9cors dispers\u00e9s <br \/>aux ench\u00e8res<\/p>\n<p>Toujours soucieux d\u2019associer des artistes \u00e0 ses r\u00e9alisations, Gaston Castel a fait am\u00e9nager et d\u00e9corer les int\u00e9rieurs par un menuisier d\u2019art suisse, Albert Held. Le ferronnier d\u2019art le plus fameux du style Art-d\u00e9co, Edgar Brandt, a r\u00e9alis\u00e9 le mobilier et le d\u00e9cor de la salle \u00e0 manger principale. Dans les ann\u00e9es\u00a050, l\u2019architecte remanie les espaces et d\u00e9cide de recouvrir la terrasse du second \u00e9tage. Il fait dispara\u00eetre la pergola et rehausse la demeure d\u2019un troisi\u00e8me \u00e9tage. Dix ans apr\u00e8s sa mort, l\u2019atelier-maison est inscrit au titre des monuments historiques. La protection s\u2019\u00e9tend aux fa\u00e7ades et toitures, au salon et \u00e0 la salle \u00e0 manger, au premier \u00e9tage, \u00ab\u00a0<i>avec leur d\u00e9cor<\/i><i>\u00a0<\/i>\u00bb.<\/p>\n<p>\u00ab\u00a0<i>D\u00e9cor<\/i><i>\u00a0<\/i>\u00bb, mot tr\u00e8s impr\u00e9cis, va \u00eatre la cause d\u2019un contentieux perdu, expliqu\u00e9 dans la Revue <i>Marseille<\/i> n\u00b0242. <span class=\"mln_uppercase_mln\">\u00e0<\/span> la mort de son fils Elio en 1989, la hoirie met en vente la maison et d\u00e9cide de disperser le mobilier lors d\u2019ench\u00e8res \u00e0 Avignon. Le commissaire-priseur est inform\u00e9 par la DRAC que les d\u00e9cors sont des objets \u00ab\u00a0<i>incorpor\u00e9s \u00e0 perp\u00e9tuelle demeure et ne doivent en aucun cas \u00eatre enlev\u00e9s de leur contexte<\/i><i>\u00a0<\/i>\u00bb. Un r\u00e9f\u00e9r\u00e9 va \u00e9chouer \u00e0 emp\u00eacher la vente. Du fait de cette notion vague de \u00ab\u00a0d\u00e9cor\u00a0\u00bb et faute d\u2019inventaire pr\u00e9cis produit \u00e0 l\u2019instance, l\u2019<span class=\"mln_uppercase_mln\">\u00e9<\/span>tat est d\u00e9bout\u00e9 et la vente a lieu.<\/p>\n<p>La demeure sera ensuite livr\u00e9e \u00e0 l\u2019abandon et au squat jusqu\u2019\u00e0 son rachat en 1996. Les nouveaux propri\u00e9taires r\u00e9cup\u00e8rent une maison saccag\u00e9e. Aujourd\u2019hui, la demeure priv\u00e9e r\u00e9habilit\u00e9e \u00e0 l\u2019identique n\u2019est malheureusement pas ouverte \u00e0 la visite. En mars\u00a02021, le label \u00ab\u00a0Patrimoine XX<sup>e<\/sup>\u00a0\u00bb est d\u00e9cern\u00e9 au monument.<\/p>\n<p>Une partie du fonds conserv\u00e9e dans une villa, \u00e0 La Rose, fut sauv\u00e9e d\u2019une destruction et donn\u00e9e au mus\u00e9e d\u2019Histoire de Marseille. Le fonds rest\u00e9 rue Croix-de-R\u00e9gnier a \u00e9t\u00e9 d\u00e9pos\u00e9 aux Archives d\u00e9partementales des Bouches-du-Rh\u00f4ne.<\/p>\n<\/p><\/div>\n","protected":false},"excerpt":{"rendered":"&laquo; La maison du patron ne manque pas d&rsquo;&eacute;loquence&nbsp;&raquo;, pose le guide &laquo;&nbsp;Architectures &agrave; Marseille 1900-2013&nbsp;&raquo; &agrave; propos de cet &eacute;difice marseillais mythique, sign&eacute; Gaston &#8230;","protected":false},"author":1,"featured_media":36085,"comment_status":"open","ping_status":"open","sticky":false,"template":"","format":"standard","meta":{"footnotes":""},"categories":[3926,3925,20],"tags":[2923,1346,1280,6096,1236,10,6097,280,2459,16,153,1239,97,988,2001],"news-destination":[3944],"news-source":[475],"is_homepage":[],"ta_other":[],"class_list":["post-36084","post","type-post","status-publish","format-standard","has-post-thumbnail","hentry","category-accueil-merge","category-accueil-third","category-societe","tag-architecte","tag-architecture","tag-archives","tag-art-deco","tag-artistes","tag-bouches-du-rhone","tag-gaston-castel","tag-histoire","tag-histoire-de-lart","tag-marseille","tag-musee","tag-opera","tag-patrimoine","tag-week-end","tag-weekend","news-destination-homepage","news-source-website"],"_links":{"self":[{"href":"https:\/\/euapp01.newsmemory.com\/lamarseillaise\/news\/wp-json\/wp\/v2\/posts\/36084","targetHints":{"allow":["GET"]}}],"collection":[{"href":"https:\/\/euapp01.newsmemory.com\/lamarseillaise\/news\/wp-json\/wp\/v2\/posts"}],"about":[{"href":"https:\/\/euapp01.newsmemory.com\/lamarseillaise\/news\/wp-json\/wp\/v2\/types\/post"}],"author":[{"embeddable":true,"href":"https:\/\/euapp01.newsmemory.com\/lamarseillaise\/news\/wp-json\/wp\/v2\/users\/1"}],"replies":[{"embeddable":true,"href":"https:\/\/euapp01.newsmemory.com\/lamarseillaise\/news\/wp-json\/wp\/v2\/comments?post=36084"}],"version-history":[{"count":3,"href":"https:\/\/euapp01.newsmemory.com\/lamarseillaise\/news\/wp-json\/wp\/v2\/posts\/36084\/revisions"}],"predecessor-version":[{"id":36412,"href":"https:\/\/euapp01.newsmemory.com\/lamarseillaise\/news\/wp-json\/wp\/v2\/posts\/36084\/revisions\/36412"}],"wp:featuredmedia":[{"embeddable":true,"href":"https:\/\/euapp01.newsmemory.com\/lamarseillaise\/news\/wp-json\/wp\/v2\/media\/36085"}],"wp:attachment":[{"href":"https:\/\/euapp01.newsmemory.com\/lamarseillaise\/news\/wp-json\/wp\/v2\/media?parent=36084"}],"wp:term":[{"taxonomy":"category","embeddable":true,"href":"https:\/\/euapp01.newsmemory.com\/lamarseillaise\/news\/wp-json\/wp\/v2\/categories?post=36084"},{"taxonomy":"post_tag","embeddable":true,"href":"https:\/\/euapp01.newsmemory.com\/lamarseillaise\/news\/wp-json\/wp\/v2\/tags?post=36084"},{"taxonomy":"news-destination","embeddable":true,"href":"https:\/\/euapp01.newsmemory.com\/lamarseillaise\/news\/wp-json\/wp\/v2\/news-destination?post=36084"},{"taxonomy":"news-source","embeddable":true,"href":"https:\/\/euapp01.newsmemory.com\/lamarseillaise\/news\/wp-json\/wp\/v2\/news-source?post=36084"},{"taxonomy":"is_homepage","embeddable":true,"href":"https:\/\/euapp01.newsmemory.com\/lamarseillaise\/news\/wp-json\/wp\/v2\/is_homepage?post=36084"},{"taxonomy":"ta_other","embeddable":true,"href":"https:\/\/euapp01.newsmemory.com\/lamarseillaise\/news\/wp-json\/wp\/v2\/ta_other?post=36084"}],"curies":[{"name":"wp","href":"https:\/\/api.w.org\/{rel}","templated":true}]}}