{"id":36081,"date":"2026-07-11T09:34:00","date_gmt":"2026-07-11T07:34:00","guid":{"rendered":"https:\/\/euapp01.newsmemory.com\/lamarseillaise\/news\/?p=36081"},"modified":"2026-07-17T09:45:42","modified_gmt":"2026-07-17T07:45:42","slug":"entre-festivaliers-et-baroudeurs","status":"publish","type":"post","link":"https:\/\/euapp01.newsmemory.com\/lamarseillaise\/news\/2026\/07\/11\/entre-festivaliers-et-baroudeurs\/","title":{"rendered":"Entre festivaliers et baroudeurs au Camping Bagatelle d\u2019Avignon"},"content":{"rendered":"<div class=\"paragraph\">\n<p>Face au Palais des Papes et du Pont d\u2019Avignon, de l\u2019autre c\u00f4t\u00e9 du Rh\u00f4ne, se dresse un arc bleut\u00e9 derri\u00e8re lequel on aper\u00e7oit quelques tentes et mobile homes. C\u2019est l\u00e0 que se trouve le camping Bagatelle, presque dans la ville, tout \u00ab\u00a0<i>en restant champ\u00eatre<\/i>\u00a0\u00bb, aime rappeler Christine Debernardini, l\u2019une des g\u00e9rantes, qui est aussi l\u2019arri\u00e8re-petite-fille de Jean Pelegrin, le fondateur des lieux en 1920.<\/p>\n<p>Il s\u2019agit notamment du camping le plus proche du centre-ville de la Cit\u00e9 des Papes. En plein Festival d\u2019Avignon, o\u00f9 des dizaines de milliers de personnes affluent du 4 au 25\u00a0juillet pour assister aux milliers de repr\u00e9sentations propos\u00e9es, et o\u00f9 les prix des h\u00f4tels et locations de courte dur\u00e9e s\u2019envolent pour accueillir spectateurs et travailleurs, les prix r\u00e9duits du camping sont une bonne alternative.<\/p>\n<p>Avec ses 197 emplacements, dont la plupart b\u00e9n\u00e9ficient au moins partiellement de l\u2019ombre des grands platanes, le camping attire de nombreux festivaliers. \u00ab\u00a0<i>Des amies avaient r\u00e9serv\u00e9 un Airbnb, mais on s\u2019y est prises trop tard et c\u2019\u00e9tait bien trop cher<\/i>\u00a0\u00bb, confient devant leur tente commune \u00c9lise et Nelly. Venues toutes les deux de Grenoble pour voir plusieurs spectacles pendant quelques jours, elles n\u2019ont pas le m\u00eame rapport au camping. \u00c9lise, elle, est venue ici m\u00eame \u00ab\u00a0<i>plusieurs fois avant le confinement<\/i><i>\u00a0<\/i>\u00bb. \u00ab\u00a0<i>Moi, je n\u2019en ai pas fait depuis au moins dix ans<\/i>\u00a0\u00bb, sourit sa comp\u00e8re, \u00e0 moiti\u00e9 inqui\u00e8te. \u00ab\u00a0<i>Il fait chaud, donc on va voir comment \u00e7a se d\u00e9roule. J\u2019esp\u00e8re qu\u2019il y aura assez d\u2019ombre le matin pour dormir un peu. C\u2019est des vacances et il faut qu\u2019on se repose un peu quand m\u00eame, parce qu\u2019on a chacune un enfant de 2<\/i><i>\u00a0<\/i><i>ans qui nous attend \u00e0 la maison<\/i>\u00a0\u00bb, poursuit-elle. \u00ab\u00a0<i>Mais \u00e7a va aller. Elle a pris trois matelas pour les empiler<\/i><i>\u00a0<\/i>\u00bb, taquine sa copine.<\/p>\n<p>\u00c0 quelques all\u00e9es de l\u00e0, Alain a install\u00e9 son camping-car pour une semaine\u00a0: \u00ab<i>\u00a0<\/i><i>C\u2019est l\u2019endroit parfait, je peux tout faire \u00e0 pied.<\/i>\u00a0\u00bb S\u2019il s\u2019est d\u00e9j\u00e0 rendu dans d\u2019autres campings voisins\u00a0&#8211; il y en a quatre sur la seule Barthelasse\u00a0&#8211; il ne choisit plus que celui-ci, apr\u00e8s une m\u00e9saventure. \u00ab\u00a0<i>On m\u2019a vol\u00e9 mon v\u00e9lo en cinq minutes il y a trois ans<\/i>\u00a0\u00bb, peste le Montpelli\u00e9rain.<\/p>\n<p>Un esprit \u00e0 conserver<\/p>\n<p>D\u2019autres sont plus aventuriers. \u00c0 l\u2019image de Wout, N\u00e9erlandais d\u2019une cinquantaine d\u2019ann\u00e9es, venu \u00e0 v\u00e9lo tout droit de la ville de Bergen, au nord-ouest des Pays-Bas. \u00ab\u00a0<i>Je fais \u00e7a tous les ans, avec une destination diff\u00e9rente, mais je suis d\u00e9j\u00e0 venu ici<\/i>\u00a0\u00bb, se rem\u00e9more-t-il devant sa petite tente une place. Pendant plus de deux semaines, il a travers\u00e9 trois pays avant d\u2019atteindre Avignon, \u00e9tape finale de son p\u00e9riple. Il compte d\u00e9sormais rester plusieurs jours au camping pour conclure son voyage en beaut\u00e9. \u00ab\u00a0<i>Il y a souvent des artistes qui viennent. C\u2019est une ambiance vraiment sympathique<\/i>\u00a0\u00bb, ajoute-t-il. Pas de souci de confort pour lui, m\u00eame s\u2019il reconna\u00eet avoir \u00ab\u00a0<i>h\u00e2te de retrouver<\/i>\u00a0\u00bb son lit apr\u00e8s une vingtaine de jours de bourlingue.<\/p>\n<p>Un esprit camping que souhaite conserver la direction actuelle du site, mis en place dans les ann\u00e9es\u00a050. \u00ab\u00a0<i>Certes, il y a quelques tentes solides ou des mobile homes. Mais on ne veut pas \u00eatre une sorte de parc immobilier. Bien s\u00fbr, c\u2019est un camping qui a de l\u2019anciennet\u00e9, un peu dans son jus, mais on s\u2019am\u00e9liore<\/i>\u00a0\u00bb, souligne Christine Debernardini, qui s\u2019occupe du camping depuis 1999. Elle montre alors avec fiert\u00e9 des photos d\u2019\u00e9poque de ses a\u00efeuls, qui organisaient des spectacles de vachettes avec des toreros en patins \u00e0 roulettes, sur le parking. \u00ab<i>\u00a0<\/i><i>Pour la suite, ce sera aux enfants et petits-enfants de choisir<\/i>\u00a0\u00bb, conclut la g\u00e9rante.<\/p>\n<\/p><\/div>\n","protected":false},"excerpt":{"rendered":"Face au Palais des Papes et du Pont d&rsquo;Avignon, de l&rsquo;autre c&ocirc;t&eacute; du Rh&ocirc;ne, se dresse un arc bleut&eacute; derri&egrave;re lequel on aper&ccedil;oit quelques tentes et mobile homes. C&rsquo;est l&agrave; que se trouve le &#8230;","protected":false},"author":1,"featured_media":36547,"comment_status":"open","ping_status":"open","sticky":false,"template":"","format":"standard","meta":{"footnotes":""},"categories":[3926,3925,20],"tags":[174,5238,3691,329,2579,1137,1361,171],"news-destination":[3944],"news-source":[475],"is_homepage":[],"ta_other":[],"class_list":["post-36081","post","type-post","status-publish","format-standard","has-post-thumbnail","hentry","category-accueil-merge","category-accueil-third","category-societe","tag-avignon","tag-camping","tag-campings","tag-festival","tag-matelas","tag-spectacles","tag-vacances","tag-vaucluse","news-destination-homepage","news-source-website"],"_links":{"self":[{"href":"https:\/\/euapp01.newsmemory.com\/lamarseillaise\/news\/wp-json\/wp\/v2\/posts\/36081","targetHints":{"allow":["GET"]}}],"collection":[{"href":"https:\/\/euapp01.newsmemory.com\/lamarseillaise\/news\/wp-json\/wp\/v2\/posts"}],"about":[{"href":"https:\/\/euapp01.newsmemory.com\/lamarseillaise\/news\/wp-json\/wp\/v2\/types\/post"}],"author":[{"embeddable":true,"href":"https:\/\/euapp01.newsmemory.com\/lamarseillaise\/news\/wp-json\/wp\/v2\/users\/1"}],"replies":[{"embeddable":true,"href":"https:\/\/euapp01.newsmemory.com\/lamarseillaise\/news\/wp-json\/wp\/v2\/comments?post=36081"}],"version-history":[{"count":2,"href":"https:\/\/euapp01.newsmemory.com\/lamarseillaise\/news\/wp-json\/wp\/v2\/posts\/36081\/revisions"}],"predecessor-version":[{"id":36092,"href":"https:\/\/euapp01.newsmemory.com\/lamarseillaise\/news\/wp-json\/wp\/v2\/posts\/36081\/revisions\/36092"}],"wp:featuredmedia":[{"embeddable":true,"href":"https:\/\/euapp01.newsmemory.com\/lamarseillaise\/news\/wp-json\/wp\/v2\/media\/36547"}],"wp:attachment":[{"href":"https:\/\/euapp01.newsmemory.com\/lamarseillaise\/news\/wp-json\/wp\/v2\/media?parent=36081"}],"wp:term":[{"taxonomy":"category","embeddable":true,"href":"https:\/\/euapp01.newsmemory.com\/lamarseillaise\/news\/wp-json\/wp\/v2\/categories?post=36081"},{"taxonomy":"post_tag","embeddable":true,"href":"https:\/\/euapp01.newsmemory.com\/lamarseillaise\/news\/wp-json\/wp\/v2\/tags?post=36081"},{"taxonomy":"news-destination","embeddable":true,"href":"https:\/\/euapp01.newsmemory.com\/lamarseillaise\/news\/wp-json\/wp\/v2\/news-destination?post=36081"},{"taxonomy":"news-source","embeddable":true,"href":"https:\/\/euapp01.newsmemory.com\/lamarseillaise\/news\/wp-json\/wp\/v2\/news-source?post=36081"},{"taxonomy":"is_homepage","embeddable":true,"href":"https:\/\/euapp01.newsmemory.com\/lamarseillaise\/news\/wp-json\/wp\/v2\/is_homepage?post=36081"},{"taxonomy":"ta_other","embeddable":true,"href":"https:\/\/euapp01.newsmemory.com\/lamarseillaise\/news\/wp-json\/wp\/v2\/ta_other?post=36081"}],"curies":[{"name":"wp","href":"https:\/\/api.w.org\/{rel}","templated":true}]}}