{"id":36077,"date":"2026-07-11T08:01:00","date_gmt":"2026-07-11T06:01:00","guid":{"rendered":"https:\/\/euapp01.newsmemory.com\/lamarseillaise\/news\/?p=36077"},"modified":"2026-07-17T08:13:56","modified_gmt":"2026-07-17T06:13:56","slug":"les-pompiers-traquent-les-feux-la-justice-les-pyromanes","status":"publish","type":"post","link":"https:\/\/euapp01.newsmemory.com\/lamarseillaise\/news\/2026\/07\/11\/les-pompiers-traquent-les-feux-la-justice-les-pyromanes\/","title":{"rendered":"Les pompiers traquent les feux, la Justice les pyromanes"},"content":{"rendered":"<div class=\"paragraph\">\n<p>Rarement les pompiers de l\u2019H\u00e9rault et du Gard auront \u00e9t\u00e9 mis \u00e0 aussi rude \u00e9preuve en d\u00e9but d\u2019\u00e9t\u00e9. Depuis le dimanche 5\u00a0juillet, week-end cauchemardesque marqu\u00e9 par le d\u00e9part de nombreux incendies, les pompiers des Services d\u00e9partementaux d\u2019incendie et de secours (Sdis34 et 30) sont sur le qui-vive, entre lutte contre les flammes et traque des pyromanes aux c\u00f4t\u00e9s des gendarmes.<\/p>\n<p>Tandis que le village de Moul\u00e8s-et-Baucels (34) a battu un record de temp\u00e9rature le 8\u00a0juillet avec 43\u00a0\u00b0C, l\u2019H\u00e9rault a connu \u00ab<i>\u00a0<\/i><i>30 d\u00e9parts de feu par jour<\/i><i>\u00a0<\/i>\u00bb depuis samedi 4\u00a0juillet, selon la pr\u00e9f\u00e8te Chantal Mauchet. Laquelle, lundi 6\u00a0juillet, a demand\u00e9 aux maires, collectivit\u00e9s, chambres consulaires et employeurs publics comme priv\u00e9s de \u00ab<i>\u00a0<\/i><i>lib\u00e9rer les sapeurs-pompiers volontaires pour renforcer les effectifs engag\u00e9s<\/i><i>\u00a0<\/i>\u00bb. Ces volontaires sont invit\u00e9s \u00e0 se manifester aupr\u00e8s de leur centre de secours. En France, la situation est \u00ab<i>\u00a0<\/i><i>extr\u00eamement complexe<\/i><i>\u00a0<\/i>\u00bb sur le front des incendies, a ajout\u00e9 le ministre de l\u2019Int\u00e9rieur, Laurent Nunez, avec \u00ab<i>\u00a0<\/i><i>11<\/i><i>\u00a0<\/i><i>000<\/i><i>\u00a0<\/i><i>hectares br\u00fbl\u00e9s depuis le d\u00e9but de cette ann\u00e9e. L\u2019an pass\u00e9, \u00e0 la m\u00eame \u00e9poque, c\u2019\u00e9tait 5<\/i><i>\u00a0<\/i><i>700<\/i><i>\u00a0<\/i><i>hectares <\/i>\u00bb.<\/p>\n<p>Jeudi 9\u00a0juillet, les soldats du feu \u00e9taient encore \u00e0 pied d\u2019\u0153uvre pour tenter d\u2019\u00e9viter la propagation de l\u2019incendie de Carlencas-et-Levas, \u00e0 l\u2019Est de B\u00e9darieux, dans les hauts cantons de l\u2019H\u00e9rault. D\u00e9clar\u00e9 le 5\u00a0juillet, ce feu a d\u00e9j\u00e0 parcouru quelque 400 hectares.<\/p>\n<p>Un jeune homme de 27\u00a0ans qui a avou\u00e9 avoir mis le feu involontairement selon lui (en tentant de br\u00fbler une lettre) \u2013 ce dont doutent les enqu\u00eateurs \u2013 a \u00e9t\u00e9 d\u00e9f\u00e9r\u00e9 au parquet de B\u00e9ziers et plac\u00e9 en d\u00e9tention provisoire \u00e0 l\u2019issue de sa garde \u00e0 vue dans l\u2019attente de son proc\u00e8s qui aura lieu le 27\u00a0ao\u00fbt. D\u2019ici l\u00e0, une expertise psychiatrique aura lieu, l\u2019homme \u00e9tant plac\u00e9 sous curatelle. En 2020, l\u2019homme avait \u00e9t\u00e9 condamn\u00e9 \u00e0 3\u00a0ans de prison avec 2 ans de sursis probatoire pour destruction. Il encourt jusqu\u2019\u00e0 15 ans de prison et 150\u00a0000 euros d\u2019amende.<\/p>\n<\/p><\/div>\n<div class=\"intext\"> 4 jeunes interpell\u00e9s \u00e0 Al\u00e8s\n              <\/div>\n<div class=\"paragraph\">\n<p>Dans le Gard, parmi les incendies pas totalement ma\u00eetris\u00e9s jeudi 9\u00a0juillet figurent le feu de Roquemaure (25 hectares, 150 pompiers mobilis\u00e9s, 11 maisons \u00e9vacu\u00e9es), celui de Milhaud (100 pompiers, 13\u00a0ha parcourus) ou encore celui de Saint-Victor-de-Malcap (6\u00a0ha de chaume br\u00fbl\u00e9s, 70 pompiers). Ce dernier \u00e9tait en \u00ab<i>\u00a0<\/i><i>\u00e9volution favorable<\/i><i>\u00a0<\/i>\u00bb. Si aucune victime n\u2019est \u00e0 d\u00e9plorer, 10 pompiers ont \u00e9t\u00e9 l\u00e9g\u00e8rement bless\u00e9s.<\/p>\n<p>Du c\u00f4t\u00e9 d\u2019Al\u00e8s, quatre jeunes soup\u00e7onn\u00e9s d\u2019\u00eatre \u00e0 l\u2019origine de plusieurs d\u00e9parts de feux dans le quartier du Rieu, ont \u00e9t\u00e9 interpell\u00e9s dans la nuit du 5 au 6\u00a0juillet et plac\u00e9s sous contr\u00f4le judiciaire suite \u00e0 leur garde \u00e0 vue, selon nos confr\u00e8res d\u2019<i>Objectif Gard<\/i>. Arr\u00eat\u00e9 la veille dans une autre affaire, un quinquag\u00e9naire a \u00e9t\u00e9 interpell\u00e9 et plac\u00e9 en hospitalisation psychiatrique.<\/p>\n<p>90% des feux \u00e9tant d\u2019origine humaine, les pompiers appellent chaque citoyen \u00e0 la plus grande vigilance, les conditions climatiques d\u00e9favorables (canicule, vent&#8230;) favorisant la propagation rapide des incendies.<\/p>\n<\/p><\/div>\n","protected":false},"excerpt":{"rendered":"Rarement les pompiers de l&rsquo;H&eacute;rault et du Gard auront &eacute;t&eacute; mis &agrave; aussi rude &eacute;preuve en d&eacute;but d&rsquo;&eacute;t&eacute;. Depuis le dimanche 5&nbsp;juillet, week-end cauchemardesque marqu&eacute; par le &#8230;","protected":false},"author":1,"featured_media":36078,"comment_status":"open","ping_status":"open","sticky":false,"template":"","format":"standard","meta":{"footnotes":""},"categories":[3926,3925,333],"tags":[3991,6064,1673,238,1990,239,1396,200,320,6035,5879],"news-destination":[3944],"news-source":[475],"is_homepage":[],"ta_other":[],"class_list":["post-36077","post","type-post","status-publish","format-standard","has-post-thumbnail","hentry","category-accueil-merge","category-accueil-third","category-environnement","tag-bedarieux","tag-carlencas-et-levas","tag-feux","tag-gard","tag-garde-a-vue","tag-herault","tag-incendies","tag-justice","tag-pompiers","tag-pyromane","tag-sdis","news-destination-homepage","news-source-website"],"_links":{"self":[{"href":"https:\/\/euapp01.newsmemory.com\/lamarseillaise\/news\/wp-json\/wp\/v2\/posts\/36077","targetHints":{"allow":["GET"]}}],"collection":[{"href":"https:\/\/euapp01.newsmemory.com\/lamarseillaise\/news\/wp-json\/wp\/v2\/posts"}],"about":[{"href":"https:\/\/euapp01.newsmemory.com\/lamarseillaise\/news\/wp-json\/wp\/v2\/types\/post"}],"author":[{"embeddable":true,"href":"https:\/\/euapp01.newsmemory.com\/lamarseillaise\/news\/wp-json\/wp\/v2\/users\/1"}],"replies":[{"embeddable":true,"href":"https:\/\/euapp01.newsmemory.com\/lamarseillaise\/news\/wp-json\/wp\/v2\/comments?post=36077"}],"version-history":[{"count":1,"href":"https:\/\/euapp01.newsmemory.com\/lamarseillaise\/news\/wp-json\/wp\/v2\/posts\/36077\/revisions"}],"predecessor-version":[{"id":36079,"href":"https:\/\/euapp01.newsmemory.com\/lamarseillaise\/news\/wp-json\/wp\/v2\/posts\/36077\/revisions\/36079"}],"wp:featuredmedia":[{"embeddable":true,"href":"https:\/\/euapp01.newsmemory.com\/lamarseillaise\/news\/wp-json\/wp\/v2\/media\/36078"}],"wp:attachment":[{"href":"https:\/\/euapp01.newsmemory.com\/lamarseillaise\/news\/wp-json\/wp\/v2\/media?parent=36077"}],"wp:term":[{"taxonomy":"category","embeddable":true,"href":"https:\/\/euapp01.newsmemory.com\/lamarseillaise\/news\/wp-json\/wp\/v2\/categories?post=36077"},{"taxonomy":"post_tag","embeddable":true,"href":"https:\/\/euapp01.newsmemory.com\/lamarseillaise\/news\/wp-json\/wp\/v2\/tags?post=36077"},{"taxonomy":"news-destination","embeddable":true,"href":"https:\/\/euapp01.newsmemory.com\/lamarseillaise\/news\/wp-json\/wp\/v2\/news-destination?post=36077"},{"taxonomy":"news-source","embeddable":true,"href":"https:\/\/euapp01.newsmemory.com\/lamarseillaise\/news\/wp-json\/wp\/v2\/news-source?post=36077"},{"taxonomy":"is_homepage","embeddable":true,"href":"https:\/\/euapp01.newsmemory.com\/lamarseillaise\/news\/wp-json\/wp\/v2\/is_homepage?post=36077"},{"taxonomy":"ta_other","embeddable":true,"href":"https:\/\/euapp01.newsmemory.com\/lamarseillaise\/news\/wp-json\/wp\/v2\/ta_other?post=36077"}],"curies":[{"name":"wp","href":"https:\/\/api.w.org\/{rel}","templated":true}]}}