{"id":36074,"date":"2026-07-11T08:25:00","date_gmt":"2026-07-11T06:25:00","guid":{"rendered":"https:\/\/euapp01.newsmemory.com\/lamarseillaise\/news\/?p=36074"},"modified":"2026-07-17T08:40:07","modified_gmt":"2026-07-17T06:40:07","slug":"115-detenus-a-nimes-saisissent-la-justice","status":"publish","type":"post","link":"https:\/\/euapp01.newsmemory.com\/lamarseillaise\/news\/2026\/07\/11\/115-detenus-a-nimes-saisissent-la-justice\/","title":{"rendered":"115 d\u00e9tenus \u00e0 N\u00eemes saisissent la justice"},"content":{"rendered":"<div class=\"paragraph\">\n<p>Apr\u00e8s avoir port\u00e9 plainte contre Bruno Retailleau pour \u00ab\u00a0<i>discrimination<\/i><i>\u00a0<\/i>\u00bb et \u00ab<i>\u00a0<\/i><i>incitation \u00e0 la haine<\/i>\u00a0\u00bb lorsqu\u2019il \u00e9tait ministre de l\u2019Int\u00e9rieur, Khadija Aoudia porte cette <br \/>fois plainte contre G\u00e9rald Darmanin, le ministre de la Justice. En conf\u00e9rence de presse mercredi 8\u00a0juillet, l\u2019ancienne b\u00e2tonni\u00e8re du barreau de N\u00eemes a pr\u00e9cis\u00e9 que ce n\u2019\u00e9tait pas contre la personne morale, mais contre le ministre de la Justice que la plainte avait \u00e9t\u00e9 d\u00e9pos\u00e9e pour \u00ab\u00a0<i>non-assistance \u00e0 personne en danger<\/i>\u00a0\u00bb.<\/p>\n<p>Khadija Aoudia porte en effet une d\u00e9marche in\u00e9dite en France. Elle est parvenue \u00e0 rassembler 115\u00a0d\u00e9tenus (elle en attend d\u2019ailleurs d\u2019autres avant de d\u00e9poser officiellement la plainte avant la fin du mois) pour porter l\u2019affaire devant la Cour de justice de la R\u00e9publique (CJR). Les 115\u00a0d\u00e9tenus d\u00e9noncent en effet leurs conditions de d\u00e9tention \u00e0 N\u00eemes. \u00ab\u00a0<i>C\u2019est eux qui ont \u00e9crit<\/i>\u00a0\u00bb, pr\u00e9cise Khadija Aoudia. \u00ab\u00a0<i>J\u2019ai juste aid\u00e9 \u00e0 la mise en forme. C\u2019est la premi\u00e8re fois qu\u2019une telle d\u00e9marche est engag\u00e9e. Au lieu de provoquer de la violence entre eux, les d\u00e9tenus ont montr\u00e9 qu\u2019ils pouvaient se f\u00e9d\u00e9rer et<\/i> <i>mener une action commune.<\/i>\u00a0\u00bb<\/p>\n<\/p><\/div>\n<div class=\"intext\"> Une proc\u00e9dure administrative\n              <\/div>\n<div class=\"paragraph\">\n<p>Une situation connue tant la surpopulation carc\u00e9rale est importante \u00e0 la prison de N\u00eemes qui est pass\u00e9e de 480\u00a0d\u00e9tenus (pour 190\u00a0places) en 2024 \u00e0 770\u00a0d\u00e9tenus (pour 340 places) actuellement. Vid\u00e9os \u00e0 l\u2019appui, Khadija Aoudia a ensuite d\u00e9crit les cons\u00e9quences de cette surpopulation\u00a0: \u00ab\u00a0<i>Cela entra\u00eene une d\u00e9gradation de l\u2019\u00e9tat psychologique et physique des d\u00e9tenus. L\u2019insalubrit\u00e9 des lieux est manifeste, avec de l\u2019humidit\u00e9, pas d\u2019a\u00e9ration, de la moisissure, des temp\u00e9ratures ressenties actuellement de 50<\/i><i>\u00a0<\/i><i>degr\u00e9s. Il y a aussi des punaises de lit, des rats et des cafards. L\u2019acc\u00e8s aux soins est quasiment impossible et l\u2019acc\u00e8s aux douches est impossible car il n\u2019y a pas assez de surveillants pour les emmener. C\u2019est une catastrophe pour la dignit\u00e9 humaine. Et quel est le ministre de la Justice qui n\u2019a pas \u00e9t\u00e9 au courant de ces conditions<\/i><i>\u00a0<\/i><i>? Pour moi, le ministre de la Justice est parfaitement au courant des conditions et des risques, la non-assistance \u00e0 personne en danger est donc caract\u00e9ris\u00e9e.<\/i><i>\u00a0<\/i>\u00bb<\/p>\n<p>En parall\u00e8le de cette plainte d\u00e9pos\u00e9e au p\u00e9nal, Ma\u00eetre Arnaud Lemoine va d\u00e9poser un recours administratif pour que la direction de la maison d\u2019arr\u00eat de N\u00eemes am\u00e9liore la situation m\u00eame si l\u2019avocat a peu d\u2019espoir. L\u2019administration a deux mois pour y r\u00e9pondre \u00ab\u00a0<i>Nous constatons un effondrement du service public. L\u2019administration doit donc rendre des comptes. L\u2019\u00c9tat fran\u00e7ais a d\u00e9j\u00e0 \u00e9t\u00e9 condamn\u00e9 par la Cour europ\u00e9enne des droits de l\u2019Homme mais rien ne bouge. L\u2019\u00c9tat ne peut pas se d\u00e9douaner de l\u2019absence de moyens. Il faut d\u2019abord d\u00e9finir les buts \u00e0 atteindre et ensuite se donner les moyens<\/i>\u00a0\u00bb, fustige l\u2019avocat.<\/p>\n<p>Cette double d\u00e9marche pourrait faire des \u00e9mules. Bien conscients de la surpopulation carc\u00e9rale, de nombreux d\u00e9tenus partout en France sont au courant de cette d\u00e9marche et l\u2019initiative pourrait faire des petits. Une plainte similaire pourrait d\u2019ailleurs \u00eatre annonc\u00e9e dans les prochaines semaines \u00e0 Villeneuve-l\u00e8s-Maguelone dans l\u2019H\u00e9rault.<\/p>\n<\/p><\/div>\n<div class=\"paragraph\">\n<p>\u00ab\u00a0C\u2019est la premi\u00e8re fois qu\u2019une telle d\u00e9marche est engag\u00e9e\u00a0\u00bb<\/p>\n<\/p><\/div>\n","protected":false},"excerpt":{"rendered":"Apr&egrave;s avoir port&eacute; plainte contre Bruno Retailleau pour &laquo;&nbsp;discrimination&nbsp;&raquo; et &laquo;&nbsp;incitation &agrave; la haine&nbsp;&raquo; lorsqu&rsquo;il &eacute;tait ministre de l&rsquo;Int&eacute;rieur, Khadija Aoudia &#8230;","protected":false},"author":1,"featured_media":36075,"comment_status":"open","ping_status":"open","sticky":false,"template":"","format":"standard","meta":{"footnotes":""},"categories":[3926,3925,20],"tags":[247,2196,2578,238,200,4691,241,1031,3429,5845,1981],"news-destination":[3944],"news-source":[475],"is_homepage":[],"ta_other":[],"class_list":["post-36074","post","type-post","status-publish","format-standard","has-post-thumbnail","hentry","category-accueil-merge","category-accueil-third","category-societe","tag-247","tag-avocat","tag-detenus","tag-gard","tag-justice","tag-khadija-aoudia","tag-nimes","tag-prison","tag-punaises-de-lit","tag-rats","tag-surpopulation-carcerale","news-destination-homepage","news-source-website"],"_links":{"self":[{"href":"https:\/\/euapp01.newsmemory.com\/lamarseillaise\/news\/wp-json\/wp\/v2\/posts\/36074","targetHints":{"allow":["GET"]}}],"collection":[{"href":"https:\/\/euapp01.newsmemory.com\/lamarseillaise\/news\/wp-json\/wp\/v2\/posts"}],"about":[{"href":"https:\/\/euapp01.newsmemory.com\/lamarseillaise\/news\/wp-json\/wp\/v2\/types\/post"}],"author":[{"embeddable":true,"href":"https:\/\/euapp01.newsmemory.com\/lamarseillaise\/news\/wp-json\/wp\/v2\/users\/1"}],"replies":[{"embeddable":true,"href":"https:\/\/euapp01.newsmemory.com\/lamarseillaise\/news\/wp-json\/wp\/v2\/comments?post=36074"}],"version-history":[{"count":1,"href":"https:\/\/euapp01.newsmemory.com\/lamarseillaise\/news\/wp-json\/wp\/v2\/posts\/36074\/revisions"}],"predecessor-version":[{"id":36076,"href":"https:\/\/euapp01.newsmemory.com\/lamarseillaise\/news\/wp-json\/wp\/v2\/posts\/36074\/revisions\/36076"}],"wp:featuredmedia":[{"embeddable":true,"href":"https:\/\/euapp01.newsmemory.com\/lamarseillaise\/news\/wp-json\/wp\/v2\/media\/36075"}],"wp:attachment":[{"href":"https:\/\/euapp01.newsmemory.com\/lamarseillaise\/news\/wp-json\/wp\/v2\/media?parent=36074"}],"wp:term":[{"taxonomy":"category","embeddable":true,"href":"https:\/\/euapp01.newsmemory.com\/lamarseillaise\/news\/wp-json\/wp\/v2\/categories?post=36074"},{"taxonomy":"post_tag","embeddable":true,"href":"https:\/\/euapp01.newsmemory.com\/lamarseillaise\/news\/wp-json\/wp\/v2\/tags?post=36074"},{"taxonomy":"news-destination","embeddable":true,"href":"https:\/\/euapp01.newsmemory.com\/lamarseillaise\/news\/wp-json\/wp\/v2\/news-destination?post=36074"},{"taxonomy":"news-source","embeddable":true,"href":"https:\/\/euapp01.newsmemory.com\/lamarseillaise\/news\/wp-json\/wp\/v2\/news-source?post=36074"},{"taxonomy":"is_homepage","embeddable":true,"href":"https:\/\/euapp01.newsmemory.com\/lamarseillaise\/news\/wp-json\/wp\/v2\/is_homepage?post=36074"},{"taxonomy":"ta_other","embeddable":true,"href":"https:\/\/euapp01.newsmemory.com\/lamarseillaise\/news\/wp-json\/wp\/v2\/ta_other?post=36074"}],"curies":[{"name":"wp","href":"https:\/\/api.w.org\/{rel}","templated":true}]}}