{"id":36067,"date":"2026-07-10T17:45:00","date_gmt":"2026-07-10T15:45:00","guid":{"rendered":"https:\/\/euapp01.newsmemory.com\/lamarseillaise\/news\/?p=36067"},"modified":"2026-07-11T22:16:33","modified_gmt":"2026-07-11T20:16:33","slug":"beaucaire-le-baillon-rn-retoque-par-la-justice","status":"publish","type":"post","link":"https:\/\/euapp01.newsmemory.com\/lamarseillaise\/news\/2026\/07\/10\/beaucaire-le-baillon-rn-retoque-par-la-justice\/","title":{"rendered":"Beaucaire : le b\u00e2illon RN retoqu\u00e9 par la justice"},"content":{"rendered":"<div class=\"paragraph\">\n<p>C\u2019est un revers cinglant pour l\u2019extr\u00eame droite beaucairoise. Le 8 juillet 2026, le tribunal judiciaire de N\u00eemes a d\u00e9bout\u00e9 Julien Sanchez, Nelson Chaudon et la mairie de Beaucaire de l\u2019int\u00e9gralit\u00e9 de leurs demandes contre L\u2019Arl\u00e9sienne et Street Press. Les deux m\u00e9dias d\u2019investigation avaient \u00e9t\u00e9 tra\u00een\u00e9s en justice pour avoir enqu\u00eat\u00e9 en automne 2025 sur la politique discriminatoire d\u2019attribution des commerces du centre-ville, o\u00f9 des t\u00e9moignages \u00e9voquaient une mise \u00e0 l\u2019\u00e9cart de commer\u00e7ants d\u2019origine maghr\u00e9bine ou latino-am\u00e9ricaine. Une pratique que Sanchez lui-m\u00eame avait r\u00e9sum\u00e9e, sans la moindre g\u00eane, d\u00e8s son arriv\u00e9e \u00e0 l\u2019h\u00f4tel de ville en 2014 : \u00ab <i>Le souk, c\u2019est termin\u00e9<\/i>. \u00bb<\/p>\n<p>Le juge des r\u00e9f\u00e9r\u00e9s a tranch\u00e9 net. Il a estim\u00e9 que \u00ab<i> le caract\u00e8re manifestement illicite du trouble n\u2019est pas caract\u00e9ris\u00e9<\/i> \u00bb et que \u00ab <i>l\u2019exception de bonne foi [constitue] en l\u2019esp\u00e8ce un caract\u00e8re s\u00e9rieux<\/i> \u00bb. En clair : l\u2019enqu\u00eate est suffisamment solide pour ne pas relever de la diffamation manifeste. La justice rappelle aussi les limites du r\u00e9f\u00e9r\u00e9 : appr\u00e9cier \u00ab<i> la r\u00e9alit\u00e9 du s\u00e9rieux de l\u2019enqu\u00eate<\/i> \u00bb, la \u00ab<i> base factuelle suffisante<\/i> \u00bb ou encore la \u00ab <i>mesure dans l\u2019expression<\/i> \u00bb rel\u00e8ve d\u2019un d\u00e9bat au fond. Or la mairie RN avait choisi l\u2019urgence, celle qui sert \u00e0 faire taire vite, \u00e0 retirer vite, \u00e0 intimider fort. R\u00e9sultat : un camouflet pour des plaignants qui r\u00e9clamaient la d\u00e9publication des articles, le retrait des num\u00e9ros papier des kiosques (en pleine p\u00e9riode \u00e9lectorale, faut-il le rappeler), et pas moins de 18 000 euros de dommages et int\u00e9r\u00eats au total.<\/p>\n<p>\u00ab <i>La justice a suivi nos arguments, les pi\u00e8ces fournies de notre enqu\u00eate ont prouv\u00e9 la bonne foi de notre travail<\/i> \u00bb, se f\u00e9licite Me Valentine Reb\u00e9rioux, avocate commune de L\u2019Arl\u00e9sienne et de Street Press. Lors de l\u2019audience du 27 mai, l\u2019avocate avait rappel\u00e9 que la mairie avait \u00e9t\u00e9 sollicit\u00e9e \u00e0 trois reprises sans jamais r\u00e9pondre, et que la Chambre r\u00e9gionale des comptes avait elle-m\u00eame point\u00e9 des dysfonctionnements au sein de la commune d\u00e8s 2020.<\/p>\n<\/p><\/div>\n<div class=\"intext\"> Une victoire, mais la facture reste\n              <\/div>\n<div class=\"paragraph\">\n<p>Cette victoire juridique ne doit pas masquer le co\u00fbt r\u00e9el des proc\u00e9dures-b\u00e2illons. L\u2019Arl\u00e9sienne devra avancer \u00e0 ses propres frais les honoraires d\u2019huissier pour notifier la d\u00e9cision \u00e0 la mairie, \u00e0 sa charge, donc. Ses frais d\u2019avocat ne seront pas mis \u00e0 la charge des plaignants. Aucun dommage et int\u00e9r\u00eat pour proc\u00e9dure abusive n\u2019a par ailleurs \u00e9t\u00e9 retenu. Le RN dispose encore de quinze jours pour faire appel et porter l\u2019affaire devant la cour d\u2019appel. L\u2019\u00e9puisement financier et proc\u00e9dural des r\u00e9dactions ind\u00e9pendantes : c\u2019est pr\u00e9cis\u00e9ment la m\u00e9canique des b\u00e2illons.<\/p>\n<p>\u00c9ric Besatti, directeur de publication de L\u2019Arl\u00e9sienne, l\u2019avait dit sans d\u00e9tour \u00e0 L\u2019Humanit\u00e9 d\u00e9but juillet : enqu\u00eater sur le RN est \u00ab <i>tr\u00e8s difficile<\/i> \u00bb, car \u00ab<i> tout le monde a peur de parler<\/i> \u00bb. Sept t\u00e9moignages \u00e9tayent pourtant l\u2019enqu\u00eate, minutieusement recoup\u00e9s. \u00ab<i> Ce qu\u2019on \u00e9crit, on le pense, et on le prouve <\/i>\u00bb, tranchait-il. Street Press comptait d\u00e9but 2026 une quinzaine de proc\u00e9dures en cours, dont les deux tiers \u00e9manant de l\u2019extr\u00eame droite. Z\u00e9ro condamnation \u00e0 ce jour.<\/p>\n<p>Pendant ce temps, la mairie de Beaucaire continue de s\u2019affranchir de ses obligations l\u00e9gales en ne publiant pas les proc\u00e8s-verbaux complets de ses conseils municipaux, contrairement \u00e0 ce qu\u2019exige pourtant la loi. Les \u00e9lus d\u2019opposition r\u00e9clament depuis des ann\u00e9es la liste des locaux pr\u00e9empt\u00e9s, leurs attributaires et les crit\u00e8res retenus. Silence total. La transparence, visiblement, est r\u00e9serv\u00e9e aux autres communes.<\/p>\n<p>D\u00e9sormais, le d\u00e9lai de prescription de trois mois pour attaquer l\u2019enqu\u00eate au fond est d\u00e9pass\u00e9 : la mairie ne peut plus, juridiquement, s\u2019en prendre au contenu des articles. Il ne lui reste plus qu\u2019une option : r\u00e9pondre sur le fond. Ce qu\u2019elle refuse depuis le premier jour. L\u2019Arl\u00e9sienne affirme rester ouverte \u00e0 la publication des r\u00e9ponses de la Ville. Or, depuis des ann\u00e9es, l\u2019opposition municipale r\u00e9clame d\u00e9j\u00e0 la liste des locaux pr\u00e9empt\u00e9s ou lou\u00e9s, l\u2019identit\u00e9 de leurs b\u00e9n\u00e9ficiaires et les crit\u00e8res d\u2019attribution. Sur ces demandes comme sur celles des journalistes, la mairie fait silence radio. Mais comme le rappelait Besatti, \u00ab <i>le journalisme est un sport de combat<\/i> \u00bb. Round gagn\u00e9.<\/p>\n<\/p><\/div>\n<div class=\"paragraph\">\n<p><i>La Marseillaise est solidaire de L\u2019Arl\u00e9sienne et de Street Press. Pour les soutenir et financer leurs frais de justice : journaux en kiosques ou larlesienne.info et streetpress.com<\/i><\/p>\n<\/p><\/div>\n","protected":false},"excerpt":{"rendered":"C&rsquo;est un revers cinglant pour l&rsquo;extr&ecirc;me droite beaucairoise. Le 8 juillet 2026, le tribunal judiciaire de N&icirc;mes a d&eacute;bout&eacute; Julien Sanchez, Nelson Chaudon et la mairie de Beaucaire de &#8230;","protected":false},"author":1,"featured_media":36068,"comment_status":"open","ping_status":"open","sticky":false,"template":"","format":"standard","meta":{"footnotes":""},"categories":[918,3926,3925,330],"tags":[652,203,1276,441,654,2948,241,2265,1694,439],"news-destination":[3944],"news-source":[475],"is_homepage":[],"ta_other":[],"class_list":["post-36067","post","type-post","status-publish","format-standard","has-post-thumbnail","hentry","category-accueil","category-accueil-merge","category-accueil-third","category-politique","tag-beaucaire","tag-diffamation","tag-enquete","tag-extreme-droite","tag-julien-sanchez","tag-liberte-de-la-presse","tag-nimes","tag-presse-locale","tag-proces","tag-rn","news-destination-homepage","news-source-website"],"_links":{"self":[{"href":"https:\/\/euapp01.newsmemory.com\/lamarseillaise\/news\/wp-json\/wp\/v2\/posts\/36067","targetHints":{"allow":["GET"]}}],"collection":[{"href":"https:\/\/euapp01.newsmemory.com\/lamarseillaise\/news\/wp-json\/wp\/v2\/posts"}],"about":[{"href":"https:\/\/euapp01.newsmemory.com\/lamarseillaise\/news\/wp-json\/wp\/v2\/types\/post"}],"author":[{"embeddable":true,"href":"https:\/\/euapp01.newsmemory.com\/lamarseillaise\/news\/wp-json\/wp\/v2\/users\/1"}],"replies":[{"embeddable":true,"href":"https:\/\/euapp01.newsmemory.com\/lamarseillaise\/news\/wp-json\/wp\/v2\/comments?post=36067"}],"version-history":[{"count":1,"href":"https:\/\/euapp01.newsmemory.com\/lamarseillaise\/news\/wp-json\/wp\/v2\/posts\/36067\/revisions"}],"predecessor-version":[{"id":36069,"href":"https:\/\/euapp01.newsmemory.com\/lamarseillaise\/news\/wp-json\/wp\/v2\/posts\/36067\/revisions\/36069"}],"wp:featuredmedia":[{"embeddable":true,"href":"https:\/\/euapp01.newsmemory.com\/lamarseillaise\/news\/wp-json\/wp\/v2\/media\/36068"}],"wp:attachment":[{"href":"https:\/\/euapp01.newsmemory.com\/lamarseillaise\/news\/wp-json\/wp\/v2\/media?parent=36067"}],"wp:term":[{"taxonomy":"category","embeddable":true,"href":"https:\/\/euapp01.newsmemory.com\/lamarseillaise\/news\/wp-json\/wp\/v2\/categories?post=36067"},{"taxonomy":"post_tag","embeddable":true,"href":"https:\/\/euapp01.newsmemory.com\/lamarseillaise\/news\/wp-json\/wp\/v2\/tags?post=36067"},{"taxonomy":"news-destination","embeddable":true,"href":"https:\/\/euapp01.newsmemory.com\/lamarseillaise\/news\/wp-json\/wp\/v2\/news-destination?post=36067"},{"taxonomy":"news-source","embeddable":true,"href":"https:\/\/euapp01.newsmemory.com\/lamarseillaise\/news\/wp-json\/wp\/v2\/news-source?post=36067"},{"taxonomy":"is_homepage","embeddable":true,"href":"https:\/\/euapp01.newsmemory.com\/lamarseillaise\/news\/wp-json\/wp\/v2\/is_homepage?post=36067"},{"taxonomy":"ta_other","embeddable":true,"href":"https:\/\/euapp01.newsmemory.com\/lamarseillaise\/news\/wp-json\/wp\/v2\/ta_other?post=36067"}],"curies":[{"name":"wp","href":"https:\/\/api.w.org\/{rel}","templated":true}]}}