{"id":36063,"date":"2026-07-11T08:03:00","date_gmt":"2026-07-11T06:03:00","guid":{"rendered":"https:\/\/euapp01.newsmemory.com\/lamarseillaise\/news\/?p=36063"},"modified":"2026-07-17T08:27:01","modified_gmt":"2026-07-17T06:27:01","slug":"tribune-culture-grave-menace-sur-les-institutions-culturelles-du-territoire","status":"publish","type":"post","link":"https:\/\/euapp01.newsmemory.com\/lamarseillaise\/news\/2026\/07\/11\/tribune-culture-grave-menace-sur-les-institutions-culturelles-du-territoire\/","title":{"rendered":"[Tribune] Culture : grave menace sur les institutions culturelles du territoire"},"content":{"rendered":"<div class=\"paragraph\">\n<p>Des maires et adjoints \u00e0 la Culture de toute la France interpellent <br \/>le pr\u00e9sident de la R\u00e9publique<\/p>\n<\/p><\/div>\n<div class=\"paragraph\">\n<p>Alors que notre pays est confront\u00e9 \u00e0 un mur budg\u00e9taire historique, chacun mesure la n\u00e9cessit\u00e9 de contribuer \u00e0 l\u2019effort collectif de redressement des finances publiques.<\/p>\n<p>Les collectivit\u00e9s territoriales comme les institutions culturelles qu\u2019elles soutiennent en partenariat avec l\u2019\u00c9tat n\u2019ont jamais ignor\u00e9 cette exigence. Depuis de nombreuses ann\u00e9es, elles ont fait preuve d\u2019esprit de grande responsabilit\u00e9 en assumant leur part des ajustements budg\u00e9taires tout en maintenant des services publics essentiels au quotidien de nos concitoyens, comme celui de la culture, et en poursuivant sans rel\u00e2che leur mission de d\u00e9mocratisation culturelle au service de tous les publics.<\/p>\n<p>C\u2019est dans ce contexte que nous avons appris avec effroi l\u2019annonce d\u2019une r\u00e9duction sans pr\u00e9c\u00e9dent des subventions de l\u2019\u00c9tat destin\u00e9es \u00e0 28\u00a0institutions culturelles majeures engag\u00e9es sur nos territoires. Un tel arbitrage, brutal et sans concertation pr\u00e9alable, s\u2019ajouterait \u00e0 une premi\u00e8re coupe effectu\u00e9e sur les budgets culturels de l\u2019\u00c9tat dans les R\u00e9gions en avril. S\u2019il \u00e9tait confirm\u00e9 dans les semaines qui viennent, ses cons\u00e9quences seraient imm\u00e9diates et d\u00e9sastreuses.<\/p>\n<p>Celle et ceux qui prennent ces d\u00e9cisions \u00e0 un stade aussi tardif de l\u2019ann\u00e9e ont-ils vraiment mesur\u00e9 leurs cons\u00e9quences sur la p\u00e9rennit\u00e9 de ces institutions, alors m\u00eame que les programmations artistiques sont act\u00e9es, les contrats sign\u00e9s et les d\u00e9penses largement engag\u00e9es et incompressibles\u00a0?<\/p>\n<p>De telles coupes massives conduiraient \u00e0 constater de tr\u00e8s graves d\u00e9ficits \u00e0 la fin de l\u2019ann\u00e9e 2026 et \u00e0 compromettre d\u00e8s 2027 l\u2019avenir de ces institutions. En effet, d\u00e9j\u00e0 fragilis\u00e9es par plusieurs ann\u00e9es de tensions inflationnistes et budg\u00e9taires, elles seraient confront\u00e9es \u00e0 des arbitrages impossibles\u00a0: annulation de spectacles, abandon de projets, r\u00e9duction de l\u2019offre culturelle, suppressions d\u2019emplois ou, dans les situations les plus critiques, remise en cause de leur activit\u00e9 m\u00eame.<\/p>\n<p>Celles et ceux qui prennent ces d\u00e9cisions radicales ont-ils mesur\u00e9 que les contributions demand\u00e9es constituent une entreprise de d\u00e9molition alors qu\u2019elles n\u2019auront en r\u00e9alit\u00e9 aucun effet sensible sur la r\u00e9duction du d\u00e9ficit de l\u2019\u00c9tat\u00a0?<\/p>\n<p>C\u2019est un prix totalement disproportionn\u00e9 que l\u2019on ferait payer \u00e0 la culture en raison de la d\u00e9rive des finances de l\u2019\u00c9tat. La conduite des finances publiques ne peut reposer sur des d\u00e9cisions impos\u00e9es, sans pr\u00e9visibilit\u00e9 pour les \u00e9tablissements, et au m\u00e9pris des engagements d\u00e9j\u00e0 contract\u00e9s et de la confiance qui doit pr\u00e9sider aux relations entre l\u2019\u00c9tat et ses partenaires.<\/p>\n<p>Monsieur le Pr\u00e9sident de la R\u00e9publique, ne laissez pas s\u2019accomplir cette atteinte aux fondations de la d\u00e9centralisation culturelle engag\u00e9e par Andr\u00e9 Malraux. N\u2019hypoth\u00e9quez pas l\u2019avenir des \u00e9quipes artistiques et techniques qui \u0153uvrent sur les territoires. Ne donnez pas quitus \u00e0 ce qui constituerait un reniement du pacte culturel r\u00e9publicain avec les territoires et avec tous ses publics.<\/p>\n<p>Monsieur le Pr\u00e9sident de la R\u00e9publique, sachez que nous sommes pr\u00eats, comme nous l\u2019avons toujours fait, \u00e0 participer \u00e0 la r\u00e9flexion collective sur les moyens de concilier responsabilit\u00e9 budg\u00e9taire et ambition culturelle. Mais un tel projet suppose de la visibilit\u00e9 pluriannuelle et le respect des engagements pris. Il ne peut se faire brutalement dans le m\u00e9pris de la parole donn\u00e9e.<\/p>\n<p>Monsieur le Pr\u00e9sident de la R\u00e9publique, la France a toujours puis\u00e9 une part de sa force dans sa cr\u00e9ation, dans ses artistes et dans ses institutions culturelles. En faisant de l\u2019op\u00e9ra, du th\u00e9\u00e2tre, de la danse, de la musique des variables d\u2019ajustement du d\u00e9ficit public, vous oubliez que l\u2019art et la culture sont un levier majeur de d\u00e9mocratisation culturelle, qu\u2019ils r\u00e9duisent les fractures sociales et territoriales, \u00e9l\u00e8vent le niveau de connaissance et d\u2019\u00e9mancipation de nos concitoyens, cr\u00e9ent de l\u2019emploi et renforcent l\u2019attractivit\u00e9 et l\u2019influence de nos territoires.<\/p>\n<p>Pr\u00e9server cet h\u00e9ritage et r\u00e9fl\u00e9chir \u00e0 son avenir est une responsabilit\u00e9 que nous nous devons de partager collectivement.<\/p>\n<\/p><\/div>\n<div class=\"paragraph\">\n<p><b>Rapha\u00ebl Adam<\/b> \u2013 Maire de la Ville de Nanterre<\/p>\n<p><b>Rozenn Andro<\/b> \u2013 Adjointe \u00e0 la culture Ville de Rennes, Pr\u00e9sidente du conseil de surveillance du Th\u00e9\u00e2tre National de Bretagne<\/p>\n<p><b>Nathalie A<\/b><b>p<\/b><b>p\u00e9r\u00e9<\/b> \u2013 Maire de la Ville de Rennes, Pr\u00e9sidente de Rennes M\u00e9tropole<\/p>\n<p><b>Bally Bagayoko<\/b> \u2013 Maire de la Ville de Saint-Denis Pierrefitte<\/p>\n<p><b>Xavier Bertrand<\/b> \u2013 Pr\u00e9sident de la r\u00e9gion Hauts-de-France<\/p>\n<p><b>Nathalie Bois-Huyghe<\/b> \u2013 Adjointe au Maire de la Ville de Bordeaux charg\u00e9e de la culture et des m\u00e9moires<\/p>\n<p><b>Sofia Boutrih<\/b> \u2013 Adjointe au Maire de la Ville de Saint-Denis Pierrefitte en charge de la culture, de l\u2019\u00e9v\u00e9nementiel et des grands rendez-vous populaires<\/p>\n<p><b>Laurent Cathala <\/b>\u2013 Maire de la Ville de Cr\u00e9teil et Pr\u00e9sident de Grand Paris Sud Est Avenir<\/p>\n<p><b>Claire Chazal<\/b> \u2013 Vice-pr\u00e9sidente de l\u2019Op\u00e9ra de Lyon<\/p>\n<p><b>Thomas Cazenave<\/b> \u2013 Maire de la Ville de Bordeaux<\/p>\n<p><b>Mickael Delafosse<\/b> \u2013 Maire de la Ville de Montpellier, Pr\u00e9sident de Montpellier M\u00e9diterran\u00e9e M\u00e9tropole<\/p>\n<p><b>Arnaud Deslandes<\/b> \u2013 Maire de la Ville de Lille<\/p>\n<p><b>Pauline Diaz<\/b> \u2013 Adjointe au Maire de la Ville de Villeurbanne d\u00e9l\u00e9gu\u00e9e \u00e0 la culture et aux droits culturels<\/p>\n<p><b>Agn\u00e8s Dolhem<\/b> \u2013 Adjointe \u00e0 la culture de la Ville d\u2019H\u00e9rouville-Saint-Clair<\/p>\n<p><b>Gr\u00e9gory Doucet<\/b> \u2013 Maire de la Ville de Lyon<\/p>\n<p><b>Anne Fahmy <\/b>\u2013 Pr\u00e9sidente de l\u2019Op\u00e9ra National de Bordeaux, Adjointe au maire de la Ville de Bordeaux charg\u00e9e de l\u2019\u00e9ducation, de l\u2019enfance et des politiques alimentaires<\/p>\n<p><b>Emmanuel Gr\u00e9goire<\/b> \u2013 Maire de la Ville de Paris<\/p>\n<p><b>Sylvie Hubac<\/b> \u2013 Pr\u00e9sidente de l\u2019Op\u00e9ra de Lyon<\/p>\n<p><b>Sylvie Jacq<\/b> \u2013 Vice-Pr\u00e9sidente du conseil d\u00e9partemental du Calvados en charge de la culture<\/p>\n<p><b>Pierre Jakubowicz<\/b> \u2013 Adjoint \u00e0 la culture, au patrimoine et aux arts de la Ville de Strasbourg, Pr\u00e9sident de l\u2019Op\u00e9ra national du Rhin, Pr\u00e9sident de l\u2019Orchestre philharmonique de Strasbourg<\/p>\n<p><b>R\u00e9gis Juanico<\/b> \u2013 Maire de la Ville de Saint-\u00c9tienne, Pr\u00e9sident de Saint-\u00c9tienne M\u00e9tropole<\/p>\n<p><b>Sofienne Karroumi<\/b> \u2013 Maire de la Ville d\u2019Aubervilliers, Vice-Pr\u00e9sident de Plaine Commune<\/p>\n<p><b>Guillaume Lissy<\/b> \u2013 Pr\u00e9sident de Grenoble Alpes M\u00e9tropole<\/p>\n<p><b>Bertrand Masson<\/b> \u2013 Pr\u00e9sident de l\u2019Op\u00e9ra national de Nancy \u2013 Lorraine et adjoint \u00e0 la culture de la Ville de Nancy<\/p>\n<p><b>Alexis Monge<\/b> \u2013 Adjoint \u00e0 la vie culturelle et aux arts Ville de Grenoble<\/p>\n<p><b>Herv\u00e9 Morin<\/b> \u2013 Pr\u00e9sident de l\u2019Op\u00e9ra Orchestre Normandie Rouen et de la R\u00e9gion Normandie<\/p>\n<p><b>Jean-Luc Moudenc<\/b> \u2013 Maire de la Ville de Toulouse et Pr\u00e9sident de Toulouse M\u00e9tropole<\/p>\n<p><b>Patrick Nicolle<\/b> \u2013 Adjoint \u00e0 la culture de la Ville de Caen<\/p>\n<p><b>Aristide Olivier<\/b> \u2013 Maire de la Ville de Caen<\/p>\n<p><b>Beno\u00eet Payan<\/b> \u2013 Maire de la Ville de Marseille<\/p>\n<p><b>Florence Portelli<\/b> \u2013 Pr\u00e9sidente de l\u2019Orchestre national d\u2019\u00cele-de-France, Pr\u00e9sidente d\u00e9l\u00e9gu\u00e9e de la R\u00e9gion \u00cele-de-France en charge de la culture, du patrimoine, de la cr\u00e9ation et de la francophonie<\/p>\n<p><b>Philom\u00e8ne R\u00e9camier<\/b> \u2013 Adjointe \u00e0 la Culture de la Ville de Lyon<\/p>\n<p><b>C\u00e9cile Renault<\/b> \u2013 Pr\u00e9sidente de la MC93 Maison de la culture de Seine-Saint-Denis<\/p>\n<p><b>Agn\u00e8s Robin<\/b> \u2013 Adjointe \u00e0 la Culture de la Ville de Montpellier, administratrice de l\u2019OONMO<\/p>\n<p><b>Arnaud Robinet<\/b> \u2013 Maire de la Ville de Reims<\/p>\n<p><b>Sylvie Robert<\/b> \u2013 S\u00e9natrice d\u2019Ille-et-Vilaine, Membre du Conseil de surveillance du Th\u00e9\u00e2tre National de Bretagne<\/p>\n<p><b>Johanna Rolland<\/b> \u2013 Maire de la Ville de Nantes, Pr\u00e9sidente de Nantes M\u00e9tropole<\/p>\n<p><b>Laurence Ruffin<\/b> \u2013 Maire de la Ville de Grenoble<\/p>\n<p><b>Florian Sitbon<\/b> \u2013 Adjoint au Maire de la Ville de Paris charg\u00e9 de la culture<\/p>\n<p><b>Catherine Trautmann<\/b> \u2013 Maire de la Ville de Strasbourg, Pr\u00e9sidente de l\u2019Eurom\u00e9tropole de Strasbourg, ancienne ministre de la Culture<\/p>\n<p><b>Rodolphe Thomas<\/b> \u2013 Maire de la Ville d\u2019H\u00e9rouville-Saint-Clair, Vice-pr\u00e9sident de la R\u00e9gion Normandie<\/p>\n<p><b>St\u00e9phane Troussel<\/b> \u2013 Pr\u00e9sident du D\u00e9partement de la Seine-Saint-Denis<\/p>\n<p><b>Laetitia Valentin<\/b> \u2013 Adjointe charg\u00e9e des arts et cultures, Ville de Saint-\u00c9tienne<\/p>\n<p><b>C\u00e9dric Van Styvendael<\/b> \u2013 Maire de la Ville de Villeurbanne<\/p>\n<p><b>Nicole Yardeni<\/b> \u2013 Adjointe \u00e0 la Culture, Ville de Toulouse, Pr\u00e9sidente de l\u2019\u00c9tablissement public du Capitole &#8211; Op\u00e9ra national et Orchestre national<\/p>\n<\/p><\/div>\n","protected":false},"excerpt":{"rendered":"Des maires et adjoints &agrave; la Culture de toute la France interpellent le pr&eacute;sident de la R&eacute;publiqueAlors que notre pays est confront&eacute; &agrave; un mur budg&eacute;taire historique, chacun mesure la n&eacute;cessit&eacute; de &#8230;","protected":false},"author":1,"featured_media":36064,"comment_status":"open","ping_status":"open","sticky":false,"template":"","format":"standard","meta":{"footnotes":""},"categories":[3926,3925,32,20],"tags":[4380,1236,430,208,1680,1250,133,1046,572,325,1239,2666,484,1137,1828,916,1241,99,1408],"news-destination":[3944],"news-source":[475],"is_homepage":[],"ta_other":[],"class_list":["post-36063","post","type-post","status-publish","format-standard","has-post-thumbnail","hentry","category-accueil-merge","category-accueil-third","category-culture","category-societe","tag-abandon","tag-artistes","tag-budget","tag-collectivites","tag-cultures","tag-danse","tag-departement","tag-finances-publiques","tag-france","tag-musique","tag-opera","tag-president-de-la-republique","tag-services-publics","tag-spectacles","tag-stade","tag-subventions","tag-theatre","tag-ville-de-marseille","tag-ville-de-montpellier","news-destination-homepage","news-source-website"],"_links":{"self":[{"href":"https:\/\/euapp01.newsmemory.com\/lamarseillaise\/news\/wp-json\/wp\/v2\/posts\/36063","targetHints":{"allow":["GET"]}}],"collection":[{"href":"https:\/\/euapp01.newsmemory.com\/lamarseillaise\/news\/wp-json\/wp\/v2\/posts"}],"about":[{"href":"https:\/\/euapp01.newsmemory.com\/lamarseillaise\/news\/wp-json\/wp\/v2\/types\/post"}],"author":[{"embeddable":true,"href":"https:\/\/euapp01.newsmemory.com\/lamarseillaise\/news\/wp-json\/wp\/v2\/users\/1"}],"replies":[{"embeddable":true,"href":"https:\/\/euapp01.newsmemory.com\/lamarseillaise\/news\/wp-json\/wp\/v2\/comments?post=36063"}],"version-history":[{"count":1,"href":"https:\/\/euapp01.newsmemory.com\/lamarseillaise\/news\/wp-json\/wp\/v2\/posts\/36063\/revisions"}],"predecessor-version":[{"id":36065,"href":"https:\/\/euapp01.newsmemory.com\/lamarseillaise\/news\/wp-json\/wp\/v2\/posts\/36063\/revisions\/36065"}],"wp:featuredmedia":[{"embeddable":true,"href":"https:\/\/euapp01.newsmemory.com\/lamarseillaise\/news\/wp-json\/wp\/v2\/media\/36064"}],"wp:attachment":[{"href":"https:\/\/euapp01.newsmemory.com\/lamarseillaise\/news\/wp-json\/wp\/v2\/media?parent=36063"}],"wp:term":[{"taxonomy":"category","embeddable":true,"href":"https:\/\/euapp01.newsmemory.com\/lamarseillaise\/news\/wp-json\/wp\/v2\/categories?post=36063"},{"taxonomy":"post_tag","embeddable":true,"href":"https:\/\/euapp01.newsmemory.com\/lamarseillaise\/news\/wp-json\/wp\/v2\/tags?post=36063"},{"taxonomy":"news-destination","embeddable":true,"href":"https:\/\/euapp01.newsmemory.com\/lamarseillaise\/news\/wp-json\/wp\/v2\/news-destination?post=36063"},{"taxonomy":"news-source","embeddable":true,"href":"https:\/\/euapp01.newsmemory.com\/lamarseillaise\/news\/wp-json\/wp\/v2\/news-source?post=36063"},{"taxonomy":"is_homepage","embeddable":true,"href":"https:\/\/euapp01.newsmemory.com\/lamarseillaise\/news\/wp-json\/wp\/v2\/is_homepage?post=36063"},{"taxonomy":"ta_other","embeddable":true,"href":"https:\/\/euapp01.newsmemory.com\/lamarseillaise\/news\/wp-json\/wp\/v2\/ta_other?post=36063"}],"curies":[{"name":"wp","href":"https:\/\/api.w.org\/{rel}","templated":true}]}}