{"id":36059,"date":"2026-07-11T07:49:00","date_gmt":"2026-07-11T05:49:00","guid":{"rendered":"https:\/\/euapp01.newsmemory.com\/lamarseillaise\/news\/?p=36059"},"modified":"2026-07-17T08:00:56","modified_gmt":"2026-07-17T06:00:56","slug":"au-off-jean-luc-melenchon-fait-salle-pleine-en-terrain-conquis","status":"publish","type":"post","link":"https:\/\/euapp01.newsmemory.com\/lamarseillaise\/news\/2026\/07\/11\/au-off-jean-luc-melenchon-fait-salle-pleine-en-terrain-conquis\/","title":{"rendered":"Au Off, Jean-Luc M\u00e9lenchon fait salle pleine en terrain conquis"},"content":{"rendered":"<div class=\"paragraph\">\n<p>Apr\u00e8s Xavier Bertrand samedi dernier et avant Marine Tondelier (samedi 20h) ou Dominique de Villepin (23\u00a0juillet, 17h30), Jean-Luc M\u00e9lenchon \u00e9tait l\u2019invit\u00e9 du Festival off jeudi soir. Un format commun d\u2019une heure pour tous les pr\u00e9tendants d\u00e9clar\u00e9s ou putatifs \u00e0 l\u2019\u00c9lys\u00e9e en mai prochain. Sans faire injure \u00e0 Xavier Bertrand, l\u2019engouement \u00e9tait tout autre pour le leader insoumis devant un public \u00ab\u00a0<i>un peu de gauche quand m\u00eame<\/i>\u00a0\u00bb, sourit l\u2019int\u00e9ress\u00e9, tr\u00e8s applaudi par environ 300\u00a0personnes.<\/p>\n<p>Apr\u00e8s <a rel=\"noopener noreferrer\" href=\"https:\/\/www.lamarseillaise.fr\/social\/plus-de-900-manifestants-a-avignon-face-aux-coupes-dans-la-culture-EO20483052\" target=\"_blank\">avoir quelques minutes plus t\u00f4t assist\u00e9 \u00e0 la manifestation en d\u00e9fense du spectacle vivant, <\/a>Jean-Luc M\u00e9lenchon devait d\u00e9cliner son programme culturel. Du moins sur le papier. Car celui qui candidate pour la 4<sup>e<\/sup>\u00a0fois \u00e0 la pr\u00e9sidentielle a davantage livr\u00e9 sa conception philosophique de la culture plut\u00f4t qu\u2019un catalogue de mesures. \u00ab<i>\u00a0<\/i><i>Pour \u00eatre honn\u00eate, je n\u2019y peux rien<\/i>\u00a0\u00bb, l\u00e2che-t-il d\u2019embl\u00e9e \u00e0 Marie Sorbier, journaliste \u00e0 France culture charg\u00e9e d\u2019animer l\u2019entretien, lui demandant quelle place concr\u00e8te aurait la culture dans son programme. Jean-Luc M\u00e9lenchon sait tr\u00e8s bien que ce ne sera pas le th\u00e8me de pr\u00e9dilection de la campagne. Pr\u00e9f\u00e9rant ne pas le nommer, l\u2019ex-d\u00e9put\u00e9 raille Olivier Galzi, maire (DVD) d\u2019Avignon, qui a diminu\u00e9 les subventions aux associations et a \u00e9voqu\u00e9 un devoir de neutralit\u00e9 des structures. \u00ab\u00a0<i>Un tartuffe, cet homme n\u2019est pas au courant que la culture est une interpellation de l\u2019ordre \u00e9tabli<\/i>\u00a0\u00bb, estime-t-il.<\/p>\n<p>Jean-Luc M\u00e9lenchon remet en avant le concept de \u00ab\u00a0<i>cr\u00e9olisation<\/i>\u00a0\u00bb qu\u2019il emploie depuis plusieurs ann\u00e9es. \u00ab\u00a0<i>On m\u2019accuse de vouloir faire dispara\u00eetre le fran\u00e7ais, mais cette langue est une invention politique de Fran\u00e7ois I<\/i><i><sup>er<\/sup><\/i>\u00a0\u00bb, th\u00e9orise-t-il. \u00ab<i>\u00a0<\/i><i>Oui, mais quelle mesure concr\u00e8te<\/i><i>\u00a0<\/i><i>?<\/i><i>\u00a0<\/i>\u00bb, s\u2019escrime Marie Sorbier. \u00ab<i>\u00a0<\/i><i>Je liquide l\u2019empire Bollor\u00e9<\/i>\u00a0\u00bb, clame Jean-Luc M\u00e9lenchon sous les vivats. Pas tant les activit\u00e9s industrielles mais bien m\u00e9diatiques et d\u2019\u00e9ditions. Le fondateur de la France insoumise pr\u00e9voit m\u00eame une premi\u00e8re loi d\u00e8s l\u2019\u00e9t\u00e9 prochain pour \u00ab\u00a0<i>d\u00e9manteler cet empire<\/i>\u00a0\u00bb qu\u2019il englobe dans un combat plus large contre \u00ab\u00a0<i>le supr\u00e9macisme<\/i><i>\u00a0<\/i>\u00bb.<\/p>\n<p>L\u00e0 o\u00f9 les acteurs culturels r\u00e9clament que 1\u00a0% du budget de l\u2019\u00c9tat soit consacr\u00e9 \u00e0 la culture, Jean-Luc M\u00e9lenchon pr\u00e9f\u00e8re ne pas parler de chiffres ni de co\u00fbt, car \u00ab\u00a0<i>la culture fait surgir des choses extr\u00eamement rentables<\/i>\u00a0\u00bb. Parfois \u00e9vasif, comme au sujet de l\u2019abolition des avantages fiscaux sur le m\u00e9c\u00e9nat culturel, le candidat est un plus disert sur l\u2019intelligence artificielle\u00a0: \u00ab<i>\u00a0<\/i><i>Ne vous laissez pas submerger par la peur, qui est le seul lien social que le capitalisme d\u00e9veloppe, l\u2019IA est un outil cela d\u00e9pendra de votre usage<\/i><i>\u00a0<\/i><i>\u00bb<\/i>. Et de conclure en filant sur-le-champ\u00a0: \u00ab\u00a0<i>Le feu sacr\u00e9 de la culture, c\u2019est l\u2019insoumission<\/i>\u00a0\u00bb.<\/p>\n<\/p><\/div>\n","protected":false},"excerpt":{"rendered":"Apr&egrave;s Xavier Bertrand samedi dernier et avant Marine Tondelier (samedi 20h) ou Dominique de Villepin (23&nbsp;juillet, 17h30), Jean-Luc M&eacute;lenchon &eacute;tait l&rsquo;invit&eacute; du Festival off jeudi soir. Un format commun &#8230;","protected":false},"author":1,"featured_media":36060,"comment_status":"open","ping_status":"open","sticky":false,"template":"","format":"standard","meta":{"footnotes":""},"categories":[3926,3925,330],"tags":[495,174,186,573,171],"news-destination":[3944],"news-source":[475],"is_homepage":[],"ta_other":[],"class_list":["post-36059","post","type-post","status-publish","format-standard","has-post-thumbnail","hentry","category-accueil-merge","category-accueil-third","category-politique","tag-495","tag-avignon","tag-festival-davignon-off","tag-jean-luc-melenchon","tag-vaucluse","news-destination-homepage","news-source-website"],"_links":{"self":[{"href":"https:\/\/euapp01.newsmemory.com\/lamarseillaise\/news\/wp-json\/wp\/v2\/posts\/36059","targetHints":{"allow":["GET"]}}],"collection":[{"href":"https:\/\/euapp01.newsmemory.com\/lamarseillaise\/news\/wp-json\/wp\/v2\/posts"}],"about":[{"href":"https:\/\/euapp01.newsmemory.com\/lamarseillaise\/news\/wp-json\/wp\/v2\/types\/post"}],"author":[{"embeddable":true,"href":"https:\/\/euapp01.newsmemory.com\/lamarseillaise\/news\/wp-json\/wp\/v2\/users\/1"}],"replies":[{"embeddable":true,"href":"https:\/\/euapp01.newsmemory.com\/lamarseillaise\/news\/wp-json\/wp\/v2\/comments?post=36059"}],"version-history":[{"count":1,"href":"https:\/\/euapp01.newsmemory.com\/lamarseillaise\/news\/wp-json\/wp\/v2\/posts\/36059\/revisions"}],"predecessor-version":[{"id":36061,"href":"https:\/\/euapp01.newsmemory.com\/lamarseillaise\/news\/wp-json\/wp\/v2\/posts\/36059\/revisions\/36061"}],"wp:featuredmedia":[{"embeddable":true,"href":"https:\/\/euapp01.newsmemory.com\/lamarseillaise\/news\/wp-json\/wp\/v2\/media\/36060"}],"wp:attachment":[{"href":"https:\/\/euapp01.newsmemory.com\/lamarseillaise\/news\/wp-json\/wp\/v2\/media?parent=36059"}],"wp:term":[{"taxonomy":"category","embeddable":true,"href":"https:\/\/euapp01.newsmemory.com\/lamarseillaise\/news\/wp-json\/wp\/v2\/categories?post=36059"},{"taxonomy":"post_tag","embeddable":true,"href":"https:\/\/euapp01.newsmemory.com\/lamarseillaise\/news\/wp-json\/wp\/v2\/tags?post=36059"},{"taxonomy":"news-destination","embeddable":true,"href":"https:\/\/euapp01.newsmemory.com\/lamarseillaise\/news\/wp-json\/wp\/v2\/news-destination?post=36059"},{"taxonomy":"news-source","embeddable":true,"href":"https:\/\/euapp01.newsmemory.com\/lamarseillaise\/news\/wp-json\/wp\/v2\/news-source?post=36059"},{"taxonomy":"is_homepage","embeddable":true,"href":"https:\/\/euapp01.newsmemory.com\/lamarseillaise\/news\/wp-json\/wp\/v2\/is_homepage?post=36059"},{"taxonomy":"ta_other","embeddable":true,"href":"https:\/\/euapp01.newsmemory.com\/lamarseillaise\/news\/wp-json\/wp\/v2\/ta_other?post=36059"}],"curies":[{"name":"wp","href":"https:\/\/api.w.org\/{rel}","templated":true}]}}