{"id":36056,"date":"2026-07-11T07:51:00","date_gmt":"2026-07-11T05:51:00","guid":{"rendered":"https:\/\/euapp01.newsmemory.com\/lamarseillaise\/news\/?p=36056"},"modified":"2026-07-17T08:00:56","modified_gmt":"2026-07-17T06:00:56","slug":"la-cgt-paca-promet-un-festival-contre-lextreme-droite","status":"publish","type":"post","link":"https:\/\/euapp01.newsmemory.com\/lamarseillaise\/news\/2026\/07\/11\/la-cgt-paca-promet-un-festival-contre-lextreme-droite\/","title":{"rendered":"La CGT Paca promet un festival contre l\u2019extr\u00eame droite"},"content":{"rendered":"<div class=\"paragraph\">\n<p>Apr\u00e8s, lundi, <a rel=\"noopener noreferrer\" href=\"https:\/\/www.lamarseillaise.fr\/social\/la-bataille-culturelle-contre-l-extreme-droite-en-debat-a-avignon-GA20465838\" target=\"_blank\">la tenue d\u2019une rencontre \u00e0 l\u2019initiative de la CGT spectacle pour<\/a> se pr\u00e9munir face \u00e0 l\u2019extr\u00eame droite, le comit\u00e9 r\u00e9gional CGT Paca s\u2019est r\u00e9uni ce vendredi au sein de la Bourse du travail d\u2019Avignon. Avec un peu la m\u00eame optique au sein de chaque union d\u00e9partementale\u00a0: promouvoir la culture comme rempart \u00e0 l\u2019extr\u00eame droite. \u00ab\u00a0<i>On est dans une p\u00e9riode cruciale d\u2019affrontement entre l\u2019extr\u00eame droite et les id\u00e9es de progr\u00e8s social<\/i><i>\u00a0<\/i>\u00bb, campe Patrice Kantarjian, secr\u00e9taire r\u00e9gional de la CGT. Surtout depuis que l\u2019extr\u00eame droite, via \u00ab<i>\u00a0<\/i><i>les milliardaires Bollor\u00e9 ou St\u00e9rin ont d\u00e9cid\u00e9 d\u2019investir le champ de la culture avec des moyens colossaux<\/i>\u00a0\u00bb, constate-t-il.<\/p>\n<p>Localement, les exemples sont nombreux \u00ab\u00a0<i>avec le RN q<a rel=\"noopener noreferrer\" href=\"https:\/\/www.lamarseillaise.fr\/politique\/la-mairie-rn-de-monteux-retire-a-la-mjc-42000-euros-de-subventions-HO20482371\" target=\"_blank\">ui cible la culture populaire comme \u00e0 Monteux en coupant drastiquement sa subvention \u00e0 la MJC<\/a><\/i><a rel=\"noopener noreferrer\" href=\"https:\/\/www.lamarseillaise.fr\/politique\/la-mairie-rn-de-monteux-retire-a-la-mjc-42000-euros-de-subventions-HO20482371\" target=\"_blank\"> [notre \u00e9dition de vendredi]<\/a>\u00a0\u00bb, note Patrice Kantarjian. Dans les Bouches-du-Rh\u00f4ne, la CGT s\u2019est mobilis\u00e9e \u00e0 Aix en novembre contre la programmation de la Dame de pierre, spectacle sur Notre-Dame de Paris promu par Pierre-<span class=\"mln_uppercase_mln\">\u00e9<\/span>douard St\u00e9rin. \u00ab\u00a0<i>Des membres de l\u2019Action fran\u00e7aise \u00e9taient l\u00e0, cela pose aussi des probl\u00e8mes sur le droit du travail qui n\u2019est pas respect\u00e9 avec des b\u00e9n\u00e9voles qui agissent \u00e0 la place d\u2019intermittents du spectacle, on a saisi l\u2019inspection du travail<\/i>\u00a0\u00bb, rappelle Marc Pietrosino, secr\u00e9taire de l\u2019UD des Bouches-du-Rh\u00f4ne. La mobilisation devrait reprendre car le spectacle est programm\u00e9 au D\u00f4me de Marseille le 22\u00a0septembre.<\/p>\n<p>\u00ab\u00a0<i>Partout o\u00f9 l\u2019extr\u00eame droite veut r\u00e9\u00e9crire l\u2019histoire, la CGT sera l\u00e0 pour construire un contre r\u00e9cit avec des villages de la paix, des pi\u00e8ces de th\u00e9\u00e2tres, de la musique, des biblioth\u00e8ques&#8230;<\/i>\u00a0\u00bb, pr\u00e9vient Richard Rom\u00e9o-Giberti, secr\u00e9taire de l\u2019UD CGT du Var. \u00c0 Avignon, \u00ab<i>\u00a0<\/i><i>depuis 18<\/i><i>\u00a0<\/i><i>ans au <a rel=\"noopener noreferrer\" href=\"https:\/\/www.lamarseillaise.fr\/culture\/la-lutte-sociale-se-joue-aussi-sur-les-planches-LA20466782\" target=\"_blank\">Festival, la CGT ouvre son th\u00e9\u00e2tre de la Bourse du travail <\/a>comme lieu de contre-pouvoir \u00e0 l\u2019extr\u00eame droite dans l\u2019esprit de Jean Vilar<\/i>\u00a0\u00bb, appuie Laurence de Vill\u00e8le, secr\u00e9taire de l\u2019UD CGT de Vaucluse. Maxime S\u00e9chaud, secr\u00e9taire adjoint de la CGT spectacle, assure que \u00ab\u00a0<i>face aux coupes budg\u00e9taires du gouvernement, on se serre les coudes en construisant un mouvement commun<\/i>\u00a0\u00bb. \u00ab\u00a0<i>Il faut sortir de la logique mortif\u00e8re du tableau Excel, la culture ne peut se concevoir comme une matrice math\u00e9matique<\/i><i>\u00a0<\/i>\u00bb, exhorte Richard Rom\u00e9o-Giberti.<\/p>\n<\/p><\/div>\n","protected":false},"excerpt":{"rendered":"Apr&egrave;s, lundi, la tenue d&rsquo;une rencontre &agrave; l&rsquo;initiative de la CGT spectacle pour se pr&eacute;munir face &agrave; l&rsquo;extr&ecirc;me droite, le comit&eacute; r&eacute;gional CGT Paca s&rsquo;est r&eacute;uni ce vendredi au &#8230;","protected":false},"author":1,"featured_media":36057,"comment_status":"open","ping_status":"open","sticky":false,"template":"","format":"standard","meta":{"footnotes":""},"categories":[3926,3925,32,331],"tags":[495,174,113,441,171],"news-destination":[3944],"news-source":[475],"is_homepage":[],"ta_other":[],"class_list":["post-36056","post","type-post","status-publish","format-standard","has-post-thumbnail","hentry","category-accueil-merge","category-accueil-third","category-culture","category-social","tag-495","tag-avignon","tag-cgt","tag-extreme-droite","tag-vaucluse","news-destination-homepage","news-source-website"],"_links":{"self":[{"href":"https:\/\/euapp01.newsmemory.com\/lamarseillaise\/news\/wp-json\/wp\/v2\/posts\/36056","targetHints":{"allow":["GET"]}}],"collection":[{"href":"https:\/\/euapp01.newsmemory.com\/lamarseillaise\/news\/wp-json\/wp\/v2\/posts"}],"about":[{"href":"https:\/\/euapp01.newsmemory.com\/lamarseillaise\/news\/wp-json\/wp\/v2\/types\/post"}],"author":[{"embeddable":true,"href":"https:\/\/euapp01.newsmemory.com\/lamarseillaise\/news\/wp-json\/wp\/v2\/users\/1"}],"replies":[{"embeddable":true,"href":"https:\/\/euapp01.newsmemory.com\/lamarseillaise\/news\/wp-json\/wp\/v2\/comments?post=36056"}],"version-history":[{"count":1,"href":"https:\/\/euapp01.newsmemory.com\/lamarseillaise\/news\/wp-json\/wp\/v2\/posts\/36056\/revisions"}],"predecessor-version":[{"id":36058,"href":"https:\/\/euapp01.newsmemory.com\/lamarseillaise\/news\/wp-json\/wp\/v2\/posts\/36056\/revisions\/36058"}],"wp:featuredmedia":[{"embeddable":true,"href":"https:\/\/euapp01.newsmemory.com\/lamarseillaise\/news\/wp-json\/wp\/v2\/media\/36057"}],"wp:attachment":[{"href":"https:\/\/euapp01.newsmemory.com\/lamarseillaise\/news\/wp-json\/wp\/v2\/media?parent=36056"}],"wp:term":[{"taxonomy":"category","embeddable":true,"href":"https:\/\/euapp01.newsmemory.com\/lamarseillaise\/news\/wp-json\/wp\/v2\/categories?post=36056"},{"taxonomy":"post_tag","embeddable":true,"href":"https:\/\/euapp01.newsmemory.com\/lamarseillaise\/news\/wp-json\/wp\/v2\/tags?post=36056"},{"taxonomy":"news-destination","embeddable":true,"href":"https:\/\/euapp01.newsmemory.com\/lamarseillaise\/news\/wp-json\/wp\/v2\/news-destination?post=36056"},{"taxonomy":"news-source","embeddable":true,"href":"https:\/\/euapp01.newsmemory.com\/lamarseillaise\/news\/wp-json\/wp\/v2\/news-source?post=36056"},{"taxonomy":"is_homepage","embeddable":true,"href":"https:\/\/euapp01.newsmemory.com\/lamarseillaise\/news\/wp-json\/wp\/v2\/is_homepage?post=36056"},{"taxonomy":"ta_other","embeddable":true,"href":"https:\/\/euapp01.newsmemory.com\/lamarseillaise\/news\/wp-json\/wp\/v2\/ta_other?post=36056"}],"curies":[{"name":"wp","href":"https:\/\/api.w.org\/{rel}","templated":true}]}}