{"id":36053,"date":"2026-07-11T07:51:00","date_gmt":"2026-07-11T05:51:00","guid":{"rendered":"https:\/\/euapp01.newsmemory.com\/lamarseillaise\/news\/?p=36053"},"modified":"2026-07-17T08:00:56","modified_gmt":"2026-07-17T06:00:56","slug":"le-projet-alcotra-met-a-contribution-les-collegiens","status":"publish","type":"post","link":"https:\/\/euapp01.newsmemory.com\/lamarseillaise\/news\/2026\/07\/11\/le-projet-alcotra-met-a-contribution-les-collegiens\/","title":{"rendered":"Le projet Alcotra met \u00e0 contribution les coll\u00e9giens"},"content":{"rendered":"<div class=\"paragraph\">\n<p>Plus que jamais les \u00eelots de chaleur deviennent invivables, et les villes des Alpes, bien que temporairement plus pr\u00e9serv\u00e9es par la chaleur du fait de l\u2019altitude, sont de plus en plus concern\u00e9es. C\u2019est pourquoi plusieurs acteurs fran\u00e7ais et italiens ont d\u00e9cid\u00e9 de lancer ensemble le projet Alcotra Reverd, visant \u00e0 repenser les espaces publics et les adapter \u00e0 ce changement. Ce vendredi au centre dioc\u00e9sain de Gap \u00e9tait l\u2019occasion de cl\u00f4turer la premi\u00e8re phase de ce partenariat transfrontalier soutenu par l\u2019Union europ\u00e9enne, et men\u00e9 en tandem par le conseil d\u2019architecture, d\u2019urbanisme et d\u2019environnement des hautes Alpes (CAUE) et Tauttemi, bureau d\u2019\u00e9tudes d\u2019architecture bas\u00e9 \u00e0 Coni, en Italie.<\/p>\n<p>\u00ab<i>\u00a0<\/i><i>On s\u2019est retrouv\u00e9s ensemble parce que d\u2019un c\u00f4t\u00e9 comme de l\u2019autre de la fronti\u00e8re on a les m\u00eames probl\u00e9matiques,<\/i> explique Marc Viossat pr\u00e9sident du CAUE et vice-pr\u00e9sident d\u00e9partemental en charge de la transition \u00e9nerg\u00e9tique et des mobilit\u00e9s alternatives<i>.<\/i> <i>On voit tr\u00e8s bien que c\u2019est un sujet d\u2019actualit\u00e9, et qu\u2019en montagne l\u2019\u00e9volution climatique va encore plus vite qu\u2019en plaine. On a quasiment gagn\u00e9 deux degr\u00e9s, il y a urgence.<\/i><i>\u00a0<\/i>\u00bb \u00c0 ses c\u00f4t\u00e9s, Andr\u00e9 Marino, du bureau Tautemi, qui a pilot\u00e9 le projet c\u00f4t\u00e9 italien<i> <\/i>: \u00ab<i>\u00a0<\/i><i>Notre programme passe par deux axes. D\u2019abord, travailler avec les \u00e9coles et sensibiliser les nouvelles g\u00e9n\u00e9rations sur la fa\u00e7on dont penser diff\u00e9remment les espaces publics,<\/i> expose ce dernier. <i>Nous avons fait le m\u00eame travail avec les techniciens des petites villes et communes qui n\u2019ont souvent pas les ressources pour de grands projets mais qui peuvent coop\u00e9rer car elles sont confront\u00e9es aux m\u00eames probl\u00e8mes.<\/i>\u00a0\u00bb<i><\/i><\/p>\n<p>L\u2019un de ces travaux de coop\u00e9ration est pass\u00e9 par un concours entre les coll\u00e8ges de Brian\u00e7on, de Tallard, de Guillestre et trois coll\u00e8ges italiens, qui consistait \u00e0 repenser l\u2019am\u00e9nagement de leur coll\u00e8ge pour l\u2019adapter au changement climatique. La classe de 4<sup>e<\/sup> de Guillestre a \u00e9t\u00e9 r\u00e9compens\u00e9e par le jury, avec celle du coll\u00e8ge de Cerasca en Italie. Les coll\u00e9giens guillestrois ont con\u00e7u la maquette d\u2019une cour remani\u00e9e, avec un cours d\u2019eau, un petit lac, une fontaine \u00e0 eau, des espaces v\u00e9g\u00e9talis\u00e9s, des jardini\u00e8res et une tonnelle enherb\u00e9e. Ils ont \u00e9galement imagin\u00e9 une cour qui ne soit plus organis\u00e9e autour du terrain de foot, bien souvent occup\u00e9 par les gar\u00e7ons et rel\u00e9guant les filles en p\u00e9riph\u00e9rie. Au mois de mai, les deux coll\u00e8ges vainqueurs ont particip\u00e9 ensemble \u00e0 un voyage p\u00e9dagogique \u00e0 Turin. \u00ab<i>\u00a0<\/i><i>On remercie le CAUE pour les apports scientifiques et p\u00e9dagogiques apport\u00e9s aux \u00e9l\u00e8ves, et on esp\u00e8re pouvoir tr\u00e8s grandement dans les ann\u00e9es qui vont suivre pouvoir r\u00e9aliser une cour qui soit agr\u00e9able, vivable, pour les \u00e9l\u00e8ves et le personnel<\/i><i>\u00a0<\/i>\u00bb, a r\u00e9agi E.\u00a0Lagraniere, CPE du coll\u00e8ge de Guillestre.<\/p>\n<\/p><\/div>\n<div class=\"intext\"> Passer \u00e0 la phase op\u00e9rationnelle\n              <\/div>\n<div class=\"paragraph\">\n<p>Cet apr\u00e8s-midi au centre dioc\u00e9sain a permis de revenir sur les diff\u00e9rentes \u00e9tapes du projet et d\u2019en cl\u00f4turer cette premi\u00e8re phase. \u00ab<i>\u00a0<\/i><i>Pour tout vous dire, on aimerait maintenant passer au c\u00f4t\u00e9 op\u00e9rationnel, <\/i>esp\u00e8re Marc Viossat. <i>C\u2019est pour \u00e7a que tous les deux, avec Andr\u00e9a, nous allons pr\u00e9senter une candidature d\u2019un autre projet Alcotra avec des r\u00e9alisations dans les \u00e9coles notamment, c\u00f4t\u00e9 Hautes-Alpes et c\u00f4t\u00e9 italien.<\/i>\u00a0\u00bb<i> <\/i>Pass\u00e9e la phase d\u2019\u00e9tude et de sensibilisation, le pr\u00e9sident du CAUE souhaite d\u00e9sormais entamer les travaux des am\u00e9nagements de v\u00e9g\u00e9talisation et de cr\u00e9ation d\u2019\u00eelots de fra\u00eecheur dans les \u00e9coles primaires de Gap et au coll\u00e8ge de Guillestre. \u00ab<i>\u00a0<\/i><i>On esp\u00e8re \u00eatre retenus pour passer \u00e0 l\u2019op\u00e9rationnel d\u00e8s l\u2019ann\u00e9e prochaine<\/i><i>\u00a0<\/i>\u00bb<i>, <\/i>projette-t-il.<i> <\/i>Les travaux, si le projet est retenu par l\u2019Union europ\u00e9enne, seraient financ\u00e9s \u00e0 80% par celle-ci et 20% par le D\u00e9partement, avec l\u2019objectif de d\u00e9buter l\u2019ann\u00e9e prochaine.<\/p>\n<\/p><\/div>\n","protected":false},"excerpt":{"rendered":"Plus que jamais les &icirc;lots de chaleur deviennent invivables, et les villes des Alpes, bien que temporairement plus pr&eacute;serv&eacute;es par la chaleur du fait de l&rsquo;altitude, sont de plus en plus concern&eacute;es. C&rsquo;est pourquoi &#8230;","protected":false},"author":1,"featured_media":36054,"comment_status":"open","ping_status":"open","sticky":false,"template":"","format":"standard","meta":{"footnotes":""},"categories":[3926,3925,333],"tags":[4768,372,207,1532,4046,1207,595,1547],"news-destination":[3944],"news-source":[475],"is_homepage":[],"ta_other":[],"class_list":["post-36053","post","type-post","status-publish","format-standard","has-post-thumbnail","hentry","category-accueil-merge","category-accueil-third","category-environnement","tag-alpes","tag-canicule","tag-changement-climatique","tag-college","tag-ilots-de-fraicheur","tag-italie","tag-urbanisme","tag-vegetalisation","news-destination-homepage","news-source-website"],"_links":{"self":[{"href":"https:\/\/euapp01.newsmemory.com\/lamarseillaise\/news\/wp-json\/wp\/v2\/posts\/36053","targetHints":{"allow":["GET"]}}],"collection":[{"href":"https:\/\/euapp01.newsmemory.com\/lamarseillaise\/news\/wp-json\/wp\/v2\/posts"}],"about":[{"href":"https:\/\/euapp01.newsmemory.com\/lamarseillaise\/news\/wp-json\/wp\/v2\/types\/post"}],"author":[{"embeddable":true,"href":"https:\/\/euapp01.newsmemory.com\/lamarseillaise\/news\/wp-json\/wp\/v2\/users\/1"}],"replies":[{"embeddable":true,"href":"https:\/\/euapp01.newsmemory.com\/lamarseillaise\/news\/wp-json\/wp\/v2\/comments?post=36053"}],"version-history":[{"count":1,"href":"https:\/\/euapp01.newsmemory.com\/lamarseillaise\/news\/wp-json\/wp\/v2\/posts\/36053\/revisions"}],"predecessor-version":[{"id":36055,"href":"https:\/\/euapp01.newsmemory.com\/lamarseillaise\/news\/wp-json\/wp\/v2\/posts\/36053\/revisions\/36055"}],"wp:featuredmedia":[{"embeddable":true,"href":"https:\/\/euapp01.newsmemory.com\/lamarseillaise\/news\/wp-json\/wp\/v2\/media\/36054"}],"wp:attachment":[{"href":"https:\/\/euapp01.newsmemory.com\/lamarseillaise\/news\/wp-json\/wp\/v2\/media?parent=36053"}],"wp:term":[{"taxonomy":"category","embeddable":true,"href":"https:\/\/euapp01.newsmemory.com\/lamarseillaise\/news\/wp-json\/wp\/v2\/categories?post=36053"},{"taxonomy":"post_tag","embeddable":true,"href":"https:\/\/euapp01.newsmemory.com\/lamarseillaise\/news\/wp-json\/wp\/v2\/tags?post=36053"},{"taxonomy":"news-destination","embeddable":true,"href":"https:\/\/euapp01.newsmemory.com\/lamarseillaise\/news\/wp-json\/wp\/v2\/news-destination?post=36053"},{"taxonomy":"news-source","embeddable":true,"href":"https:\/\/euapp01.newsmemory.com\/lamarseillaise\/news\/wp-json\/wp\/v2\/news-source?post=36053"},{"taxonomy":"is_homepage","embeddable":true,"href":"https:\/\/euapp01.newsmemory.com\/lamarseillaise\/news\/wp-json\/wp\/v2\/is_homepage?post=36053"},{"taxonomy":"ta_other","embeddable":true,"href":"https:\/\/euapp01.newsmemory.com\/lamarseillaise\/news\/wp-json\/wp\/v2\/ta_other?post=36053"}],"curies":[{"name":"wp","href":"https:\/\/api.w.org\/{rel}","templated":true}]}}