{"id":36050,"date":"2026-07-11T07:52:00","date_gmt":"2026-07-11T05:52:00","guid":{"rendered":"https:\/\/euapp01.newsmemory.com\/lamarseillaise\/news\/?p=36050"},"modified":"2026-07-17T08:00:56","modified_gmt":"2026-07-17T06:00:56","slug":"la-cgt-sante-alerte-sur-un-management-agressif","status":"publish","type":"post","link":"https:\/\/euapp01.newsmemory.com\/lamarseillaise\/news\/2026\/07\/11\/la-cgt-sante-alerte-sur-un-management-agressif\/","title":{"rendered":"La CGT Sant\u00e9 alerte sur un \u00ab&nbsp;management agressif&nbsp;\u00bb"},"content":{"rendered":"<div class=\"paragraph\">\n<p>J<i>e n\u2019ai plus l\u2019impression de travailler dans un h\u00f4pital, j\u2019ai l\u2019impression de travailler dans une prison<\/i><i>\u00a0<\/i>\u00bb, a \u00e9crit, il y a quelques jours, une infirmi\u00e8re \u00e0 C\u00e9dric Volait, repr\u00e9sentant de la CGT Sant\u00e9 des Alpes. Selon lui, depuis le mois de janvier, les conditions de travail ne cessent de se d\u00e9grader au sein des \u00e9tablissements sanitaires, sociaux et m\u00e9dico-sociaux du d\u00e9partement. \u00ab<i>\u00a0<\/i><i>Les salari\u00e9s nous alertent d\u2019un management agressif et r\u00e9pressif. Ce n\u2019\u00e9tait pas trop le cas, mais l\u00e0, ce type de gestion monte en puissance. De nombreux salari\u00e9s ont l\u2019impression qu\u2019il y a une volont\u00e9 de les faire partir<\/i><i>\u00a0<\/i>\u00bb, regrette C\u00e9dric Volait, aussi coordinateur r\u00e9gional Paca de la CGT Sant\u00e9.<\/p>\n<\/p><\/div>\n<div class=\"intext\"> Une augmentation<br \/>\n               <br \/>des conseils de discipline\n              <\/div>\n<div class=\"paragraph\">\n<p>Le d\u00e9l\u00e9gu\u00e9 syndical dit observer une hausse des conseils de discipline au sein des \u00e9tablissements pour des raisons qui, selon lui, ne sont pas valables. Surprise par son directeur, une aide-soignante a \u00e9t\u00e9 convoqu\u00e9e pour s\u2019\u00eatre assoupie lors de sa garde de nuit, affirme-t-il. \u00ab<i>\u00a0<\/i><i>\u00c9c\u0153ur\u00e9e<\/i><i>\u00a0<\/i>\u00bb, elle a d\u00e9missionn\u00e9. \u00ab<i>\u00a0<\/i><i>Ce qui se r\u00e9glait avec un avertissement verbal prend aujourd\u2019hui des proportions d\u00e9mesur\u00e9es. C\u2019est tr\u00e8s brutal<\/i><b>\u00a0<\/b>\u00bb, estime C\u00e9dric Volait.<\/p>\n<p>Certains entretiens disciplinaires conduisant \u00e0 une mise \u00e0 pied conservatoire des salari\u00e9s. \u00ab<i>\u00a0<\/i><i>On souhaite revenir \u00e0 un management bienveillant. \u00c7a commence par mettre en place les moyens n\u00e9cessaires<\/i><i>\u00a0<\/i>\u00bb, poursuit-il. Une d\u00e9l\u00e9gation a rencontr\u00e9 le directeur de l\u2019ARS, le 2\u00a0juillet. Ce dernier, selon C\u00e9dric Volait, aurait dit \u00ab<i>\u00a0<\/i><i>entendre les retours du terrain<\/i><i>\u00a0<\/i>\u00bb<i> <\/i>et demander aux \u00e9quipes \u00ab<i>\u00a0<\/i><i>d\u2019am\u00e9liorer le dialogue social<\/i><i>\u00a0<\/i>\u00bb. Le syndicat r\u00e9fl\u00e9chit \u00e0 une mobilisation en septembre.<\/p>\n<\/p><\/div>\n","protected":false},"excerpt":{"rendered":"Je n&rsquo;ai plus l&rsquo;impression de travailler dans un h&ocirc;pital, j&rsquo;ai l&rsquo;impression de travailler dans une prison&nbsp;&raquo;, a &eacute;crit, il y a quelques jours, une infirmi&egrave;re &agrave; C&eacute;dric Volait, &#8230;","protected":false},"author":1,"featured_media":36051,"comment_status":"open","ping_status":"open","sticky":false,"template":"","format":"standard","meta":{"footnotes":""},"categories":[3926,3925,331],"tags":[4467,113,195,362,3520],"news-destination":[3944],"news-source":[475],"is_homepage":[],"ta_other":[],"class_list":["post-36050","post","type-post","status-publish","format-standard","has-post-thumbnail","hentry","category-accueil-merge","category-accueil-third","category-social","tag-alpes-de-haute-provence","tag-cgt","tag-conditions-de-travail","tag-hopitaux","tag-management","news-destination-homepage","news-source-website"],"_links":{"self":[{"href":"https:\/\/euapp01.newsmemory.com\/lamarseillaise\/news\/wp-json\/wp\/v2\/posts\/36050","targetHints":{"allow":["GET"]}}],"collection":[{"href":"https:\/\/euapp01.newsmemory.com\/lamarseillaise\/news\/wp-json\/wp\/v2\/posts"}],"about":[{"href":"https:\/\/euapp01.newsmemory.com\/lamarseillaise\/news\/wp-json\/wp\/v2\/types\/post"}],"author":[{"embeddable":true,"href":"https:\/\/euapp01.newsmemory.com\/lamarseillaise\/news\/wp-json\/wp\/v2\/users\/1"}],"replies":[{"embeddable":true,"href":"https:\/\/euapp01.newsmemory.com\/lamarseillaise\/news\/wp-json\/wp\/v2\/comments?post=36050"}],"version-history":[{"count":1,"href":"https:\/\/euapp01.newsmemory.com\/lamarseillaise\/news\/wp-json\/wp\/v2\/posts\/36050\/revisions"}],"predecessor-version":[{"id":36052,"href":"https:\/\/euapp01.newsmemory.com\/lamarseillaise\/news\/wp-json\/wp\/v2\/posts\/36050\/revisions\/36052"}],"wp:featuredmedia":[{"embeddable":true,"href":"https:\/\/euapp01.newsmemory.com\/lamarseillaise\/news\/wp-json\/wp\/v2\/media\/36051"}],"wp:attachment":[{"href":"https:\/\/euapp01.newsmemory.com\/lamarseillaise\/news\/wp-json\/wp\/v2\/media?parent=36050"}],"wp:term":[{"taxonomy":"category","embeddable":true,"href":"https:\/\/euapp01.newsmemory.com\/lamarseillaise\/news\/wp-json\/wp\/v2\/categories?post=36050"},{"taxonomy":"post_tag","embeddable":true,"href":"https:\/\/euapp01.newsmemory.com\/lamarseillaise\/news\/wp-json\/wp\/v2\/tags?post=36050"},{"taxonomy":"news-destination","embeddable":true,"href":"https:\/\/euapp01.newsmemory.com\/lamarseillaise\/news\/wp-json\/wp\/v2\/news-destination?post=36050"},{"taxonomy":"news-source","embeddable":true,"href":"https:\/\/euapp01.newsmemory.com\/lamarseillaise\/news\/wp-json\/wp\/v2\/news-source?post=36050"},{"taxonomy":"is_homepage","embeddable":true,"href":"https:\/\/euapp01.newsmemory.com\/lamarseillaise\/news\/wp-json\/wp\/v2\/is_homepage?post=36050"},{"taxonomy":"ta_other","embeddable":true,"href":"https:\/\/euapp01.newsmemory.com\/lamarseillaise\/news\/wp-json\/wp\/v2\/ta_other?post=36050"}],"curies":[{"name":"wp","href":"https:\/\/api.w.org\/{rel}","templated":true}]}}