{"id":36046,"date":"2026-07-11T07:42:00","date_gmt":"2026-07-11T05:42:00","guid":{"rendered":"https:\/\/euapp01.newsmemory.com\/lamarseillaise\/news\/?p=36046"},"modified":"2026-07-17T07:47:53","modified_gmt":"2026-07-17T05:47:53","slug":"les-souterrains-de-lamphitheatre-se-devoilent","status":"publish","type":"post","link":"https:\/\/euapp01.newsmemory.com\/lamarseillaise\/news\/2026\/07\/11\/les-souterrains-de-lamphitheatre-se-devoilent\/","title":{"rendered":"Les souterrains de l\u2019amphith\u00e9\u00e2tre se d\u00e9voilent \u00e0 Arles"},"content":{"rendered":"<div class=\"paragraph\">\n<p>Parmi les nombreux monuments arl\u00e9siens inscrits au patrimoine mondial de l\u2019Unesco, l\u2019amphith\u00e9\u00e2tre est certainement l\u2019un des plus embl\u00e9matiques et impressionnants. Il s\u2019inspire directement du Colis\u00e9e de Rome, construit quelques d\u00e9cennies plus t\u00f4t. Tout au long de l\u2019ann\u00e9e, des visites de ce monument sont propos\u00e9es au public. Mais dans le cadre de sa saison estivale, la Ville a d\u00e9cid\u00e9 de lancer une nouvelle visite flash, incluse dans le tarif du billet d\u2019entr\u00e9e de l\u2019amphith\u00e9\u00e2tre.<\/p>\n<p>Immersion au temps<br \/>des gladiateurs<\/p>\n<p>C\u2019est une grande premi\u00e8re puisque, d\u00e8s ce samedi, les visiteurs pourront acc\u00e9der aux souterrains de l\u2019amphith\u00e9\u00e2tre, jusqu\u2019alors ferm\u00e9s au public. Cette animation est rendue possible gr\u00e2ce aux travaux de restauration et de mise en valeur men\u00e9s par la Ville dans le cadre de sa politique de d\u00e9veloppement de l\u2019attractivit\u00e9 des monuments.<\/p>\n<p>Petits et grands sont ainsi invit\u00e9s \u00e0 d\u00e9couvrir, ce samedi, les coulisses des combats de gladiateurs de l\u2019Antiquit\u00e9 et \u00e0 vivre une exp\u00e9rience in\u00e9dite dans les entrailles de cet \u00e9difice remarquable. Cette immersion de 30\u00a0minutes permettra aux visiteurs d\u2019explorer l\u2019envers du d\u00e9cor de l\u2019amphith\u00e9\u00e2tre. Accompagn\u00e9s d\u2019un guide-conf\u00e9rencier, ils d\u00e9couvriront tous les secrets des galeries souterraines de ce monument exceptionnel.<\/p>\n<p>Des reconstitutions de combats dans les ar\u00e8nes<\/p>\n<p>Cet amphith\u00e9\u00e2tre romain de forme elliptique compte 60 arcades en plein cintre. Sous le plancher de bois recouvert de sable qui formait la piste, un impressionnant syst\u00e8me de trappes et de monte-charges avait \u00e9t\u00e9 am\u00e9nag\u00e9 afin de modifier les d\u00e9cors de l\u2019ar\u00e8ne et de cr\u00e9er des effets sc\u00e9niques. Durant l\u2019Antiquit\u00e9, ce lieu \u00e9tait un v\u00e9ritable temple du divertissement o\u00f9 les gladiateurs s\u2019affrontaient devant des milliers de spectateurs. D\u2019ailleurs, tous les mardis et jeudis de l\u2019\u00e9t\u00e9, les familles peuvent assister \u00e0 des spectacles de reconstitution de combats, comme \u00e0 l\u2019\u00e9poque.<\/p>\n<\/p><\/div>\n<div class=\"paragraph\">\n<p><b><span class=\"mln_small-caps_mln\"><\/span><\/b><\/p>\n<p><i>Visite flash, ce samedi \u00e0 10h et 11h, comprise dans le billet d\u2019entr\u00e9e pour acc\u00e9der \u00e0 l\u2019amphith\u00e9\u00e2tre. <\/i><\/p>\n<\/p><\/div>\n","protected":false},"excerpt":{"rendered":"Parmi les nombreux monuments arl&eacute;siens inscrits au patrimoine mondial de l&rsquo;Unesco, l&rsquo;amphith&eacute;&acirc;tre est certainement l&rsquo;un des plus embl&eacute;matiques et impressionnants. Il s&rsquo;inspire directement du &#8230;","protected":false},"author":1,"featured_media":36047,"comment_status":"open","ping_status":"open","sticky":false,"template":"","format":"standard","meta":{"footnotes":""},"categories":[3926,3925,20],"tags":[6065,1234,10,35,988,2001],"news-destination":[3944],"news-source":[475],"is_homepage":[],"ta_other":[],"class_list":["post-36046","post","type-post","status-publish","format-standard","has-post-thumbnail","hentry","category-accueil-merge","category-accueil-third","category-societe","tag-amphitheatre","tag-arles","tag-bouches-du-rhone","tag-culture","tag-week-end","tag-weekend","news-destination-homepage","news-source-website"],"_links":{"self":[{"href":"https:\/\/euapp01.newsmemory.com\/lamarseillaise\/news\/wp-json\/wp\/v2\/posts\/36046","targetHints":{"allow":["GET"]}}],"collection":[{"href":"https:\/\/euapp01.newsmemory.com\/lamarseillaise\/news\/wp-json\/wp\/v2\/posts"}],"about":[{"href":"https:\/\/euapp01.newsmemory.com\/lamarseillaise\/news\/wp-json\/wp\/v2\/types\/post"}],"author":[{"embeddable":true,"href":"https:\/\/euapp01.newsmemory.com\/lamarseillaise\/news\/wp-json\/wp\/v2\/users\/1"}],"replies":[{"embeddable":true,"href":"https:\/\/euapp01.newsmemory.com\/lamarseillaise\/news\/wp-json\/wp\/v2\/comments?post=36046"}],"version-history":[{"count":2,"href":"https:\/\/euapp01.newsmemory.com\/lamarseillaise\/news\/wp-json\/wp\/v2\/posts\/36046\/revisions"}],"predecessor-version":[{"id":36049,"href":"https:\/\/euapp01.newsmemory.com\/lamarseillaise\/news\/wp-json\/wp\/v2\/posts\/36046\/revisions\/36049"}],"wp:featuredmedia":[{"embeddable":true,"href":"https:\/\/euapp01.newsmemory.com\/lamarseillaise\/news\/wp-json\/wp\/v2\/media\/36047"}],"wp:attachment":[{"href":"https:\/\/euapp01.newsmemory.com\/lamarseillaise\/news\/wp-json\/wp\/v2\/media?parent=36046"}],"wp:term":[{"taxonomy":"category","embeddable":true,"href":"https:\/\/euapp01.newsmemory.com\/lamarseillaise\/news\/wp-json\/wp\/v2\/categories?post=36046"},{"taxonomy":"post_tag","embeddable":true,"href":"https:\/\/euapp01.newsmemory.com\/lamarseillaise\/news\/wp-json\/wp\/v2\/tags?post=36046"},{"taxonomy":"news-destination","embeddable":true,"href":"https:\/\/euapp01.newsmemory.com\/lamarseillaise\/news\/wp-json\/wp\/v2\/news-destination?post=36046"},{"taxonomy":"news-source","embeddable":true,"href":"https:\/\/euapp01.newsmemory.com\/lamarseillaise\/news\/wp-json\/wp\/v2\/news-source?post=36046"},{"taxonomy":"is_homepage","embeddable":true,"href":"https:\/\/euapp01.newsmemory.com\/lamarseillaise\/news\/wp-json\/wp\/v2\/is_homepage?post=36046"},{"taxonomy":"ta_other","embeddable":true,"href":"https:\/\/euapp01.newsmemory.com\/lamarseillaise\/news\/wp-json\/wp\/v2\/ta_other?post=36046"}],"curies":[{"name":"wp","href":"https:\/\/api.w.org\/{rel}","templated":true}]}}