{"id":36043,"date":"2026-07-11T07:44:00","date_gmt":"2026-07-11T05:44:00","guid":{"rendered":"https:\/\/euapp01.newsmemory.com\/lamarseillaise\/news\/?p=36043"},"modified":"2026-07-17T07:47:53","modified_gmt":"2026-07-17T05:47:53","slug":"le-jazz-est-cense-repousser-les-limites-et-briser-les-regles","status":"publish","type":"post","link":"https:\/\/euapp01.newsmemory.com\/lamarseillaise\/news\/2026\/07\/11\/le-jazz-est-cense-repousser-les-limites-et-briser-les-regles\/","title":{"rendered":"[Grand entretien] \u00ab&nbsp;Le jazz est cens\u00e9 repousser les limites et briser les r\u00e8gles&nbsp;\u00bb"},"content":{"rendered":"<div class=\"paragraph\">\n<p><b>La Marseillaise<\/b><b>\u00a0<\/b><b>: <\/b><b><a href=\"https:\/\/www.lamarseillaise.fr\/accueil\/fait-du-jour\/marseille-c-est-le-new-york-de-l-europe-BE18491312\">Comme Mino Cinelu<\/a>, Mike Stern et Bill Evans, avec qui vous \u00eates en concert \u00e0 Marseille, vous avez commenc\u00e9 \u00e0 travailler avec Miles Davis en 1981, sur l\u2019album \u00ab<\/b><b>\u00a0<\/b><b>The man with the horn<\/b><b>\u00a0<\/b><b>\u00bb. Parlez-nous de votre premi\u00e8re rencontre avec lui&#8230; <\/b><\/p>\n<p><b>Marcus Miller<\/b><b>\u00a0<\/b><b>:<\/b> Tout a commenc\u00e9 avec Bill Evans [le saxophoniste, Ndlr.], qui m\u2019a recommand\u00e9 aupr\u00e8s de lui. Miles cherchait \u00e0 monter un groupe de jeunes musiciens. Bill me connaissait gr\u00e2ce \u00e0 la sc\u00e8ne des s\u00e9ances d\u2019enregistrement new-yorkaises et lui a sugg\u00e9r\u00e9 de faire appel \u00e0 moi. Miles m\u2019a t\u00e9l\u00e9phon\u00e9 deux heures avant le d\u00e9but de la s\u00e9ance pour me demander si je pouvais me rendre aux studios Columbia. Cet appel \u00e9tait incroyable, d\u2019autant plus que Miles s\u2019\u00e9tait totalement retir\u00e9 de la sc\u00e8ne pendant cinq ou six ans [pour raisons de sant\u00e9], au point que je ne savais m\u00eame pas s\u2019il \u00e9tait encore en vie. Ce qui m\u2019a frapp\u00e9 lors de notre premi\u00e8re rencontre, c\u2019est de r\u00e9aliser que Miles Davis \u00e9tait tout simplement un \u00eatre humain. Jusque-l\u00e0, c\u2019\u00e9tait pour moi un dieu du jazz, venu d\u2019un autre monde. Mais lorsqu\u2019il est entr\u00e9 dans le studio, il avait l\u2019air d\u2019un homme ordinaire. J\u2019ai compris que cette musique sublime, cr\u00e9\u00e9e par les g\u00e9ants du jazz, \u00e9manait d\u2019\u00eatres humains et non de dieux. Je n\u2019avais alors que 21\u00a0ans et cette exp\u00e9rience a chang\u00e9 ma vie. Elle m\u2019a fait penser que, puisque nous sommes tout simplement humains, je pouvais peut-\u00eatre, moi aussi, accomplir quelque chose d\u2019exceptionnel.<\/p>\n<p><b>Chez Miles Davis, les ann\u00e9es 1980 ont permis d\u2019ouvrir le jazz \u00e0 un public plus large. \u00c0 l\u2019\u00e9poque, cela \u00e9tait mal per\u00e7u par les critiques, qui pensaient qu\u2019il tournait le dos au genre. Avec le recul, comment l\u2019analysez-vous<\/b><b>\u00a0<\/b><b>? <\/b><\/p>\n<p><b>M.M.<\/b><b>\u00a0<\/b><b>: <\/b>Miles a d\u00fb faire face aux critiques des sp\u00e9cialistes du jazz depuis 1969 jusqu\u2019\u00e0 mon \u00e9poque, \u00e0 la fin des ann\u00e9es 80 et au d\u00e9but des ann\u00e9es 90. Ce n\u2019\u00e9tait donc pas nouveau. <span class=\"mln_uppercase_mln\">\u00e0<\/span> mon avis, si la musique de Miles n\u2019avait pas suscit\u00e9 de critiques des puristes du jazz, c\u2019est qu\u2019elle n\u2019aurait pas rempli sa mission. Le jazz \u00e9tait cens\u00e9 repousser les limites, \u00eatre rebelle, briser les r\u00e8gles. Miles se consacrait \u00e0 la cr\u00e9ation d\u2019une musique pour l\u2019instant pr\u00e9sent. Quand Miles jouait dans les ann\u00e9es 1940, il ne jouait pas de la vieille musique, mais plut\u00f4t une musique in\u00e9dite, parfaitement adapt\u00e9e \u00e0 cette \u00e9poque. M\u00eame chose dans les ann\u00e9es\u00a050\u00a0: Miles ne jouait pas du \u00ab\u00a0bebop des ann\u00e9es\u00a050\u00a0\u00bb, il jouait une musique nouvelle que personne n\u2019avait entendue auparavant. Elle correspondait \u00e0 son temps. Idem pour les ann\u00e9es\u00a060\u00a0: il n\u2019y avait rien de traditionnel dans ce que Miles faisait alors avec Herbie Hancock, Tony Williams, Wayne Shorter et Ron Carter. M\u00eame chose dans les ann\u00e9es\u00a070\u00a0: la musique avait \u00e9volu\u00e9 entre les deux d\u00e9cennies et Miles a surf\u00e9 sur cette vague. Ainsi, lorsque j\u2019ai travaill\u00e9 avec lui dans les ann\u00e9es\u00a080, mon objectif \u00e9tait de cr\u00e9er une musique adapt\u00e9e \u00e0 cette \u00e9poque. En composant <i>Tutu<\/i>, j\u2019imaginais Miles marchant sur Broadway \u00e0 18h, au milieu des embouteillages et de l\u2019agitation, r\u00e9agissant \u00e0 ce monde nouveau, avec sa technologie, ses nouveaux sons et rythmes. Si les puristes du jazz avaient aim\u00e9 l\u2019album, j\u2019aurais eu le sentiment d\u2019avoir \u00e9chou\u00e9.<\/p>\n<p><b>Quelle est la principale le\u00e7on que vous retenez de Miles Davis<\/b><b>\u00a0<\/b><b>?<\/b><\/p>\n<p><b>M.M.<\/b><b>\u00a0<\/b><b>: <\/b>C\u2019est qu\u2019il faut d\u00e9couvrir qui l\u2019on est, puis devenir la meilleure version possible de soi-m\u00eame. Il peut \u00eatre difficile de trouver son identit\u00e9, mais une fois que c\u2019est fait, il suffit de se concentrer pour la faire fructifier\u00a0: c\u2019est l\u00e0 la le\u00e7on la plus importante. Faites-vous confiance et sachez que vous avez quelque chose de sp\u00e9cial \u00e0 offrir.<\/p>\n<p><b>En 1989, vous avez aussi produit, compos\u00e9 et jou\u00e9 pour l\u2019album de Miles Davis \u00ab<\/b><b>\u00a0<\/b><b>Amandla<\/b><b>\u00a0<\/b><b>\u00bb, qui tire son nom d\u2019un cri zoulou repris par les opposants \u00e0 l\u2019apartheid en Afrique du Sud. Miles Davis a par exemple \u00e9t\u00e9 l\u2019un des rares musiciens de l\u2019\u00e9poque \u00e0 refuser de jouer l\u00e0-bas. Diriez-vous qu\u2019en plus de son g\u00e9nie musical, ses convictions politiques ont aussi contribu\u00e9 \u00e0 sa grandeur<\/b><b>\u00a0<\/b><b>?<\/b><\/p>\n<p><b>M.M.<\/b><b>\u00a0<\/b><b>: <\/b>Oui, Miles \u00e9tait profond\u00e9ment convaincu de ses opinions politiques, surtout en ce qui concernait les Noirs en Am\u00e9rique et en Afrique du Sud. Je ne suis donc pas surpris qu\u2019il ait refus\u00e9 de jouer \u00e0 Sun City [complexe de loisirs sud-africain qui a servi de caution au r\u00e9gime d\u2019apartheid]. Je pense que l\u2019album <i>Tutu<\/i> [1986] a marqu\u00e9 la premi\u00e8re prise de position publique de Miles concernant l\u2019apartheid en Afrique du Sud. Personnellement, j\u2019\u00e9tais inspir\u00e9 par Desmond Tutu [archev\u00eaque et militant ayant combattu l\u2019apartheid]. J\u2019ai compos\u00e9 un morceau en son honneur et je l\u2019ai fait \u00e9couter \u00e0 Miles. Ensuite, \u00e0 ma grande surprise, il a d\u00e9cid\u00e9 de nommer l\u2019album suivant <i>Amandla<\/i>, ce qui signifie \u00ab\u00a0pouvoir\u00a0\u00bb en zoulou et constituait le cri de ralliement du mouvement anti-apartheid en Afrique du Sud. J\u2019en ai \u00e9prouv\u00e9 une grande fiert\u00e9.<\/p>\n<p><b>Durant votre carri\u00e8re, vous \u00eates venu jouer de nombreuses fois \u00e0 Marseille. Quelle est votre relation \u00e0 la ville<\/b><b>\u00a0<\/b><b>? <\/b><\/p>\n<p><b>M.M.<\/b><b>\u00a0<\/b><b>: <\/b><span class=\"mln_uppercase_mln\">\u00e0<\/span> chaque fois que je viens, je suis enthousiasm\u00e9 par l\u2019\u00e9nergie qui s\u2019en d\u00e9gage. Cette ville a quelque chose qui me rappelle un m\u00e9lange de New York et de La Nouvelle-Orl\u00e9ans\u00a0: New York pour l\u2019\u00e9nergie et La Nouvelle-Orl\u00e9ans parce que c\u2019est une ville portuaire o\u00f9 se rencontrent de nombreuses cultures et de nombreux pays. J\u2019adore cela et je trouve que cela s\u2019accorde parfaitement avec la musique que je cr\u00e9e.<\/p>\n<p><b>Marseille a aussi vu passer dans les ann\u00e9es 1920 le po\u00e8te jama\u00efcain et figure du Harlem Renaissance, Claude McKay, qui a d\u00e9crit le Marseille des quais et des vieux quartiers o\u00f9 a d\u00e9barqu\u00e9 le jazz. Il a \u00e9crit dans son roman \u00ab<\/b><b>\u00a0<\/b><b>Banjo<\/b><b>\u00a0<\/b><b>\u00bb<\/b><b>\u00a0<\/b><b>: \u00ab<\/b><b>\u00a0<\/b><b>Le patriote aime, non sa nation, mais la mesquinerie spirituelle de sa vie, dont il s\u2019est fait une fronti\u00e8re qui lui cache la beaut\u00e9 d\u2019autres horizons.<\/b><b>\u00a0<\/b><b>\u00bb Tout l\u2019inverse du jazz, non<\/b><b>\u00a0<\/b><b>? <\/b><\/p>\n<p><b>M.M.<\/b><b>\u00a0<\/b><b>: <\/b>Claude McKay \u00e9tait un \u00e9crivain exceptionnel qui, dans ses \u00e9crits, d\u00e9peint avec une grande beaut\u00e9 la condition des Afro-Am\u00e9ricains aux \u00c9tats-Unis au d\u00e9but du XX<sup>e<\/sup>\u00a0si\u00e8cle. Quant \u00e0 votre citation, je pense qu\u2019il a raison. Nous attachons de l\u2019importance aux petits aspects de notre existence qui nous sont propres, qui nous r\u00e9confortent et nous rendent uniques. C\u2019est ce qu\u2019on appelle la culture. Aujourd\u2019hui, le mot \u00ab\u00a0patriote\u00a0\u00bb a fini par prendre une connotation n\u00e9gative. Pourtant, il n\u2019y a aucun mal \u00e0 \u00eatre fier de ses origines. Il nous faudrait sans doute employer un autre terme d\u00e9sormais, puisque \u00ab\u00a0patriote\u00a0\u00bb est associ\u00e9 \u00e0 l\u2019extr\u00e9misme. On peut aimer son pays tout en \u00e9tant en d\u00e9saccord avec certaines de ses actions. Je suis tr\u00e8s fier d\u2019\u00eatre Am\u00e9ricain, et plus particuli\u00e8rement afro-am\u00e9ricain. Lorsque vous m\u2019entendez jouer, il ne fait aucun doute d\u2019o\u00f9 je viens. J\u2019int\u00e8gre \u00e0 ma musique tout ce qui a fa\u00e7onn\u00e9 mon enfance et mes origines. Et pour r\u00e9pondre \u00e0 la derni\u00e8re partie de votre question, oui, le jazz est une musique inclusive, mais chacun y apporte ses propres ingr\u00e9dients authentiques et sa culture, le tout avec fiert\u00e9.<\/p>\n<\/p><\/div>\n<div class=\"paragraph\">\n<p><i>Site web : marseillejazz.com<\/i><\/p>\n<\/p><\/div>\n","protected":false},"excerpt":{"rendered":"La Marseillaise&nbsp;: Comme Mino Cinelu, Mike Stern et Bill Evans, avec qui vous &ecirc;tes en concert &agrave; Marseille, vous avez commenc&eacute; &agrave; travailler avec Miles Davis en 1981, sur l&rsquo;album &laquo;&nbsp;The man with the &#8230;","protected":false},"author":1,"featured_media":36044,"comment_status":"open","ping_status":"open","sticky":false,"template":"","format":"standard","meta":{"footnotes":""},"categories":[3926,3925,32],"tags":[987,10,34,5763,16,325,988],"news-destination":[3944],"news-source":[475],"is_homepage":[],"ta_other":[],"class_list":["post-36043","post","type-post","status-publish","format-standard","has-post-thumbnail","hentry","category-accueil-merge","category-accueil-third","category-culture","tag-987","tag-bouches-du-rhone","tag-concert","tag-jazz-des-cinq-continents","tag-marseille","tag-musique","tag-week-end","news-destination-homepage","news-source-website"],"_links":{"self":[{"href":"https:\/\/euapp01.newsmemory.com\/lamarseillaise\/news\/wp-json\/wp\/v2\/posts\/36043","targetHints":{"allow":["GET"]}}],"collection":[{"href":"https:\/\/euapp01.newsmemory.com\/lamarseillaise\/news\/wp-json\/wp\/v2\/posts"}],"about":[{"href":"https:\/\/euapp01.newsmemory.com\/lamarseillaise\/news\/wp-json\/wp\/v2\/types\/post"}],"author":[{"embeddable":true,"href":"https:\/\/euapp01.newsmemory.com\/lamarseillaise\/news\/wp-json\/wp\/v2\/users\/1"}],"replies":[{"embeddable":true,"href":"https:\/\/euapp01.newsmemory.com\/lamarseillaise\/news\/wp-json\/wp\/v2\/comments?post=36043"}],"version-history":[{"count":2,"href":"https:\/\/euapp01.newsmemory.com\/lamarseillaise\/news\/wp-json\/wp\/v2\/posts\/36043\/revisions"}],"predecessor-version":[{"id":36062,"href":"https:\/\/euapp01.newsmemory.com\/lamarseillaise\/news\/wp-json\/wp\/v2\/posts\/36043\/revisions\/36062"}],"wp:featuredmedia":[{"embeddable":true,"href":"https:\/\/euapp01.newsmemory.com\/lamarseillaise\/news\/wp-json\/wp\/v2\/media\/36044"}],"wp:attachment":[{"href":"https:\/\/euapp01.newsmemory.com\/lamarseillaise\/news\/wp-json\/wp\/v2\/media?parent=36043"}],"wp:term":[{"taxonomy":"category","embeddable":true,"href":"https:\/\/euapp01.newsmemory.com\/lamarseillaise\/news\/wp-json\/wp\/v2\/categories?post=36043"},{"taxonomy":"post_tag","embeddable":true,"href":"https:\/\/euapp01.newsmemory.com\/lamarseillaise\/news\/wp-json\/wp\/v2\/tags?post=36043"},{"taxonomy":"news-destination","embeddable":true,"href":"https:\/\/euapp01.newsmemory.com\/lamarseillaise\/news\/wp-json\/wp\/v2\/news-destination?post=36043"},{"taxonomy":"news-source","embeddable":true,"href":"https:\/\/euapp01.newsmemory.com\/lamarseillaise\/news\/wp-json\/wp\/v2\/news-source?post=36043"},{"taxonomy":"is_homepage","embeddable":true,"href":"https:\/\/euapp01.newsmemory.com\/lamarseillaise\/news\/wp-json\/wp\/v2\/is_homepage?post=36043"},{"taxonomy":"ta_other","embeddable":true,"href":"https:\/\/euapp01.newsmemory.com\/lamarseillaise\/news\/wp-json\/wp\/v2\/ta_other?post=36043"}],"curies":[{"name":"wp","href":"https:\/\/api.w.org\/{rel}","templated":true}]}}