{"id":36040,"date":"2026-07-13T12:19:00","date_gmt":"2026-07-13T10:19:00","guid":{"rendered":"https:\/\/euapp01.newsmemory.com\/lamarseillaise\/news\/?p=36040"},"modified":"2026-07-13T13:02:08","modified_gmt":"2026-07-13T11:02:08","slug":"la-non-intervention-une-trahison-francaise","status":"publish","type":"post","link":"https:\/\/euapp01.newsmemory.com\/lamarseillaise\/news\/2026\/07\/13\/la-non-intervention-une-trahison-francaise\/","title":{"rendered":"[La guerre d\u2019Espagne 2\/3] La \u00ab&nbsp;non-intervention&nbsp;\u00bb une trahison fran\u00e7aise"},"content":{"rendered":"<div class=\"paragraph\">\n<p>Le coup d\u2019\u00c9tat du 18 juillet 1936 contre le gouvernement l\u00e9gitime de la R\u00e9publique espagnole b\u00e9n\u00e9ficiera <br \/>de ce que l\u2019on a appel\u00e9 <br \/>le pacte de \u00ab\u00a0non-intervention\u00a0\u00bb initi\u00e9 par la France et l\u2019Angleterre. Hitler et Mussolini ont pu aider militairement Franco en toute impunit\u00e9 pendant<br \/>pr\u00e8s de trois ann\u00e9es.<\/p>\n<p>Le 18 juillet 1936, la r\u00e9bellion de Franco contre le gouvernement r\u00e9publicain l\u00e9gitime de l\u2019Espagne a \u00e9clat\u00e9 avec le soutien d\u2019Hitler et Mussolini. Le 25 juillet, le gouvernement de L\u00e9on Blum d\u00e9nonce partiellement le trait\u00e9 commercial franco-espagnol conclu en 1935 qui faisait obligation au gouvernement de Madrid de passer par priorit\u00e9 toute commande d\u2019armes \u00e0 la France. La politique dite de \u00ab\u00a0non-intervention\u00a0\u00bb est alors inaugur\u00e9e. Le 8 ao\u00fbt, ce trait\u00e9 avec l\u2019Espagne est totalement abrog\u00e9. Cette \u00ab\u00a0non-intervention\u00a0\u00bb, en fait, \u00e9tait bien une forme d\u2019intervention, puisqu\u2019elle modifiait, en op\u00e9rant un blocus sur la fourniture d\u2019armes, le rapport de force au d\u00e9triment de la R\u00e9publique espagnole.<\/p>\n<p>Au sein du gouvernement de L\u00e9on Blum, deux courants s\u2019opposaient, ceux qui voulaient que l\u2019Espagne r\u00e9publicaine soit aid\u00e9e craignant \u00e0 juste titre que la France \u00e0 terme en paierait les cons\u00e9quences, et d\u2019autre part ceux qui pensaient que Franco pourrait abattre la R\u00e9publique en quelques jours, et qu\u2019il valait mieux ne rien faire, afin de pr\u00e9server les futures relations gouvernementales avec les vainqueurs. L\u00e9on Blum devait alors se ranger de ce c\u00f4t\u00e9, persuad\u00e9 que c\u2019\u00e9tait la meilleure fa\u00e7on d\u2019\u00e9viter une extension du conflit.<\/p>\n<p>\u00c0 l\u2019Assembl\u00e9e Nationale, le 4\u00a0d\u00e9cembre 1936, cinq mois apr\u00e8s le d\u00e9but de la guerre, le d\u00e9put\u00e9 communiste Gabriel P\u00e9ri d\u00e9nonce la non-intervention comme \u00e9tant une duperie\u00a0: \u00ab<i>\u00a0<\/i><i>Les 5 et 6 ao\u00fbt, la France proposait une mesure internationale d\u2019embargo sur les armes destin\u00e9es \u00e0 l\u2019Espagne&#8230;<\/i>\u00a0\u00bb embargo qui concernait donc aussi l\u2019Allemagne et l\u2019Italie qui ont souscrit \u00e0 cet accord le 21 et 24 ao\u00fbt. Le d\u00e9put\u00e9 cite alors un correspondant du Times \u00e0 Hendaye qui constate que \u00ab\u00a0<i>les rebelles franquistes ont re\u00e7u le 25 ao\u00fbt 21 avions Junker avec lesquels ils ont effectu\u00e9 le bombardement de deux a\u00e9rodromes pr\u00e8s de Madrid<\/i>\u00a0\u00bb. Le 29 septembre un lot de mat\u00e9riel de guerre, provenant d\u2019Italie \u00e9tait exp\u00e9di\u00e9 de Lisbonne pour passer en Espagne. L\u2019Allemagne et l\u2019Italie, comme on pouvait s\u2019y attendre n\u2019entendaient pas respecter le pacte de non-intervention. \u00ab\u00a0<i>C\u2019est dans la p\u00e9riode qui va de fin ao\u00fbt \u00e0 la fin septembre 1936 que les rebelles ont pris Irun, Saint-S\u00e9bastien, Tol\u00e8de et progressivement resserr\u00e9 leur \u00e9tau sur Madrid. Ce n\u2019est pas la R\u00e9publique, c\u2019est la r\u00e9bellion et ce sont les ennemis de la France qui ont \u00e9t\u00e9 les plus grands b\u00e9n\u00e9ficiaires de la non-intervention<\/i><i>\u00a0<\/i>\u00bb d\u00e9nonce alors Gabriel P\u00e9ri au Parlement.<\/p>\n<p>Quelle aurait \u00e9t\u00e9 l\u2019issue de la guerre d\u2019Espagne, si la France et l\u2019Angleterre avaient soutenu le camp r\u00e9publicain, qui combattait contre l\u2019agression fasciste internationale\u00a0? Nul ne le sait. Ce qui est s\u00fbr, c\u2019est que la politique de \u00ab\u00a0non-intervention\u00a0\u00bb, a carr\u00e9ment \u00e9t\u00e9 ressentie comme un coup de poignard dans le dos de la part de ces deux pays, et plus particuli\u00e8rement de la France, qui s\u2019\u00e9tait dot\u00e9e tout comme l\u2019Espagne d\u2019un gouvernement de Front Populaire.<\/p>\n<p>L\u2019Espagne r\u00e9publicaine, n\u2019a pu compter pendant les trois ann\u00e9es de guerre contre le fascisme, du 18 juillet au 31 mars 1939, que sur l\u2019aide des brigades internationales, ces 35 000 volontaires internationaux venus de 54 pays, et sur le soutien de l\u2019URSS. Certes, on ignore si Franco aurait \u00e9t\u00e9 emp\u00each\u00e9 de renverser la R\u00e9publique espagnole, mais une attitude loyale du gouvernement de la R\u00e9publique fran\u00e7aise \u00e0 l\u2019\u00e9gard de la R\u00e9publique espagnole en danger de mort, aurait \u00e9t\u00e9 d\u2019un apport consid\u00e9rable pour lutter contre l\u2019ennemi commun. Hitler a pu agir impun\u00e9ment en Espagne pour en faire son terrain d\u2019entra\u00eenement, et ainsi lancer son offensive destructrice sur l\u2019Europe.<\/p>\n<\/p><\/div>\n","protected":false},"excerpt":{"rendered":"Le coup d&rsquo;&Eacute;tat du 18 juillet 1936 contre le gouvernement l&eacute;gitime de la R&eacute;publique espagnole b&eacute;n&eacute;ficiera de ce que l&rsquo;on a appel&eacute; le pacte de &laquo;&nbsp;non-intervention&nbsp;&raquo; &#8230;","protected":false},"author":1,"featured_media":36041,"comment_status":"open","ping_status":"open","sticky":false,"template":"","format":"standard","meta":{"footnotes":""},"categories":[3926,3925,337,20],"tags":[1220,724,280,2938,988,2001],"news-destination":[3944],"news-source":[475],"is_homepage":[],"ta_other":[],"class_list":["post-36040","post","type-post","status-publish","format-standard","has-post-thumbnail","hentry","category-accueil-merge","category-accueil-third","category-international","category-societe","tag-espagne","tag-guerre","tag-histoire","tag-recit","tag-week-end","tag-weekend","news-destination-homepage","news-source-website"],"_links":{"self":[{"href":"https:\/\/euapp01.newsmemory.com\/lamarseillaise\/news\/wp-json\/wp\/v2\/posts\/36040","targetHints":{"allow":["GET"]}}],"collection":[{"href":"https:\/\/euapp01.newsmemory.com\/lamarseillaise\/news\/wp-json\/wp\/v2\/posts"}],"about":[{"href":"https:\/\/euapp01.newsmemory.com\/lamarseillaise\/news\/wp-json\/wp\/v2\/types\/post"}],"author":[{"embeddable":true,"href":"https:\/\/euapp01.newsmemory.com\/lamarseillaise\/news\/wp-json\/wp\/v2\/users\/1"}],"replies":[{"embeddable":true,"href":"https:\/\/euapp01.newsmemory.com\/lamarseillaise\/news\/wp-json\/wp\/v2\/comments?post=36040"}],"version-history":[{"count":4,"href":"https:\/\/euapp01.newsmemory.com\/lamarseillaise\/news\/wp-json\/wp\/v2\/posts\/36040\/revisions"}],"predecessor-version":[{"id":36277,"href":"https:\/\/euapp01.newsmemory.com\/lamarseillaise\/news\/wp-json\/wp\/v2\/posts\/36040\/revisions\/36277"}],"wp:featuredmedia":[{"embeddable":true,"href":"https:\/\/euapp01.newsmemory.com\/lamarseillaise\/news\/wp-json\/wp\/v2\/media\/36041"}],"wp:attachment":[{"href":"https:\/\/euapp01.newsmemory.com\/lamarseillaise\/news\/wp-json\/wp\/v2\/media?parent=36040"}],"wp:term":[{"taxonomy":"category","embeddable":true,"href":"https:\/\/euapp01.newsmemory.com\/lamarseillaise\/news\/wp-json\/wp\/v2\/categories?post=36040"},{"taxonomy":"post_tag","embeddable":true,"href":"https:\/\/euapp01.newsmemory.com\/lamarseillaise\/news\/wp-json\/wp\/v2\/tags?post=36040"},{"taxonomy":"news-destination","embeddable":true,"href":"https:\/\/euapp01.newsmemory.com\/lamarseillaise\/news\/wp-json\/wp\/v2\/news-destination?post=36040"},{"taxonomy":"news-source","embeddable":true,"href":"https:\/\/euapp01.newsmemory.com\/lamarseillaise\/news\/wp-json\/wp\/v2\/news-source?post=36040"},{"taxonomy":"is_homepage","embeddable":true,"href":"https:\/\/euapp01.newsmemory.com\/lamarseillaise\/news\/wp-json\/wp\/v2\/is_homepage?post=36040"},{"taxonomy":"ta_other","embeddable":true,"href":"https:\/\/euapp01.newsmemory.com\/lamarseillaise\/news\/wp-json\/wp\/v2\/ta_other?post=36040"}],"curies":[{"name":"wp","href":"https:\/\/api.w.org\/{rel}","templated":true}]}}