{"id":36037,"date":"2026-07-11T08:20:00","date_gmt":"2026-07-11T06:20:00","guid":{"rendered":"https:\/\/euapp01.newsmemory.com\/lamarseillaise\/news\/?p=36037"},"modified":"2026-07-17T08:40:07","modified_gmt":"2026-07-17T06:40:07","slug":"le-tournoi-des-catalans-entre-dans-le-vif-du-sujet","status":"publish","type":"post","link":"https:\/\/euapp01.newsmemory.com\/lamarseillaise\/news\/2026\/07\/11\/le-tournoi-des-catalans-entre-dans-le-vif-du-sujet\/","title":{"rendered":"Beach-volley : Le tournoi des Catalans entre dans le vif du sujet"},"content":{"rendered":"<div class=\"paragraph\">\n<p>Arthur Piazzeta et Steve Peironet sont de retour sur le sable marseillais. L\u2019an dernier, avec leur complice Philippe Tuitoga, ils avaient repris la main en gagnant pour la quatri\u00e8me fois <a rel=\"nofollow noopener noreferrer\" href=\"https:\/\/www.catalans-beach-volley.com\/le-tournoi-international\/\" target=\"_blank\">le tournoi des Catalans<\/a>. Pour conserver leur troph\u00e9e, ils ont fait appel \u00e0 un champion d\u2019Europe et m\u00e9daill\u00e9 de bronze mondial, le Mart\u00e9gal T\u00e9o Rotard.<\/p>\n<p>Nul doute que cette nouvelle association va faire des \u00e9tincelles. Car l\u2019\u00e9quipe favorite ne sera pas la seule \u00e0 surveiller. <span class=\"mln_uppercase_mln\">\u00e0<\/span> l\u2019image de celle compos\u00e9e des fr\u00e8res Rossard, associ\u00e9s \u00e0 Arthur Canet. Les organisateurs de cette 76<sup>e<\/sup>\u00a0\u00e9dition estiment que sept \u00e9quipes ont les moyens, cette ann\u00e9e, d\u2019inscrire leur nom au palmar\u00e8s.<\/p>\n<p>De leurs propres t\u00e9moignages, les athl\u00e8tes qui ont test\u00e9 le sable des Catalans sont unanimes. Ils prennent plaisir \u00e0 participer \u00e0 cette comp\u00e9tition et consid\u00e8rent ce tournoi comme l\u2019un des plus appr\u00e9ci\u00e9s, tant pour la qualit\u00e9 de l\u2019accueil et de l\u2019organisation que pour sa formule sportive. Il est \u00e9galement r\u00e9put\u00e9 comme l\u2019un des plus difficiles \u00e0 remporter. Au fil des ans, disputer le titre de \u00ab\u00a0Vainqueur du Tournoi International de Volley-Ball des Catalans\u00a0\u00bb est devenu pour eux un v\u00e9ritable privil\u00e8ge.<\/p>\n<\/p><\/div>\n<div class=\"intext\"> Reconqu\u00eate<br \/>\n               <br \/>et recomposition\n              <\/div>\n<div class=\"paragraph\">\n<p>Autre \u00e9quipe en pleine reconstruction, celle men\u00e9e par Marion Castelli. Si Caroline Reb sera encore \u00e0 ses c\u00f4t\u00e9s, c\u2019est une autre joueuse qui va compl\u00e9ter le trio. Pour pallier le d\u00e9part de F\u00e9licia M\u00e9nara, elles ont fait appel \u00e0 une jeune am\u00e9ricaine de 27\u00a0ans, Sammy Slater.<\/p>\n<p>Pour l\u2019\u00e9quipe qui d\u00e9fend les couleurs du club des Catalans et du d\u00e9partement, le d\u00e9fi est immense. En effet, apr\u00e8s avoir r\u00e9gn\u00e9 sans partage sur l\u2019\u00e9preuve, avec treize succ\u00e8s cons\u00e9cutifs, la bande \u00e0 Marion Castelli a \u00e9t\u00e9 d\u00e9tr\u00f4n\u00e9e lors de la derni\u00e8re \u00e9dition. La sensation 2025 a \u00e9t\u00e9 de voir un autre trio, compos\u00e9e de Marie Nevot, Juliette Narbonne et T\u00e9r\u00e9sa Beer, se hisser sur la plus haute marche du podium.<\/p>\n<p>Comme elles ne sont pas pr\u00e9sentes \u00e0 cette \u00e9dtion, c\u2019est donc une nouvelle \u00e9quipe qui sera sacr\u00e9e dans le tournoi f\u00e9minin, cette ann\u00e9e. Ce qui ouvre la porte \u00e0 un quatorzi\u00e8me sacre pour les ambitieuses Marion Castelli et Caroline Reb.<\/p>\n<p>Recomposition dans les \u00e9quipes cadres, arriv\u00e9es de jeunes joueurs\u00a0: l\u2019\u00e9dition 2026 s\u2019annonce captivante. Il y aura douze \u00e9quipes dans le tableau masculin et dans le f\u00e9minin, o\u00f9 les formations participantes sont r\u00e9parties en deux groupes de six. Les deux phases de groupes ont d\u00e9but\u00e9 vendredi et vont se poursuivre tout au long de la journ\u00e9e de ce samedi. Chaque \u00e9quipe affronte les cinq autres de son groupe.<\/p>\n<p><span class=\"mln_uppercase_mln\">\u00e0<\/span> l\u2019issue de cette premi\u00e8re partie, le tournoi entrera dans sa phase finale, o\u00f9 les quatre premiers de chaque groupe seront qualifi\u00e9s. La suite de la comp\u00e9tition s\u2019effectuera avec des matches \u00e0 \u00e9limination directe. Le coup d\u2019envoi des finales est pr\u00e9vu dimanche, \u00e0 16h.<\/p>\n<\/p><\/div>\n<div class=\"paragraph\">\n<p><i>Web : <a rel=\"nofollow\" href=\"https:\/\/www.catalans-beach-volley.com\/le-tournoi-international\/\">catalans-beach-volley.com\/le-tournoi-international<\/a><\/i><\/p>\n<\/p><\/div>\n","protected":false},"excerpt":{"rendered":"Arthur Piazzeta et Steve Peironet sont de retour sur le sable marseillais. L&rsquo;an dernier, avec leur complice Philippe Tuitoga, ils avaient repris la main en gagnant pour la quatri&egrave;me fois le tournoi des Catalans. Pour conserver leur &#8230;","protected":false},"author":1,"featured_media":36038,"comment_status":"open","ping_status":"open","sticky":false,"template":"","format":"standard","meta":{"footnotes":""},"categories":[3926,3925,7],"tags":[6063,10,3136,16],"news-destination":[3944],"news-source":[475],"is_homepage":[],"ta_other":[],"class_list":["post-36037","post","type-post","status-publish","format-standard","has-post-thumbnail","hentry","category-accueil-merge","category-accueil-third","category-sports","tag-beach-volley","tag-bouches-du-rhone","tag-catalans","tag-marseille","news-destination-homepage","news-source-website"],"_links":{"self":[{"href":"https:\/\/euapp01.newsmemory.com\/lamarseillaise\/news\/wp-json\/wp\/v2\/posts\/36037","targetHints":{"allow":["GET"]}}],"collection":[{"href":"https:\/\/euapp01.newsmemory.com\/lamarseillaise\/news\/wp-json\/wp\/v2\/posts"}],"about":[{"href":"https:\/\/euapp01.newsmemory.com\/lamarseillaise\/news\/wp-json\/wp\/v2\/types\/post"}],"author":[{"embeddable":true,"href":"https:\/\/euapp01.newsmemory.com\/lamarseillaise\/news\/wp-json\/wp\/v2\/users\/1"}],"replies":[{"embeddable":true,"href":"https:\/\/euapp01.newsmemory.com\/lamarseillaise\/news\/wp-json\/wp\/v2\/comments?post=36037"}],"version-history":[{"count":2,"href":"https:\/\/euapp01.newsmemory.com\/lamarseillaise\/news\/wp-json\/wp\/v2\/posts\/36037\/revisions"}],"predecessor-version":[{"id":36070,"href":"https:\/\/euapp01.newsmemory.com\/lamarseillaise\/news\/wp-json\/wp\/v2\/posts\/36037\/revisions\/36070"}],"wp:featuredmedia":[{"embeddable":true,"href":"https:\/\/euapp01.newsmemory.com\/lamarseillaise\/news\/wp-json\/wp\/v2\/media\/36038"}],"wp:attachment":[{"href":"https:\/\/euapp01.newsmemory.com\/lamarseillaise\/news\/wp-json\/wp\/v2\/media?parent=36037"}],"wp:term":[{"taxonomy":"category","embeddable":true,"href":"https:\/\/euapp01.newsmemory.com\/lamarseillaise\/news\/wp-json\/wp\/v2\/categories?post=36037"},{"taxonomy":"post_tag","embeddable":true,"href":"https:\/\/euapp01.newsmemory.com\/lamarseillaise\/news\/wp-json\/wp\/v2\/tags?post=36037"},{"taxonomy":"news-destination","embeddable":true,"href":"https:\/\/euapp01.newsmemory.com\/lamarseillaise\/news\/wp-json\/wp\/v2\/news-destination?post=36037"},{"taxonomy":"news-source","embeddable":true,"href":"https:\/\/euapp01.newsmemory.com\/lamarseillaise\/news\/wp-json\/wp\/v2\/news-source?post=36037"},{"taxonomy":"is_homepage","embeddable":true,"href":"https:\/\/euapp01.newsmemory.com\/lamarseillaise\/news\/wp-json\/wp\/v2\/is_homepage?post=36037"},{"taxonomy":"ta_other","embeddable":true,"href":"https:\/\/euapp01.newsmemory.com\/lamarseillaise\/news\/wp-json\/wp\/v2\/ta_other?post=36037"}],"curies":[{"name":"wp","href":"https:\/\/api.w.org\/{rel}","templated":true}]}}