{"id":36034,"date":"2026-07-11T07:39:00","date_gmt":"2026-07-11T05:39:00","guid":{"rendered":"https:\/\/euapp01.newsmemory.com\/lamarseillaise\/news\/?p=36034"},"modified":"2026-07-17T07:47:53","modified_gmt":"2026-07-17T05:47:53","slug":"nouvelle-demonstration-de-force-francaise-face-au-maroc","status":"publish","type":"post","link":"https:\/\/euapp01.newsmemory.com\/lamarseillaise\/news\/2026\/07\/11\/nouvelle-demonstration-de-force-francaise-face-au-maroc\/","title":{"rendered":"Nouvelle d\u00e9monstration de force fran\u00e7aise face au Maroc"},"content":{"rendered":"<div class=\"paragraph\">\n<p>S\u2019il y a eu l\u2019ombre d\u2019un doute quant \u00e0 la capacit\u00e9 fran\u00e7aise de passer l\u2019\u00e9cueil marocain, \u00e0 l\u2019heure de jeu, le constat \u00e9tait clair.<i><\/i><\/p>\n<p>Les Bleus, exceptionnellement porteurs d\u2019un maillot vert jeudi soir, n\u2019ont pas trembl\u00e9 face \u00e0 des Lions de l\u2019Atlas redevenus des lionceaux. M\u00eame si Kylian Mbapp\u00e9 a manqu\u00e9 un penalty, apr\u00e8s une interminable intervention de l\u2019assistance vid\u00e9o \u00e0 l\u2019arbitrage, alors qu\u2019il s\u2019\u00e9tait mis en position de tirer, le capitaine tricolore a \u00e9t\u00e9 fid\u00e8le \u00e0 lui-m\u00eame.<\/p>\n<p>L\u2019attaquant du Real a su, une fois, tirer vers le haut un collectif s\u00fbr de son jeu. \u00c0 tel point que les Marocains, qui avaient r\u00e9ussi de belles d\u00e9monstrations face aux Pays-Bas, puis au Canada, ont donn\u00e9 le sentiment d\u2019avoir perdu leur football.<\/p>\n<\/p><\/div>\n<div class=\"intext\"> Impuissance marocaine\n              <\/div>\n<div class=\"paragraph\">\n<p>Comme au Qatar, il y a quatre ans, les co\u00e9quipiers d\u2019Azzedine Ounahi sont rest\u00e9s spectateurs de la soir\u00e9e. S\u2019ils avaient l\u2019excuse de d\u00e9couvrir le niveau lors du pr\u00e9c\u00e9dent duel, pour ce quart de finale, ils avaient pris de la bouteille. Mais ils n\u2019ont pas su, ou sans doute pas pu se hisser au niveau de la bande \u00e0 Didier Deschamps.<\/p>\n<p>Au final, la France inflige un classique 2-0. Avec \u00e0 la man\u0153uvre ses buteurs traditionnels. Kylian Mbapp\u00e9 compte d\u00e9sormais huit r\u00e9alisations et partage avec l\u2019Argentin Lionel Messi la t\u00eate du classement des buteurs. Ousmane Demb\u00e9l\u00e9 suit avec cinq buts. Ce qui pourrait permettre \u00e0 l\u2019attaquant du PSG de se d\u00e9gager une voie royale en vue d\u2019un second Ballon d\u2019or. Un troph\u00e9e qu\u2019il devrait conserver si, d\u2019aventure, les Bleus devaient d\u00e9crocher leur troisi\u00e8me \u00e9toile, le 19\u00a0juillet, \u00e0 New York.<\/p>\n<p>Apr\u00e8s le crispant match contre le Paraguay, les retrouvailles contre le Maroc \u00e9taient le premier v\u00e9ritable test pour une \u00e9quipe de France jusque-l\u00e0 sans v\u00e9ritable opposition. Si le S\u00e9n\u00e9gal a tenu une mi-temps lors du premier match, les Lions de la Terranga ont finalement vol\u00e9 en \u00e9clats face \u00e0 la force de frappe tricolore.<\/p>\n<p>L\u2019Irak n\u2019a pas pes\u00e9 lourd. Et l\u2019\u00e9quipe B de la Norv\u00e8ge a aussi \u00e9t\u00e9 prise sous le rouleau compresseur offensif. Le premier vrai test des Bleus face \u00e0 un \u00ab\u00a0gros\u00a0\u00bb \u00e9tait donc ce quart de finale contre le Maroc. Test qu\u2019ils ont parfaitement r\u00e9ussi.<\/p>\n<p>S\u2019ils valident leur objectif minimal, \u00e0 savoir une qualification pour la demi-finale, les hommes de Didier Deschamps ne s\u2019en contenteront pas, apr\u00e8s deux finales en 2018 et 2022.<\/p>\n<p>\u00ab\u00a0<i>Les \u00e9quipes fortes sont celles qui gagnent et pour l\u2019instant, je ne vois pas de coupe dor\u00e9e \u00e0 c\u00f4t\u00e9 de moi<\/i>, a r\u00e9torqu\u00e9 Kylian Mbapp\u00e9 en conf\u00e9rence de presse. <i>C\u2019est toujours bien d\u2019aller en demi-finale. C\u2019est une \u00e9tape importante pour nous en tant que groupe.<\/i><i>\u00a0<\/i>\u00bb Mais pour rentrer au pays avec une troisi\u00e8me \u00e9toile sur le maillot, il faut poursuivre la qu\u00eate.<\/p>\n<p>La prochaine \u00e9tape se jouera soit face aux Diables rouges, dans un remake de la demi-finale de 2018 que les Belges regrettent encore d\u2019avoir perdue, soit face \u00e0 la Roja, dans une r\u00e9\u00e9dition de la demi-finale du dernier Euro, o\u00f9 les Espagnols avaient sembl\u00e9 injouables.<\/p>\n<\/p><\/div>\n","protected":false},"excerpt":{"rendered":"S&rsquo;il y a eu l&rsquo;ombre d&rsquo;un doute quant &agrave; la capacit&eacute; fran&ccedil;aise de passer l&rsquo;&eacute;cueil marocain, &agrave; l&rsquo;heure de jeu, le constat &eacute;tait clair.Les Bleus, exceptionnellement porteurs &#8230;","protected":false},"author":1,"featured_media":36035,"comment_status":"open","ping_status":"open","sticky":false,"template":"","format":"standard","meta":{"footnotes":""},"categories":[3926,3925,7],"tags":[1097,13],"news-destination":[3944],"news-source":[475],"is_homepage":[],"ta_other":[],"class_list":["post-36034","post","type-post","status-publish","format-standard","has-post-thumbnail","hentry","category-accueil-merge","category-accueil-third","category-sports","tag-coupe-du-monde","tag-football","news-destination-homepage","news-source-website"],"_links":{"self":[{"href":"https:\/\/euapp01.newsmemory.com\/lamarseillaise\/news\/wp-json\/wp\/v2\/posts\/36034","targetHints":{"allow":["GET"]}}],"collection":[{"href":"https:\/\/euapp01.newsmemory.com\/lamarseillaise\/news\/wp-json\/wp\/v2\/posts"}],"about":[{"href":"https:\/\/euapp01.newsmemory.com\/lamarseillaise\/news\/wp-json\/wp\/v2\/types\/post"}],"author":[{"embeddable":true,"href":"https:\/\/euapp01.newsmemory.com\/lamarseillaise\/news\/wp-json\/wp\/v2\/users\/1"}],"replies":[{"embeddable":true,"href":"https:\/\/euapp01.newsmemory.com\/lamarseillaise\/news\/wp-json\/wp\/v2\/comments?post=36034"}],"version-history":[{"count":1,"href":"https:\/\/euapp01.newsmemory.com\/lamarseillaise\/news\/wp-json\/wp\/v2\/posts\/36034\/revisions"}],"predecessor-version":[{"id":36036,"href":"https:\/\/euapp01.newsmemory.com\/lamarseillaise\/news\/wp-json\/wp\/v2\/posts\/36034\/revisions\/36036"}],"wp:featuredmedia":[{"embeddable":true,"href":"https:\/\/euapp01.newsmemory.com\/lamarseillaise\/news\/wp-json\/wp\/v2\/media\/36035"}],"wp:attachment":[{"href":"https:\/\/euapp01.newsmemory.com\/lamarseillaise\/news\/wp-json\/wp\/v2\/media?parent=36034"}],"wp:term":[{"taxonomy":"category","embeddable":true,"href":"https:\/\/euapp01.newsmemory.com\/lamarseillaise\/news\/wp-json\/wp\/v2\/categories?post=36034"},{"taxonomy":"post_tag","embeddable":true,"href":"https:\/\/euapp01.newsmemory.com\/lamarseillaise\/news\/wp-json\/wp\/v2\/tags?post=36034"},{"taxonomy":"news-destination","embeddable":true,"href":"https:\/\/euapp01.newsmemory.com\/lamarseillaise\/news\/wp-json\/wp\/v2\/news-destination?post=36034"},{"taxonomy":"news-source","embeddable":true,"href":"https:\/\/euapp01.newsmemory.com\/lamarseillaise\/news\/wp-json\/wp\/v2\/news-source?post=36034"},{"taxonomy":"is_homepage","embeddable":true,"href":"https:\/\/euapp01.newsmemory.com\/lamarseillaise\/news\/wp-json\/wp\/v2\/is_homepage?post=36034"},{"taxonomy":"ta_other","embeddable":true,"href":"https:\/\/euapp01.newsmemory.com\/lamarseillaise\/news\/wp-json\/wp\/v2\/ta_other?post=36034"}],"curies":[{"name":"wp","href":"https:\/\/api.w.org\/{rel}","templated":true}]}}