{"id":36025,"date":"2026-07-11T07:15:00","date_gmt":"2026-07-11T05:15:00","guid":{"rendered":"https:\/\/euapp01.newsmemory.com\/lamarseillaise\/news\/?p=36025"},"modified":"2026-07-17T07:21:07","modified_gmt":"2026-07-17T05:21:07","slug":"catherine-pegard-visite-le-patrimoine-culturel-local","status":"publish","type":"post","link":"https:\/\/euapp01.newsmemory.com\/lamarseillaise\/news\/2026\/07\/11\/catherine-pegard-visite-le-patrimoine-culturel-local\/","title":{"rendered":"Catherine P\u00e9gard visite le patrimoine culturel local"},"content":{"rendered":"<div class=\"paragraph\">\n<p>Il est de coutume que les officiels passent par le Festival d\u2019Art Lyrique. Pour la repr\u00e9sentation du Requiem de Mozart de Rapha\u00ebl Pichon, vendredi soir, la ministre de la Culture, Catherine P\u00e9gard, comptait parmi les pr\u00e9sents. Avant le rendez-vous nocturne, elle s\u2019est d\u2019abord rendue au Centre International des Arts et Mouvements (CIAM), lieu qui se veut \u00ab\u00a0<i>ouvert au plus grand nombre<\/i>\u00a0\u00bb<i>, <\/i>introduisait Ma\u00eft\u00e9 Chanay, responsable des relations pour le CIAM. \u00ab\u00a0<i>Il n\u2019y a aucun lieu comme celui-ci en France<\/i><i>\u00a0<\/i>\u00bb<i>, <\/i>appuyait de son c\u00f4t\u00e9 Philippe Delcroix, directeur technique du Festival d\u2019Art Lyrique et Pr\u00e9sident du CIAM.<\/p>\n<\/p><\/div>\n<div class=\"intext\"> \u00ab\u00a0Encourager\u00a0\u00bb le dispositif\n              <\/div>\n<div class=\"paragraph\">\n<p>La ministre, entour\u00e9e de la maire d\u2019Aix, Sophie Joissains et du sous-pr\u00e9fet, Mathieu Gatineau, a fait le tour du site, \u00e9tendu sur cinq hectares, mais s\u2019est surtout attabl\u00e9e pour \u00e9couter les b\u00e9n\u00e9ficiaires du dispositif Orf\u00e9o Vacilla, projet artistique faisant passerelle entre l\u2019op\u00e9ra et le cirque et m\u00ealant ces deux arts pour (re)donner vie au mythe d\u2019Orph\u00e9e. Les ch\u0153urs, ont \u00e9t\u00e9 assur\u00e9s par Ev\u2019Amu, un ensemble vocal amateur de l\u2019universit\u00e9 d\u2019Aix Marseille, fond\u00e9 en 2019. La pi\u00e8ce a \u00e9t\u00e9 pr\u00e9sent\u00e9e gratuitement pendant une semaine, au mois de juin, sur le site du CIAM, suivant la volont\u00e9 du Festival\u00a0: celle de rendre l\u2019op\u00e9ra accessible \u00e0 tous, populaire, ont r\u00e9expliqu\u00e9 les \u00e9quipes face \u00e0 Catherine P\u00e9gard.<i> <\/i>\u00ab\u00a0<i>Le m\u00e9lange des publics se fait rare<\/i>\u00a0\u00bb,<i> <\/i>pointait Marie Molliens, artiste de cirque associ\u00e9e au CIAM et directrice artistique de la compagne Rasposo et en charge de la direction d\u2019Orf\u00e9o Vacilla. Le travail, a \u00e9t\u00e9 f\u00e9licit\u00e9 par la ministre, qui souligne une \u00ab\u00a0<i>approche tout \u00e0 fait diff\u00e9rente de l\u2019op\u00e9ra<\/i>\u00a0\u00bb. \u00ab\u00a0<i>On ne peut qu\u2019encourager cela, c\u2019est aussi rendre accessible \u00e0 ceux qui en ont le moins l\u2019habitude le fait de venir voir un spectacle<\/i><i>\u00a0<\/i>\u00bb, appuie la ministre. Mais en toile de fond de cette visite, les inqui\u00e9tudes budg\u00e9taires qui planent autour du monde culturel. Un sujet qui n\u2019a pas \u00e9t\u00e9 abord\u00e9 dans les \u00e9changes, mais sur lequel la ministre a tout de m\u00eame \u00e9t\u00e9 interrog\u00e9e, entre deux visites. Consciente des \u00ab\u00a0<i>difficult\u00e9s qui sont celles de tous les th\u00e9\u00e2tres, tous les op\u00e9ras<\/i><i>\u00a0<\/i>\u00bb, elle a estim\u00e9 que ces difficult\u00e9s \u00ab\u00a0<i>ne sont pas le sujet aujourd\u2019hui. Le sujet aujourd\u2019hui est de r\u00e9fl\u00e9chir \u00e0 la mani\u00e8re de faire les choses le mieux possible, et de faire les choses dans l\u2019ordre en discutant avec ceux qui les font, les artistes, les directeurs de th\u00e9\u00e2tres et d\u2019institutions. C\u2019est mon travail, c\u2019est ce que je suis en train de faire et pour l\u2019instant on ne peut dire des choses d\u00e9finitives, puisque justement, on travaille \u00e0 faire mieux que ce qui est dit dans les rumeurs.<\/i><i>\u00a0<\/i>\u00bb<i> <\/i>Samedi dernier, la ministre a affirm\u00e9, aupr\u00e8s de l\u2019AFP, \u00ab\u00a0<i>se battre<\/i>\u00a0\u00bb pour que tous les financements pr\u00e9vus pour le deuxi\u00e8me semestre en 2026 passent. Apr\u00e8s le CIAM, Catherine P\u00e9gard a ensuite visit\u00e9 la Bastide du Jas de Bouffan, qui vient de rouvrir ses portes.<\/p>\n<\/p><\/div>\n<div class=\"paragraph\">\n<p>\u00ab\u00a0Faire mieux que ce qui <br \/>est dit dans <br \/>les rumeurs\u00a0\u00bb<\/p>\n<\/p><\/div>\n","protected":false},"excerpt":{"rendered":"Il est de coutume que les officiels passent par le Festival d&rsquo;Art Lyrique. Pour la repr&eacute;sentation du Requiem de Mozart de Rapha&euml;l Pichon, vendredi soir, la ministre de la Culture, Catherine P&eacute;gard, comptait parmi les &#8230;","protected":false},"author":1,"featured_media":36026,"comment_status":"open","ping_status":"open","sticky":false,"template":"","format":"standard","meta":{"footnotes":""},"categories":[3926,3925,330],"tags":[556,430,35,497,191,1658],"news-destination":[3944],"news-source":[475],"is_homepage":[],"ta_other":[],"class_list":["post-36025","post","type-post","status-publish","format-standard","has-post-thumbnail","hentry","category-accueil-merge","category-accueil-third","category-politique","tag-aix-en-provence","tag-budget","tag-culture","tag-ministre","tag-politique","tag-sophie-joissains","news-destination-homepage","news-source-website"],"_links":{"self":[{"href":"https:\/\/euapp01.newsmemory.com\/lamarseillaise\/news\/wp-json\/wp\/v2\/posts\/36025","targetHints":{"allow":["GET"]}}],"collection":[{"href":"https:\/\/euapp01.newsmemory.com\/lamarseillaise\/news\/wp-json\/wp\/v2\/posts"}],"about":[{"href":"https:\/\/euapp01.newsmemory.com\/lamarseillaise\/news\/wp-json\/wp\/v2\/types\/post"}],"author":[{"embeddable":true,"href":"https:\/\/euapp01.newsmemory.com\/lamarseillaise\/news\/wp-json\/wp\/v2\/users\/1"}],"replies":[{"embeddable":true,"href":"https:\/\/euapp01.newsmemory.com\/lamarseillaise\/news\/wp-json\/wp\/v2\/comments?post=36025"}],"version-history":[{"count":1,"href":"https:\/\/euapp01.newsmemory.com\/lamarseillaise\/news\/wp-json\/wp\/v2\/posts\/36025\/revisions"}],"predecessor-version":[{"id":36027,"href":"https:\/\/euapp01.newsmemory.com\/lamarseillaise\/news\/wp-json\/wp\/v2\/posts\/36025\/revisions\/36027"}],"wp:featuredmedia":[{"embeddable":true,"href":"https:\/\/euapp01.newsmemory.com\/lamarseillaise\/news\/wp-json\/wp\/v2\/media\/36026"}],"wp:attachment":[{"href":"https:\/\/euapp01.newsmemory.com\/lamarseillaise\/news\/wp-json\/wp\/v2\/media?parent=36025"}],"wp:term":[{"taxonomy":"category","embeddable":true,"href":"https:\/\/euapp01.newsmemory.com\/lamarseillaise\/news\/wp-json\/wp\/v2\/categories?post=36025"},{"taxonomy":"post_tag","embeddable":true,"href":"https:\/\/euapp01.newsmemory.com\/lamarseillaise\/news\/wp-json\/wp\/v2\/tags?post=36025"},{"taxonomy":"news-destination","embeddable":true,"href":"https:\/\/euapp01.newsmemory.com\/lamarseillaise\/news\/wp-json\/wp\/v2\/news-destination?post=36025"},{"taxonomy":"news-source","embeddable":true,"href":"https:\/\/euapp01.newsmemory.com\/lamarseillaise\/news\/wp-json\/wp\/v2\/news-source?post=36025"},{"taxonomy":"is_homepage","embeddable":true,"href":"https:\/\/euapp01.newsmemory.com\/lamarseillaise\/news\/wp-json\/wp\/v2\/is_homepage?post=36025"},{"taxonomy":"ta_other","embeddable":true,"href":"https:\/\/euapp01.newsmemory.com\/lamarseillaise\/news\/wp-json\/wp\/v2\/ta_other?post=36025"}],"curies":[{"name":"wp","href":"https:\/\/api.w.org\/{rel}","templated":true}]}}