{"id":36022,"date":"2026-07-11T07:17:00","date_gmt":"2026-07-11T05:17:00","guid":{"rendered":"https:\/\/euapp01.newsmemory.com\/lamarseillaise\/news\/?p=36022"},"modified":"2026-07-17T07:21:07","modified_gmt":"2026-07-17T05:21:07","slug":"nouvel-elan-pour-la-section-communiste-aubagnaise","status":"publish","type":"post","link":"https:\/\/euapp01.newsmemory.com\/lamarseillaise\/news\/2026\/07\/11\/nouvel-elan-pour-la-section-communiste-aubagnaise\/","title":{"rendered":"Nouvel \u00e9lan pour la section communiste aubagnaise"},"content":{"rendered":"<div class=\"paragraph\">\n<p>Nouveau visage, nouveau souffle. C\u2019est le message qu\u2019a voulu communiquer la nouvelle secr\u00e9taire de la section PCF d\u2019Aubagne, Alexandra Brochus. Tout juste \u00e9lue, apr\u00e8s les congr\u00e8s locaux et le congr\u00e8s national du parti, la militante du Collectif\u00a013 Droit des femmes promet d\u2019\u00eatre de tous les combats\u00a0: \u00ab<i>\u00a0<\/i><i>On nous dit souvent<\/i><i>\u00a0<\/i><i>: \u201cVous \u00eates partout, les communistes<\/i><i>\u00a0<\/i><i>!<\/i>\u201d <i>Certains le voient comme une critique, mais il s\u2019agit pour moi d\u2019une vraie qualit\u00e9<\/i>\u00a0\u00bb.<\/p>\n<p>Mais avant de parler avenir, les communistes aubagnais ont jug\u00e9 bon d\u2019affirmer leur rupture avec leur r\u00e9cent pass\u00e9. \u00ab<i>\u00a0<\/i><i>Le parti communiste a toujours combattu toute forme de racisme et de discrimination<\/i>, a soulign\u00e9 Dylan Zeitoun, responsable f\u00e9d\u00e9ral de la vie du parti dans les Bouches-du-Rh\u00f4ne.<i> Les propos antis\u00e9mites caract\u00e9ris\u00e9s de certains des anciens membres de notre section m\u00e9ritaient une clarification et ne nous emp\u00eacheront pas, bien s\u00fbr, de militer pour la lib\u00e9ration du peuple palestinien, que nous d\u00e9fendons depuis 60<\/i><i>\u00a0<\/i><i>ans<\/i>\u00a0\u00bb. Quatre membres de la section communiste locale avaient \u00e9t\u00e9 exclus en avril\u00a02025, apr\u00e8s avoir \u00e9t\u00e9 accus\u00e9s d\u2019avoir tenu des propos antis\u00e9mites lors d\u2019une assembl\u00e9e g\u00e9n\u00e9rale. L\u2019ancienne secr\u00e9taire de section, Marie-Laurence Nouari, suspendue au m\u00eame moment pour ne pas avoir r\u00e9agi lors de ladite assembl\u00e9e, avait dans la foul\u00e9e rendu sa carte du parti&#8230; Mise au point faite, la nouvelle secr\u00e9taire, Alexandra Brochus, a pu lister les grands chantiers de sa feuille de route.<\/p>\n<\/p><\/div>\n<div class=\"intext\"> Sur le terrain, toujours\n              <\/div>\n<div class=\"paragraph\">\n<p>En t\u00eate, bien s\u00fbr\u00a0: la d\u00e9fense de la gratuit\u00e9 des transports dans le Pays d\u2019Aubagne et de l\u2019\u00c9toile, mise en place en 2009 sous la municipalit\u00e9 de Daniel Fontaine (PCF). Gratuit\u00e9 actuellement menac\u00e9e par une M\u00e9tropole en prise \u00e0 de grosses difficult\u00e9s financi\u00e8res. La section a \u00e9galement affirm\u00e9 sa d\u00e9termination \u00e0 d\u00e9fendre le projet de construction du nouvel h\u00f4pital dans la zone de Gargues, \u00e0 Aubagne. L\u2019occasion de r\u00e9affirmer \u00ab\u00a0<i>son soutien aux travailleurs de la sant\u00e9<\/i>\u00a0\u00bb et de rappeler sa vive opposition au \u00ab\u00a0plan d\u2019efficience\u00a0\u00bb envisag\u00e9 par la direction du Centre hospitalier Edmond-Garcin, actuel h\u00f4pital du secteur, et sugg\u00e9rant la suppression d\u2019une cinquantaine de postes \u00e9quivalents temps plein. \u00c0 plus court terme, la pr\u00e9sidentielle et les l\u00e9gislatives sont aussi des luttes que les communistes du pays de Pagnol entendent porter, avec la ferme ambition de battre l\u2019extr\u00eame droite. \u00ab<i>\u00a0<\/i><i>Notre objectif est que notre actuelle d\u00e9put\u00e9e (RN) Jo\u00eblle M\u00e9lin perde son emprise sur notre territoire<\/i>\u00a0\u00bb, matraque Alexandra Brochus. Une strat\u00e9gie\u00a0: conserver une forte pr\u00e9sence de terrain, au plus pr\u00e8s des citoyens.<\/p>\n<\/p><\/div>\n","protected":false},"excerpt":{"rendered":"Nouveau visage, nouveau souffle. C&rsquo;est le message qu&rsquo;a voulu communiquer la nouvelle secr&eacute;taire de la section PCF d&rsquo;Aubagne, Alexandra Brochus. Tout juste &eacute;lue, apr&egrave;s les congr&egrave;s locaux et le &#8230;","protected":false},"author":1,"featured_media":36023,"comment_status":"open","ping_status":"open","sticky":false,"template":"","format":"standard","meta":{"footnotes":""},"categories":[3926,3925,330],"tags":[2383,493,10,1086,465,5870,733,1501,6062,623,250,38],"news-destination":[3944],"news-source":[475],"is_homepage":[],"ta_other":[],"class_list":["post-36022","post","type-post","status-publish","format-standard","has-post-thumbnail","hentry","category-accueil-merge","category-accueil-third","category-politique","tag-alexandra-brochus","tag-aubagne","tag-bouches-du-rhone","tag-centre-hospitalier","tag-communistes","tag-dylan-zeitoun","tag-gratuite-des-transports","tag-hopital","tag-marie-laurence-nouari","tag-parti-communiste","tag-pcf","tag-programme","news-destination-homepage","news-source-website"],"_links":{"self":[{"href":"https:\/\/euapp01.newsmemory.com\/lamarseillaise\/news\/wp-json\/wp\/v2\/posts\/36022","targetHints":{"allow":["GET"]}}],"collection":[{"href":"https:\/\/euapp01.newsmemory.com\/lamarseillaise\/news\/wp-json\/wp\/v2\/posts"}],"about":[{"href":"https:\/\/euapp01.newsmemory.com\/lamarseillaise\/news\/wp-json\/wp\/v2\/types\/post"}],"author":[{"embeddable":true,"href":"https:\/\/euapp01.newsmemory.com\/lamarseillaise\/news\/wp-json\/wp\/v2\/users\/1"}],"replies":[{"embeddable":true,"href":"https:\/\/euapp01.newsmemory.com\/lamarseillaise\/news\/wp-json\/wp\/v2\/comments?post=36022"}],"version-history":[{"count":1,"href":"https:\/\/euapp01.newsmemory.com\/lamarseillaise\/news\/wp-json\/wp\/v2\/posts\/36022\/revisions"}],"predecessor-version":[{"id":36024,"href":"https:\/\/euapp01.newsmemory.com\/lamarseillaise\/news\/wp-json\/wp\/v2\/posts\/36022\/revisions\/36024"}],"wp:featuredmedia":[{"embeddable":true,"href":"https:\/\/euapp01.newsmemory.com\/lamarseillaise\/news\/wp-json\/wp\/v2\/media\/36023"}],"wp:attachment":[{"href":"https:\/\/euapp01.newsmemory.com\/lamarseillaise\/news\/wp-json\/wp\/v2\/media?parent=36022"}],"wp:term":[{"taxonomy":"category","embeddable":true,"href":"https:\/\/euapp01.newsmemory.com\/lamarseillaise\/news\/wp-json\/wp\/v2\/categories?post=36022"},{"taxonomy":"post_tag","embeddable":true,"href":"https:\/\/euapp01.newsmemory.com\/lamarseillaise\/news\/wp-json\/wp\/v2\/tags?post=36022"},{"taxonomy":"news-destination","embeddable":true,"href":"https:\/\/euapp01.newsmemory.com\/lamarseillaise\/news\/wp-json\/wp\/v2\/news-destination?post=36022"},{"taxonomy":"news-source","embeddable":true,"href":"https:\/\/euapp01.newsmemory.com\/lamarseillaise\/news\/wp-json\/wp\/v2\/news-source?post=36022"},{"taxonomy":"is_homepage","embeddable":true,"href":"https:\/\/euapp01.newsmemory.com\/lamarseillaise\/news\/wp-json\/wp\/v2\/is_homepage?post=36022"},{"taxonomy":"ta_other","embeddable":true,"href":"https:\/\/euapp01.newsmemory.com\/lamarseillaise\/news\/wp-json\/wp\/v2\/ta_other?post=36022"}],"curies":[{"name":"wp","href":"https:\/\/api.w.org\/{rel}","templated":true}]}}