{"id":36019,"date":"2026-07-12T16:30:00","date_gmt":"2026-07-12T14:30:00","guid":{"rendered":"https:\/\/euapp01.newsmemory.com\/lamarseillaise\/news\/?p=36019"},"modified":"2026-07-18T13:11:47","modified_gmt":"2026-07-18T11:11:47","slug":"il-faut-aller-au-bout-du-projet-du-nouvel-hopital","status":"publish","type":"post","link":"https:\/\/euapp01.newsmemory.com\/lamarseillaise\/news\/2026\/07\/12\/il-faut-aller-au-bout-du-projet-du-nouvel-hopital\/","title":{"rendered":"[Entretien] \u00ab&nbsp;Il faut aller au bout du projet du nouvel h\u00f4pital d\u2019Aubagne&nbsp;\u00bb"},"content":{"rendered":"<div class=\"paragraph\">\n<p><b>La<\/b><b>\u00a0<\/b><b>Marseillaise<\/b><b>\u00a0<\/b><b>:<\/b> <b>Vous vous \u00eates r\u00e9unis mercredi avec les maires des 18<\/b><b>\u00a0<\/b><b>autres communes concern\u00e9es par la construction d\u2019un nouvel h\u00f4pital \u00e0 Aubagne. Qu\u2019y avez-vous appris<\/b><b>\u00a0<\/b><b>?<\/b><\/p>\n<p>Roland Giberti\u00a0: On a appris tous ensemble que le financement de l\u2019h\u00f4pital d\u2019Aubagne, en particulier l\u2019achat du terrain, n\u2019\u00e9tait pas assur\u00e9. C\u2019est quelque chose de grave. Nous sommes un peu \u00e9tonn\u00e9s\u00a0: l\u2019h\u00f4pital est un service public qui par d\u00e9finition devrait \u00eatre g\u00e9r\u00e9 et financ\u00e9 par l\u2019\u00c9tat. [Une partie des travaux est financ\u00e9e par l\u2019\u00c9tat dans le cadre du plan S\u00e9gur, mais l\u2019acquisition du foncier \u00e9tait \u00e0 l\u2019origine pr\u00e9vue \u00e0 la seule charge d\u2019Aubagne, Ndlr]. Mais comme il ne le fera pas, nous essayons de voir ce que l\u2019on peut faire avec la mairie d\u2019Aubagne pour ne pas perdre l\u2019h\u00f4pital. Nous devons agir vite, d\u2019ici octobre-novembre. Car si l\u2019\u00c9tat n\u2019assure pas, qui sera puni\u00a0? C\u2019est nous, notre population, nos administr\u00e9s, ceux qui en ont besoin. Donc, \u00e0 contrec\u0153ur, mais de fa\u00e7on obligatoire, il faut trouver des solutions qui nous permettent de financer cet achat.<\/p>\n<p><b>La mairie d\u2019Aubagne sugg\u00e8re que les autres communes participent financi\u00e8rement \u00e0 l\u2019achat <br \/>du foncier&#8230;<\/b><\/p>\n<p>R.G.\u00a0: C\u2019est la proposition qui a \u00e9t\u00e9 faite. Nous, la commune de G\u00e9menos, nous pourrons sortir la somme demand\u00e9e. Mais ce n\u2019est pas le cas de la plupart des municipalit\u00e9s\u00a0: les dotations de l\u2019\u00c9tat diminuent de plus en plus, les communes sont \u00e0 bout de souffle. Elles ne peuvent pas sortir 100\u00a0000\u00a0ou 150\u00a0000\u00a0euros de leur budget. De notre c\u00f4t\u00e9, nous tentons de trouver des solutions. Nos administr\u00e9s vont l\u00e0-bas, nous allons donc participer, mais je ne sais pas si \u00e7a r\u00e9glera le probl\u00e8me.<\/p>\n<p><b>Vous comprenez que la Ville d\u2019Aubagne demande une participation<\/b><b>\u00a0<\/b><b>?<\/b><\/p>\n<p>R.G.\u00a0: Je trouve la situation anormale, car je pense que ce devrait \u00eatre \u00e0 l\u2019\u00c9tat de financer. La mairie d\u2019Aubagne nous a annonc\u00e9 qu\u2019elle s\u2019occuperait de la moiti\u00e9 du financement du foncier. Nous pensons qu\u2019elle devrait donner un peu plus, car elle doit h\u00e9riter des locaux de l\u2019ancien h\u00f4pital. Dans tous les cas, j\u2019esp\u00e8re que nous parviendrons \u00e0 trouver une solution mercredi prochain, \u00e0 11h, lors de notre prochaine r\u00e9union. Si on ne la trouve pas, \u00e7a va \u00eatre dramatique. Cet h\u00f4pital est une infrastructure importante et n\u00e9cessaire pour le territoire. Le projet est magnifique\u00a0: des services m\u00e9dicaux vont \u00eatre cr\u00e9\u00e9s et d\u00e9velopp\u00e9s. Il faut absolument que l\u2019on aille jusqu\u2019au bout.<\/p>\n<\/p><\/div>\n","protected":false},"excerpt":{"rendered":"La&nbsp;Marseillaise&nbsp;: Vous vous &ecirc;tes r&eacute;unis mercredi avec les maires des 18&nbsp;autres communes concern&eacute;es par la construction d&rsquo;un nouvel h&ocirc;pital &agrave; Aubagne. Qu&rsquo;y avez-vous appris&nbsp;?","protected":false},"author":1,"featured_media":36020,"comment_status":"open","ping_status":"open","sticky":false,"template":"","format":"standard","meta":{"footnotes":""},"categories":[3926,3925,330],"tags":[493,10,513,343,163,1868,3591,1501,650,5857,256,751,166],"news-destination":[3944],"news-source":[475],"is_homepage":[],"ta_other":[],"class_list":["post-36019","post","type-post","status-publish","format-standard","has-post-thumbnail","hentry","category-accueil-merge","category-accueil-third","category-politique","tag-aubagne","tag-bouches-du-rhone","tag-communes","tag-entretien","tag-financement","tag-foncier","tag-gemenos","tag-hopital","tag-participation","tag-roland-giberti","tag-sante","tag-service-public","tag-travaux","news-destination-homepage","news-source-website"],"_links":{"self":[{"href":"https:\/\/euapp01.newsmemory.com\/lamarseillaise\/news\/wp-json\/wp\/v2\/posts\/36019","targetHints":{"allow":["GET"]}}],"collection":[{"href":"https:\/\/euapp01.newsmemory.com\/lamarseillaise\/news\/wp-json\/wp\/v2\/posts"}],"about":[{"href":"https:\/\/euapp01.newsmemory.com\/lamarseillaise\/news\/wp-json\/wp\/v2\/types\/post"}],"author":[{"embeddable":true,"href":"https:\/\/euapp01.newsmemory.com\/lamarseillaise\/news\/wp-json\/wp\/v2\/users\/1"}],"replies":[{"embeddable":true,"href":"https:\/\/euapp01.newsmemory.com\/lamarseillaise\/news\/wp-json\/wp\/v2\/comments?post=36019"}],"version-history":[{"count":2,"href":"https:\/\/euapp01.newsmemory.com\/lamarseillaise\/news\/wp-json\/wp\/v2\/posts\/36019\/revisions"}],"predecessor-version":[{"id":36127,"href":"https:\/\/euapp01.newsmemory.com\/lamarseillaise\/news\/wp-json\/wp\/v2\/posts\/36019\/revisions\/36127"}],"wp:featuredmedia":[{"embeddable":true,"href":"https:\/\/euapp01.newsmemory.com\/lamarseillaise\/news\/wp-json\/wp\/v2\/media\/36020"}],"wp:attachment":[{"href":"https:\/\/euapp01.newsmemory.com\/lamarseillaise\/news\/wp-json\/wp\/v2\/media?parent=36019"}],"wp:term":[{"taxonomy":"category","embeddable":true,"href":"https:\/\/euapp01.newsmemory.com\/lamarseillaise\/news\/wp-json\/wp\/v2\/categories?post=36019"},{"taxonomy":"post_tag","embeddable":true,"href":"https:\/\/euapp01.newsmemory.com\/lamarseillaise\/news\/wp-json\/wp\/v2\/tags?post=36019"},{"taxonomy":"news-destination","embeddable":true,"href":"https:\/\/euapp01.newsmemory.com\/lamarseillaise\/news\/wp-json\/wp\/v2\/news-destination?post=36019"},{"taxonomy":"news-source","embeddable":true,"href":"https:\/\/euapp01.newsmemory.com\/lamarseillaise\/news\/wp-json\/wp\/v2\/news-source?post=36019"},{"taxonomy":"is_homepage","embeddable":true,"href":"https:\/\/euapp01.newsmemory.com\/lamarseillaise\/news\/wp-json\/wp\/v2\/is_homepage?post=36019"},{"taxonomy":"ta_other","embeddable":true,"href":"https:\/\/euapp01.newsmemory.com\/lamarseillaise\/news\/wp-json\/wp\/v2\/ta_other?post=36019"}],"curies":[{"name":"wp","href":"https:\/\/api.w.org\/{rel}","templated":true}]}}