{"id":36016,"date":"2026-07-11T07:18:00","date_gmt":"2026-07-11T05:18:00","guid":{"rendered":"https:\/\/euapp01.newsmemory.com\/lamarseillaise\/news\/?p=36016"},"modified":"2026-07-17T07:34:34","modified_gmt":"2026-07-17T05:34:34","slug":"la-section-du-parti-communiste-affiche-un-esprit-de-conquete","status":"publish","type":"post","link":"https:\/\/euapp01.newsmemory.com\/lamarseillaise\/news\/2026\/07\/11\/la-section-du-parti-communiste-affiche-un-esprit-de-conquete\/","title":{"rendered":"La section du Parti communiste affiche un esprit de conqu\u00eate"},"content":{"rendered":"<div class=\"paragraph\">\n<p>U<i>n m\u00e9lange d\u2019exp\u00e9rience, de jeunesse, de syndicalisme et de diversit\u00e9 sociologique.<\/i>\u00a0\u00bb C\u2019est en ces termes que G\u00e9rard Permingeat, secr\u00e9taire de la section, pr\u00e9sente la nouvelle direction du PCF toulonnais, fra\u00eechement \u00e9lue dans le sillage du congr\u00e8s national du parti, qui s\u2019est tenu \u00e0 Lille, du 3 au 5\u00a0juillet. Les forces en pr\u00e9sence lui donnent raison\u00a0: l\u2019exp\u00e9rience du secr\u00e9taire de section r\u00e9\u00e9lu, mais aussi celle d\u2019Andr\u00e9 de Ubeda, ancien \u00e9lu \u00e0 la mairie de Toulon, de Marie-H\u00e9l\u00e8ne Guyot, tr\u00e9sori\u00e8re de la section, et de Gilbert Poitoux, retrait\u00e9 de l\u2019arsenal. \u00c0 leurs c\u00f4t\u00e9s, un vent de fra\u00eecheur est apport\u00e9 par Natalie Baer, ancienne conseill\u00e8re municipale \u00e0 Gu\u00e9men\u00e9-Penfao (Loire-Atlantique), ainsi que par Maxime Fuhry, jeune entrepreneur toulonnais.<\/p>\n<\/p><\/div>\n<div class=\"intext\"> Face \u00e0 l\u2019extr\u00eame droite\n              <\/div>\n<div class=\"paragraph\">\n<p>Aussit\u00f4t \u00e9lu, aussit\u00f4t au travail, dans la droite ligne du texte adopt\u00e9 lors du congr\u00e8s national, intitul\u00e9 \u00ab\u00a0Un communisme de conqu\u00eates\u00a0\u00bb. Trois piliers structurent cette orientation\u00a0: le combat contre les logiques imp\u00e9rialistes et pour la paix\u00a0; une R\u00e9publique d\u00e9mocratique, sociale et universaliste pla\u00e7ant les travailleurs au centre\u00a0; et la transformation du mode de production fond\u00e9e sur l\u2019appropriation sociale des richesses au b\u00e9n\u00e9fice des travailleurs et des salaires. Le tout sous l\u2019\u00e9gide du Plan climat\u00a02050 du PCF, qui vise \u00e0 atteindre \u00ab\u00a0<i>la neutralit\u00e9 carbone d\u2019ici 2050, via une r\u00e9industrialisation fossile li\u00e9e \u00e0 un mix nucl\u00e9aire renouvelable<\/i>\u00a0\u00bb, pr\u00e9cise le secr\u00e9taire de section.<\/p>\n<p>Au niveau local, cet esprit se traduit d\u2019abord par la lutte engag\u00e9e contre le Rassemblement national\u00a0: \u00ab\u00a0<i>On a appel\u00e9 \u00e0 battre le RN \u00e0 Toulon en votant Massi, mais cette majorit\u00e9 fait le lit de l\u2019extr\u00eame droite<\/i><i>\u00a0<\/i>\u00bb, d\u00e9nonce G\u00e9rard Permingeat. Un travail contre le l\u2019extr\u00eame droite et reconqu\u00e9rir \u00ab\u00a0<i>son \u00e9lectorat et la conscience de classe. Il y a une contradiction pour certains de ses \u00e9lecteurs, alors que le RN vote pour des politiques antisociales<\/i>\u00a0\u00bb, pointe Andr\u00e9 de Ubeda.<\/p>\n<p>Une forte vigilance sera port\u00e9e sur l\u2019action municipale et m\u00e9tropolitaine. Parmi les questions pr\u00e9gnantes, celle du ch\u0153ur de l\u2019op\u00e9ra, toujours en danger, les soucis d\u2019acc\u00e8s aux \u00e9coles maternelles de la Convention et primaire du Pont-Neuf, ou encore des imp\u00f4ts locaux qui, malgr\u00e9 le faible endettement de la Ville, sont \u00ab\u00a0<i>au m\u00eame niveau que des villes qui sont beaucoup plus endett\u00e9es<\/i><i>\u00a0<\/i>\u00bb, note Andr\u00e9 de Ubeda. Cela, m\u00eame sans \u00e9lu \u00e0 la Ville.<\/p>\n<\/p><\/div>\n","protected":false},"excerpt":{"rendered":"Un m&eacute;lange d&rsquo;exp&eacute;rience, de jeunesse, de syndicalisme et de diversit&eacute; sociologique.&nbsp;&raquo; C&rsquo;est en ces termes que G&eacute;rard Permingeat, secr&eacute;taire de la section, pr&eacute;sente la nouvelle &#8230;","protected":false},"author":1,"featured_media":36017,"comment_status":"open","ping_status":"open","sticky":false,"template":"","format":"standard","meta":{"footnotes":""},"categories":[3926,3925,330],"tags":[4532,610,465,4462,2669,516,378,121,250,491,597,910,31,2087,720],"news-destination":[3944],"news-source":[475],"is_homepage":[],"ta_other":[],"class_list":["post-36016","post","type-post","status-publish","format-standard","has-post-thumbnail","hentry","category-accueil-merge","category-accueil-third","category-politique","tag-andre-de-ubeda","tag-communisme","tag-communistes","tag-congres-national","tag-electeurs","tag-impots","tag-local","tag-paix","tag-pcf","tag-reindustrialisation","tag-toulon","tag-travailleurs","tag-var","tag-vigilance","tag-ville","news-destination-homepage","news-source-website"],"_links":{"self":[{"href":"https:\/\/euapp01.newsmemory.com\/lamarseillaise\/news\/wp-json\/wp\/v2\/posts\/36016","targetHints":{"allow":["GET"]}}],"collection":[{"href":"https:\/\/euapp01.newsmemory.com\/lamarseillaise\/news\/wp-json\/wp\/v2\/posts"}],"about":[{"href":"https:\/\/euapp01.newsmemory.com\/lamarseillaise\/news\/wp-json\/wp\/v2\/types\/post"}],"author":[{"embeddable":true,"href":"https:\/\/euapp01.newsmemory.com\/lamarseillaise\/news\/wp-json\/wp\/v2\/users\/1"}],"replies":[{"embeddable":true,"href":"https:\/\/euapp01.newsmemory.com\/lamarseillaise\/news\/wp-json\/wp\/v2\/comments?post=36016"}],"version-history":[{"count":1,"href":"https:\/\/euapp01.newsmemory.com\/lamarseillaise\/news\/wp-json\/wp\/v2\/posts\/36016\/revisions"}],"predecessor-version":[{"id":36018,"href":"https:\/\/euapp01.newsmemory.com\/lamarseillaise\/news\/wp-json\/wp\/v2\/posts\/36016\/revisions\/36018"}],"wp:featuredmedia":[{"embeddable":true,"href":"https:\/\/euapp01.newsmemory.com\/lamarseillaise\/news\/wp-json\/wp\/v2\/media\/36017"}],"wp:attachment":[{"href":"https:\/\/euapp01.newsmemory.com\/lamarseillaise\/news\/wp-json\/wp\/v2\/media?parent=36016"}],"wp:term":[{"taxonomy":"category","embeddable":true,"href":"https:\/\/euapp01.newsmemory.com\/lamarseillaise\/news\/wp-json\/wp\/v2\/categories?post=36016"},{"taxonomy":"post_tag","embeddable":true,"href":"https:\/\/euapp01.newsmemory.com\/lamarseillaise\/news\/wp-json\/wp\/v2\/tags?post=36016"},{"taxonomy":"news-destination","embeddable":true,"href":"https:\/\/euapp01.newsmemory.com\/lamarseillaise\/news\/wp-json\/wp\/v2\/news-destination?post=36016"},{"taxonomy":"news-source","embeddable":true,"href":"https:\/\/euapp01.newsmemory.com\/lamarseillaise\/news\/wp-json\/wp\/v2\/news-source?post=36016"},{"taxonomy":"is_homepage","embeddable":true,"href":"https:\/\/euapp01.newsmemory.com\/lamarseillaise\/news\/wp-json\/wp\/v2\/is_homepage?post=36016"},{"taxonomy":"ta_other","embeddable":true,"href":"https:\/\/euapp01.newsmemory.com\/lamarseillaise\/news\/wp-json\/wp\/v2\/ta_other?post=36016"}],"curies":[{"name":"wp","href":"https:\/\/api.w.org\/{rel}","templated":true}]}}