{"id":36004,"date":"2026-07-11T07:02:00","date_gmt":"2026-07-11T05:02:00","guid":{"rendered":"https:\/\/euapp01.newsmemory.com\/lamarseillaise\/news\/?p=36004"},"modified":"2026-07-16T10:00:32","modified_gmt":"2026-07-16T08:00:32","slug":"dans-les-bouches-du-rhone-la-gauche-mene-campagne-unie","status":"publish","type":"post","link":"https:\/\/euapp01.newsmemory.com\/lamarseillaise\/news\/2026\/07\/11\/dans-les-bouches-du-rhone-la-gauche-mene-campagne-unie\/","title":{"rendered":"Dans les Bouches-du-Rh\u00f4ne, la gauche m\u00e8ne campagne unie"},"content":{"rendered":"<div class=\"paragraph\">\n<p>N<i>ous sommes tr\u00e8s heureux de repartir ensemble tous les trois<\/i><i>\u00a0<\/i>\u00bb, lance la s\u00e9natrice socialiste Marie-Arlette Carlotti, sur la terrasse du Polikarpov, cours Honor\u00e9 d\u2019Estienne d\u2019Orves (1<sup>er<\/sup>), ce vendredi. \u00c0 ses c\u00f4t\u00e9s, ses coll\u00e8gues du palais du Luxembourg, le communiste J\u00e9r\u00e9my Bacchi et l\u2019\u00e9cologiste Guy Benarroche font part du m\u00eame enthousiasme. Comme en 2020, tous les trois seront sur la liste d\u2019union de la gauche &#8211;\u00a0hors LFI\u00a0&#8211; dans les Bouches-du-Rh\u00f4ne.<\/p>\n<p>\u00ab\u00a0<i>Les \u00e9lections s\u00e9natoriales \u00e9tant la traduction des s\u00e9quences municipales, nous avons consid\u00e9r\u00e9 qu\u2019il \u00e9tait tout \u00e0 fait logique de poursuivre l\u2019aventure et l\u2019unit\u00e9 \u00e0 gauche avec l\u2019ensemble des forces de progr\u00e8s \u00e9cologistes et citoyennes<\/i><i>\u00a0<\/i>\u00bb, argumente J\u00e9r\u00e9my Bacchi, chef de la f\u00e9d\u00e9ration d\u00e9partementale du PCF, qui sera la t\u00eate de cette liste. \u00ab\u00a0<i>Nous sommes dans des groupes politiques diff\u00e9rents mais chaque fois que l\u2019int\u00e9r\u00eat des communes du d\u00e9partement des Bouches-du-Rh\u00f4ne \u00e9tait en jeu, nous \u00e9tions ensemble<\/i><i>\u00a0<\/i>\u00bb, pousse la socialiste. Et Guy Benarroche de prendre pour exemple l\u2019exp\u00e9rimentation nationale Territoires z\u00e9ro ch\u00f4meur de longue dur\u00e9e (TZCLD) dans la commune de Jouques depuis 2016\u00a0: \u00ab\u00a0<i>L\u2019essentiel \u00e9tait que le texte soit prolong\u00e9 pour que l\u2019exp\u00e9rience puisse continuer, mais pas \u00e0 n\u2019importe quelle condition. Nous avons pes\u00e9 de la m\u00eame fa\u00e7on tous les trois pour que le texte se rapproche de ce que souhaitait la ville<\/i><i>\u00a0<\/i>\u00bb, souligne-t-il, citant \u00e9galement le texte sur le statut de l\u2019\u00e9lu ou sur la police municipale. \u00ab\u00a0<i>Qui d\u00e9nonce les budgets des collectivit\u00e9s territoriales en baisse dans les deux derniers budgets \u00e0 part nous<\/i><i>\u00a0<\/i><i>?<\/i><i>\u00a0<\/i>\u00bb, interroge le s\u00e9nateur \u00e9cologiste.<\/p>\n<p>Si pour l\u2019instant, ils sont les seuls \u00e0 se d\u00e9clarer sur cette liste, les \u00e9lus font \u00e9tat de rapprochements avec des maires du camp progressiste et au-del\u00e0. J\u00e9r\u00e9my Bacchi relate des discussions avec des \u00e9diles du pays d\u2019Arles, sans les citer\u00a0: \u00ab\u00a0<i>L\u2019un d\u2019entre eux, divers droite, me dit<\/i><i>\u00a0<\/i><i>: &#8220;On ne sera pas d\u2019accord sur les retraites, sur la s\u00e9curit\u00e9 et sur tout un tas de choses. Mais moi, maire d\u2019un petit village, c\u2019est les services publics qu\u2019il faut d\u00e9fendre, donc je voterais pour vous&#8221;<\/i><i>\u00a0<\/i>\u00bb, raconte le communiste. Avant de citer avec un brin de malice, l\u2019ancien maire de droite de Marseille\u00a0: \u00ab\u00a0<i>Jean-Claude disait l\u2019\u00e9lection s\u00e9natoriale, c\u2019est la seule \u00e9lection o\u00f9 ce sont les \u00e9lecteurs qui mentent plus que les candidats<\/i><i>\u00a0<\/i>\u00bb, sourit-il.<\/p>\n<\/p><\/div>\n<div class=\"intext\"> Institution de \u00ab\u00a0r\u00e9sistance\u00a0\u00bb \u00e0 l\u2019extr\u00eame droite\n              <\/div>\n<div class=\"paragraph\">\n<p>Sur les plus de 3\u00a0600\u00a0grands \u00e9lecteurs bucco-rhodaniens, 1181 sont Marseillais. Aux 73\u00a0\u00e9lus du Printemps marseillais au Conseil municipal s\u2019ajoutent 704\u00a0d\u00e9l\u00e9gu\u00e9s suppl\u00e9mentaires. Ce qui s\u00e9curise deux si\u00e8ges a minima \u00e0 la chambre haute du Parlement mais la gauche veut voir plus grand, et en vise quatre sur les huit que compte le d\u00e9partement. Qui compl\u00e9tera ce quatuor\u00a0? Ce sera assur\u00e9ment une femme, confirment les candidats. Le nom de Mireille Jouve qui avait remplac\u00e9 Jean-No\u00ebl Gu\u00e9rini, r\u00e9\u00e9lu s\u00e9nateur en 2020 avant d\u2019\u00eatre d\u00e9clar\u00e9 in\u00e9ligible par la justice, est \u00e9voqu\u00e9. \u00ab\u00a0<i>Les choses avancent<\/i><i>\u00a0<\/i>\u00bb, r\u00e9sume le communiste.<\/p>\n<p>Sur la tabl\u00e9e, eau gazeuse et Pac \u00e0 l\u2019eau, le soleil r\u00e9ussit \u00e0 s\u2019infiltrer entre les parasols. La gauche, en ordre de bataille, est n\u00e9anmoins d\u00e9tendue parce qu\u2019elle est unie, du moins \u00e0 cette \u00e9chelle. Quand, en face, la droite peine \u00e0 s\u2019accorder et l\u2019extr\u00eame droite part carr\u00e9ment divis\u00e9e. Mais le camp brun pourrait, pour la premi\u00e8re fois, \u00eatre en capacit\u00e9 de former son propre groupe au S\u00e9nat. Alors, les parlementaires veulent rassembler large, \u00ab\u00a0<i>cette institution, m\u00eame si elle est plut\u00f4t r\u00e9actionnaire, elle est au moins r\u00e9publicaine. On veut continuer \u00e0 ce qu\u2019il n\u2019y ait pas de groupe d\u2019extr\u00eame droite dans le S\u00e9nat. Je pense que par les temps qui arrivent, \u00e7a sera important qu\u2019il y ait au moins une institution qui fasse de la r\u00e9sistance r\u00e9publicaine<\/i><i>\u00a0<\/i>\u00bb, mart\u00e8le Marie-Arlette Carlotti.<\/p>\n<\/p><\/div>\n","protected":false},"excerpt":{"rendered":"Nous sommes tr&egrave;s heureux de repartir ensemble tous les trois&nbsp;&raquo;, lance la s&eacute;natrice socialiste Marie-Arlette Carlotti, sur la terrasse du Polikarpov, cours Honor&eacute; d&rsquo;Estienne d&rsquo;Orves (1er), ce vendredi. &#8230;","protected":false},"author":1,"featured_media":36005,"comment_status":"open","ping_status":"open","sticky":false,"template":"","format":"standard","meta":{"footnotes":""},"categories":[3926,3925,330],"tags":[5820,1604,1032,748,2576,775,1920],"news-destination":[3944],"news-source":[475],"is_homepage":[],"ta_other":[],"class_list":["post-36004","post","type-post","status-publish","format-standard","has-post-thumbnail","hentry","category-accueil-merge","category-accueil-third","category-politique","tag-conference-de-presse","tag-departement-des-bouches-du-rhone","tag-guy-benarroche","tag-jeremy-bacchi","tag-marie-arlette-carlotti","tag-printemps-marseillais","tag-senat","news-destination-homepage","news-source-website"],"_links":{"self":[{"href":"https:\/\/euapp01.newsmemory.com\/lamarseillaise\/news\/wp-json\/wp\/v2\/posts\/36004","targetHints":{"allow":["GET"]}}],"collection":[{"href":"https:\/\/euapp01.newsmemory.com\/lamarseillaise\/news\/wp-json\/wp\/v2\/posts"}],"about":[{"href":"https:\/\/euapp01.newsmemory.com\/lamarseillaise\/news\/wp-json\/wp\/v2\/types\/post"}],"author":[{"embeddable":true,"href":"https:\/\/euapp01.newsmemory.com\/lamarseillaise\/news\/wp-json\/wp\/v2\/users\/1"}],"replies":[{"embeddable":true,"href":"https:\/\/euapp01.newsmemory.com\/lamarseillaise\/news\/wp-json\/wp\/v2\/comments?post=36004"}],"version-history":[{"count":1,"href":"https:\/\/euapp01.newsmemory.com\/lamarseillaise\/news\/wp-json\/wp\/v2\/posts\/36004\/revisions"}],"predecessor-version":[{"id":36006,"href":"https:\/\/euapp01.newsmemory.com\/lamarseillaise\/news\/wp-json\/wp\/v2\/posts\/36004\/revisions\/36006"}],"wp:featuredmedia":[{"embeddable":true,"href":"https:\/\/euapp01.newsmemory.com\/lamarseillaise\/news\/wp-json\/wp\/v2\/media\/36005"}],"wp:attachment":[{"href":"https:\/\/euapp01.newsmemory.com\/lamarseillaise\/news\/wp-json\/wp\/v2\/media?parent=36004"}],"wp:term":[{"taxonomy":"category","embeddable":true,"href":"https:\/\/euapp01.newsmemory.com\/lamarseillaise\/news\/wp-json\/wp\/v2\/categories?post=36004"},{"taxonomy":"post_tag","embeddable":true,"href":"https:\/\/euapp01.newsmemory.com\/lamarseillaise\/news\/wp-json\/wp\/v2\/tags?post=36004"},{"taxonomy":"news-destination","embeddable":true,"href":"https:\/\/euapp01.newsmemory.com\/lamarseillaise\/news\/wp-json\/wp\/v2\/news-destination?post=36004"},{"taxonomy":"news-source","embeddable":true,"href":"https:\/\/euapp01.newsmemory.com\/lamarseillaise\/news\/wp-json\/wp\/v2\/news-source?post=36004"},{"taxonomy":"is_homepage","embeddable":true,"href":"https:\/\/euapp01.newsmemory.com\/lamarseillaise\/news\/wp-json\/wp\/v2\/is_homepage?post=36004"},{"taxonomy":"ta_other","embeddable":true,"href":"https:\/\/euapp01.newsmemory.com\/lamarseillaise\/news\/wp-json\/wp\/v2\/ta_other?post=36004"}],"curies":[{"name":"wp","href":"https:\/\/api.w.org\/{rel}","templated":true}]}}