{"id":35998,"date":"2026-07-11T08:15:00","date_gmt":"2026-07-11T06:15:00","guid":{"rendered":"https:\/\/euapp01.newsmemory.com\/lamarseillaise\/news\/?p=35998"},"modified":"2026-07-17T08:40:07","modified_gmt":"2026-07-17T06:40:07","slug":"une-journee-dhommageaux-agents-de-police","status":"publish","type":"post","link":"https:\/\/euapp01.newsmemory.com\/lamarseillaise\/news\/2026\/07\/11\/une-journee-dhommageaux-agents-de-police\/","title":{"rendered":"\u00c0 Marseille, une journ\u00e9e d\u2019hommage aux agents de police"},"content":{"rendered":"<div class=\"paragraph\">\n<p>G<i>aaaaaaaaaarde \u00e0 vous, au drapeau<\/i>.\u00a0\u00bb Sur l\u2019esplanade de la Major t\u00f4t le matin ce vendredi 10\u00a0juillet, du Raid aux douanes en passant par la PJ et la s\u00e9curit\u00e9 publique, toutes les forces de police et de gendarmerie sont repr\u00e9sent\u00e9es pour une journ\u00e9e nationale mise en place voil\u00e0 cinq ans. Une c\u00e9r\u00e9monie au cours de laquelle ont \u00e9t\u00e9 remises des d\u00e9corations pour faits de bravoure notamment, comme des m\u00e9dailles de la police nationale \u00e9chelon or ou bronze ou celle de l\u2019ordre national du m\u00e9rite, mais aussi un moment pour rendre hommage aux policiers d\u00e9c\u00e9d\u00e9s.<\/p>\n<p>Il s\u2019agit de \u00ab\u00a0<i>mettre \u00e0 l\u2019honneur les 153<\/i><i>\u00a0<\/i><i>000<\/i><i>\u00a0<\/i><i>femmes et hommes qui, tous les jours de l\u2019ann\u00e9e, se mettent au service de la R\u00e9publique et de la s\u00e9curit\u00e9 de nos concitoyens<\/i>\u00a0\u00bb, indique le pr\u00e9fet des Bouches-du-Rh\u00f4ne, Jacques Witkowski, donnant lecture d\u2019un message du ministre de l\u2019Int\u00e9rieur, Laurent Nunez.<\/p>\n<p>L\u2019occasion \u00ab\u00a0<i>que tous se rappellent l\u2019exigence de la vocation que vous avez embrass\u00e9e, ce m\u00e9tier qui ressemble souvent \u00e0 un sacerdoce et qui, pour certains de vos coll\u00e8gues, a rev\u00eatu la forme du sacrifice<\/i>\u00a0\u00bb, estime-t-il<\/p>\n<\/p><\/div>\n<div class=\"intext\"> \u00ab\u00a0Une mont\u00e9e<br \/>\n               <br \/>de l\u2019hyper-violence\u00a0\u00bb\n              <\/div>\n<div class=\"paragraph\">\n<p>Il rappelle que \u00ab\u00a0<i>depuis le d\u00e9but de l\u2019ann\u00e9e 2026, d\u00e9j\u00e0 cinq policiers qui ont perdu la vie en mission ou en service. Ils viennent allonger la trop longue liste des 39<\/i><i>\u00a0<\/i><i>agents de la police nationale d\u00e9c\u00e9d\u00e9s depuis 2021, ann\u00e9e o\u00f9 cette journ\u00e9e a \u00e9t\u00e9 institu\u00e9e aussi et avant tout pour faire m\u00e9moire de leur nom et de leur engagement<\/i><i>\u00a0<\/i>\u00bb. Sans compter les bless\u00e9s : 1\u00a0100 chaque mois en moyenne 2026.<\/p>\n<p>Cette journ\u00e9e c\u2019est aussi \u00ab\u00a0<i>un moment de c\u00e9l\u00e9bration. C\u00e9l\u00e9bration de la beaut\u00e9 de votre devise, de la noblesse de vos valeurs et du sens profond de votre vocation<\/i>\u00a0\u00bb, poursuit le pr\u00e9fet. Et de revenir sur un \u00ab\u00a0<i>contexte de mont\u00e9e ind\u00e9niable de l\u2019hyper-violence<\/i>\u00a0\u00bb. \u00ab\u00a0<i>Nos forces de s\u00e9curit\u00e9 sont, par ailleurs, constamment d\u00e9fi\u00e9es. Ne pas obtemp\u00e9rer \u00e0 leurs injonctions devient une option, discuter leur monopole de la force l\u00e9gitime, une habitude, s\u2019en prendre \u00e0 leur int\u00e9grit\u00e9 physique, de moins en moins rare<\/i>\u00a0\u00bb, note le ministre dans son discours, consid\u00e9rant que \u00ab\u00a0<i>quelques-uns veulent faire oublier qu\u2019aux racines de l\u2019engagement <\/i>[des policiers] <i>se trouve la protection des plus vuln\u00e9rables, le secours aux victimes et la s\u00e9curit\u00e9 de chacun de nos concitoyens<\/i>\u00a0\u00bb.<\/p>\n<p>Alors qu\u2019il entend renforcer l\u2019arsenal l\u00e9gal vers le tout s\u00e9curitaire, Laurent Nunez en profite pour enfoncer le clou, estimant que l\u2019action des policiers s\u2019inscrit \u00ab\u00a0<i>dans le cadre des lois r\u00e9publicaines et des r\u00e8gles d\u00e9ontologiques toujours n\u00e9cessaires, toujours proportionn\u00e9es, toujours exemplaires<\/i>\u00a0\u00bb.<\/p>\n<\/p><\/div>\n","protected":false},"excerpt":{"rendered":"Gaaaaaaaaaarde &agrave; vous, au drapeau.&nbsp;&raquo; Sur l&rsquo;esplanade de la Major t&ocirc;t le matin ce vendredi 10&nbsp;juillet, du Raid aux douanes en passant par la PJ et la s&eacute;curit&eacute; publique, toutes les forces de police et &#8230;","protected":false},"author":1,"featured_media":35999,"comment_status":"open","ping_status":"open","sticky":false,"template":"","format":"standard","meta":{"footnotes":""},"categories":[3926,3925,20],"tags":[10,2346,3029,328,1798,3996,3848,16,2582,920,497,1977,1699,537,381,1799,1941],"news-destination":[3944],"news-source":[475],"is_homepage":[],"ta_other":[],"class_list":["post-35998","post","type-post","status-publish","format-standard","has-post-thumbnail","hentry","category-accueil-merge","category-accueil-third","category-societe","tag-bouches-du-rhone","tag-ceremonie","tag-douanes","tag-engagement","tag-gendarmerie","tag-jacques-witkowski","tag-laurent-nunez","tag-marseille","tag-medailles","tag-memoire","tag-ministre","tag-police-nationale","tag-policiers","tag-protection","tag-secours","tag-securite-publique","tag-victimes","news-destination-homepage","news-source-website"],"_links":{"self":[{"href":"https:\/\/euapp01.newsmemory.com\/lamarseillaise\/news\/wp-json\/wp\/v2\/posts\/35998","targetHints":{"allow":["GET"]}}],"collection":[{"href":"https:\/\/euapp01.newsmemory.com\/lamarseillaise\/news\/wp-json\/wp\/v2\/posts"}],"about":[{"href":"https:\/\/euapp01.newsmemory.com\/lamarseillaise\/news\/wp-json\/wp\/v2\/types\/post"}],"author":[{"embeddable":true,"href":"https:\/\/euapp01.newsmemory.com\/lamarseillaise\/news\/wp-json\/wp\/v2\/users\/1"}],"replies":[{"embeddable":true,"href":"https:\/\/euapp01.newsmemory.com\/lamarseillaise\/news\/wp-json\/wp\/v2\/comments?post=35998"}],"version-history":[{"count":2,"href":"https:\/\/euapp01.newsmemory.com\/lamarseillaise\/news\/wp-json\/wp\/v2\/posts\/35998\/revisions"}],"predecessor-version":[{"id":36066,"href":"https:\/\/euapp01.newsmemory.com\/lamarseillaise\/news\/wp-json\/wp\/v2\/posts\/35998\/revisions\/36066"}],"wp:featuredmedia":[{"embeddable":true,"href":"https:\/\/euapp01.newsmemory.com\/lamarseillaise\/news\/wp-json\/wp\/v2\/media\/35999"}],"wp:attachment":[{"href":"https:\/\/euapp01.newsmemory.com\/lamarseillaise\/news\/wp-json\/wp\/v2\/media?parent=35998"}],"wp:term":[{"taxonomy":"category","embeddable":true,"href":"https:\/\/euapp01.newsmemory.com\/lamarseillaise\/news\/wp-json\/wp\/v2\/categories?post=35998"},{"taxonomy":"post_tag","embeddable":true,"href":"https:\/\/euapp01.newsmemory.com\/lamarseillaise\/news\/wp-json\/wp\/v2\/tags?post=35998"},{"taxonomy":"news-destination","embeddable":true,"href":"https:\/\/euapp01.newsmemory.com\/lamarseillaise\/news\/wp-json\/wp\/v2\/news-destination?post=35998"},{"taxonomy":"news-source","embeddable":true,"href":"https:\/\/euapp01.newsmemory.com\/lamarseillaise\/news\/wp-json\/wp\/v2\/news-source?post=35998"},{"taxonomy":"is_homepage","embeddable":true,"href":"https:\/\/euapp01.newsmemory.com\/lamarseillaise\/news\/wp-json\/wp\/v2\/is_homepage?post=35998"},{"taxonomy":"ta_other","embeddable":true,"href":"https:\/\/euapp01.newsmemory.com\/lamarseillaise\/news\/wp-json\/wp\/v2\/ta_other?post=35998"}],"curies":[{"name":"wp","href":"https:\/\/api.w.org\/{rel}","templated":true}]}}