{"id":35995,"date":"2026-07-11T07:04:01","date_gmt":"2026-07-11T05:04:01","guid":{"rendered":"https:\/\/euapp01.newsmemory.com\/lamarseillaise\/news\/?p=35995"},"modified":"2026-07-16T21:20:51","modified_gmt":"2026-07-16T19:20:51","slug":"la-prevention-du-sexisme-est-un-sujet-pour-les-fadas","status":"publish","type":"post","link":"https:\/\/euapp01.newsmemory.com\/lamarseillaise\/news\/2026\/07\/11\/la-prevention-du-sexisme-est-un-sujet-pour-les-fadas\/","title":{"rendered":"La pr\u00e9vention du sexisme est un sujet pour les Fadas"},"content":{"rendered":"<div class=\"paragraph\">\n<p>La base nautique de Tholon s\u2019est mise aux couleurs du village des Fadas du monde depuis mardi. Chaque jour, concerts, spectacles, ripaille les pieds dans l\u2019eau et trinqu\u00e9es \u00e0 la buvette des Amis de la f\u00eate ponctuent les jours comme les nuits. Au c\u0153ur de la f\u00eate, habill\u00e9es d\u2019une chasuble sur lequel figure un \u0153il bleu, certaines personnes vont \u00e0 la rencontre des festivaliers pour parler pr\u00e9vention.<\/p>\n<p>Il s\u2019agit des b\u00e9n\u00e9voles du dispositif Safer, ou \u00ab\u00a0<i>plus s\u00fbr<\/i>\u00a0\u00bb. Sur leur stand, des informations et des outils pour comprendre, pr\u00e9venir et traiter les violences sexistes et sexuelles. \u00ab\u00a0<i>On est une organisation sp\u00e9cialis\u00e9e dans le milieu festif pour r\u00e9pondre au sentiment d\u2019ins\u00e9curit\u00e9 des femmes<\/i><i>\u00a0<\/i>\u00bb explique Ange, coordinatrice du dispositif sur le village des Fadas. Sur la table, il y a notamment le violentom\u00e8tre. \u00ab\u00a0<i>C\u2019est un outil qui fonctionne tr\u00e8s bien pour sensibiliser les victimes et les auteurs de violences<\/i>\u00a0\u00bb explique la coordinatrice, prenant l\u2019exemple d\u2019\u00ab\u00a0<i>un gar\u00e7on venu nous voir sur un autre festival, persuad\u00e9 que c\u2019\u00e9tait de sa faute de s\u2019\u00eatre fait violer car il avait trop bu<\/i>\u00a0\u00bb. \u00ab\u00a0<i>Il a r\u00e9alis\u00e9 que \u00e7a n\u2019\u00e9tait pas normal<\/i>\u00a0\u00bb, insiste Ange.<\/p>\n<\/p><\/div>\n<div class=\"intext\"> Libert\u00e9 ou non-droit\u00a0?\n              <\/div>\n<div class=\"paragraph\">\n<p>Selon la militante, la f\u00eate n\u2019est \u00ab\u00a0<i>pas forc\u00e9ment plus propice aux violences que le travail ou la rue<\/i>\u00a0\u00bb, mais reste pour beaucoup \u00ab\u00a0<i>un moment ou un espace synonyme de libert\u00e9, voire de zone de non-droit<\/i>\u00a0\u00bb. Selon l\u2019\u00e9tude men\u00e9e avec l\u2019institut Gece sur 7 festivals et leurs 10\u00a0000 participants, \u00ab\u00a0<i>75<\/i><i>\u00a0<\/i><i>% des personnes interrog\u00e9es estiment que les violences, discriminations et VSS se produisent fr\u00e9quemment en festival<\/i>\u00a0\u00bb, resitue la coordinatrice.<\/p>\n<p>Ce sentiment de libert\u00e9 est notamment renforc\u00e9 par la consommation d\u2019alcool. \u00ab\u00a0<i>Cela cr\u00e9e une d\u00e9sinhibition et la foule peut aussi indure ce sentiment d\u2019impunit\u00e9<\/i>\u00a0\u00bb appuie Ange. Pour r\u00e9pondre \u00e0 ces situations, plusieurs solutions. Comme des petites cartes en papier, marqu\u00e9es \u00ab\u00a0<i>t\u2019es relou<\/i><i>\u00a0<\/i>\u00bb ou \u00ab\u00a0<i>quand c\u2019est non c\u2019est non<\/i>\u00a0\u00bb. Ces cartes ont au verso une explication simple de pourquoi elles ont \u00e9t\u00e9 donn\u00e9es et renvoient vers un site internet contenant des fiches p\u00e9dagogiques. L\u2019id\u00e9e \u00e9tant de \u00ab<i>\u00a0<\/i><i>ne pas faire reposer la charge \u00e9ducationnelle sur les victimes<\/i>\u00a0\u00bb selon le site internet.<\/p>\n<p>Au besoin, le dispositif peut aussi et surtout accueillir les victimes. \u00ab\u00a0<i>On peut venir discuter au stand, ou bouger ailleurs. On est une bulle de bienveillance et de repos pour redescendre de ses \u00e9motions et envisager un apr\u00e8s, comme plainte ou pas<\/i><i>\u00a0<\/i>\u00bb, d\u00e9crit Ange.<\/p>\n<p>Le dispositif est en lien \u00e9troit, comme la Ville de Martigues, avec Solidarit\u00e9 femmes 13. \u00ab\u00a0<i>Ce sont des professionnels capables de s\u00e9curiser les personnes au plan psychologiques et assurer un suivi<\/i><i>\u00a0<\/i>\u00bb, d\u00e9taille la coordinatrice, \u00e9galement \u00ab\u00a0<i>form\u00e9e aux premiers secours en sant\u00e9 mentale<\/i>\u00a0\u00bb, utile en cas \u00ab<i>\u00a0<\/i><i>de crise d\u2019angoisse<\/i>\u00a0\u00bb notamment.<\/p>\n<p>Le dispositif Safer sensibilise aussi les autres acteurs du festival. \u00ab\u00a0<i>Ils nous ont propos\u00e9 une mini-formation avec la Ville en tant que responsables de la buvette<\/i>\u00a0\u00bb, indique Marianne Bocca, de l\u2019association des Amis de la f\u00eate. \u00ab\u00a0<i>Nous sommes attentifs \u00e0 l\u2019exag\u00e9ration sur l\u2019alcool, mais il n\u2019y en a pas encore eu<\/i>\u00a0\u00bb remarque-t-elle. Sur le comptoir en bois, des autocollants aux couleurs du dispositif ont \u00e9t\u00e9 pos\u00e9s. \u00ab\u00a0<i>L\u2019ambiance est bon enfant, je ne me sens pas en ins\u00e9curit\u00e9. Mais \u00e7a peut quand m\u00eame arriver et on a \u00e9t\u00e9 form\u00e9s pour savoir quoi faire et \u00e0 qui s\u2019adresser<\/i>\u00a0\u00bb, affirme la responsable. La Ville de Martigues a \u00e9galement distribu\u00e9 des tracts sur lesquels figurent des num\u00e9ros de services d\u2019urgence et d\u2019accompagnement. \u00ab\u00a0<i>Toutes ces initiatives contribuent \u00e0 dissuader les mauvais comportements<\/i>\u00a0\u00bb assure Ange, de Safer. Et que la f\u00eate profite \u00e0 tout le monde.<\/p>\n<\/p><\/div>\n<div class=\"paragraph\">\n<p>\u00ab\u00a0Safer dissuade <br \/>de mal <br \/>se comporter\u00a0\u00bb<\/p>\n<\/p><\/div>\n","protected":false},"excerpt":{"rendered":"La base nautique de Tholon s&rsquo;est mise aux couleurs du village des Fadas du monde depuis mardi. Chaque jour, concerts, spectacles, ripaille les pieds dans l&rsquo;eau et trinqu&eacute;es &agrave; la buvette des Amis de la f&ecirc;te ponctuent &#8230;","protected":false},"author":1,"featured_media":35996,"comment_status":"open","ping_status":"open","sticky":false,"template":"","format":"standard","meta":{"footnotes":""},"categories":[3926,3925,20],"tags":[5975,183,10,400,922,151,6061,387,397,63,431,424,260,1137],"news-destination":[3944],"news-source":[475],"is_homepage":[],"ta_other":[],"class_list":["post-35995","post","type-post","status-publish","format-standard","has-post-thumbnail","hentry","category-accueil-merge","category-accueil-third","category-societe","tag-base-nautique","tag-benevoles","tag-bouches-du-rhone","tag-concerts","tag-discriminations","tag-espace","tag-fadas-du-monde","tag-femmes","tag-festivals","tag-martigues","tag-prevention","tag-sante-mentale","tag-solidarite","tag-spectacles","news-destination-homepage","news-source-website"],"_links":{"self":[{"href":"https:\/\/euapp01.newsmemory.com\/lamarseillaise\/news\/wp-json\/wp\/v2\/posts\/35995","targetHints":{"allow":["GET"]}}],"collection":[{"href":"https:\/\/euapp01.newsmemory.com\/lamarseillaise\/news\/wp-json\/wp\/v2\/posts"}],"about":[{"href":"https:\/\/euapp01.newsmemory.com\/lamarseillaise\/news\/wp-json\/wp\/v2\/types\/post"}],"author":[{"embeddable":true,"href":"https:\/\/euapp01.newsmemory.com\/lamarseillaise\/news\/wp-json\/wp\/v2\/users\/1"}],"replies":[{"embeddable":true,"href":"https:\/\/euapp01.newsmemory.com\/lamarseillaise\/news\/wp-json\/wp\/v2\/comments?post=35995"}],"version-history":[{"count":1,"href":"https:\/\/euapp01.newsmemory.com\/lamarseillaise\/news\/wp-json\/wp\/v2\/posts\/35995\/revisions"}],"predecessor-version":[{"id":35997,"href":"https:\/\/euapp01.newsmemory.com\/lamarseillaise\/news\/wp-json\/wp\/v2\/posts\/35995\/revisions\/35997"}],"wp:featuredmedia":[{"embeddable":true,"href":"https:\/\/euapp01.newsmemory.com\/lamarseillaise\/news\/wp-json\/wp\/v2\/media\/35996"}],"wp:attachment":[{"href":"https:\/\/euapp01.newsmemory.com\/lamarseillaise\/news\/wp-json\/wp\/v2\/media?parent=35995"}],"wp:term":[{"taxonomy":"category","embeddable":true,"href":"https:\/\/euapp01.newsmemory.com\/lamarseillaise\/news\/wp-json\/wp\/v2\/categories?post=35995"},{"taxonomy":"post_tag","embeddable":true,"href":"https:\/\/euapp01.newsmemory.com\/lamarseillaise\/news\/wp-json\/wp\/v2\/tags?post=35995"},{"taxonomy":"news-destination","embeddable":true,"href":"https:\/\/euapp01.newsmemory.com\/lamarseillaise\/news\/wp-json\/wp\/v2\/news-destination?post=35995"},{"taxonomy":"news-source","embeddable":true,"href":"https:\/\/euapp01.newsmemory.com\/lamarseillaise\/news\/wp-json\/wp\/v2\/news-source?post=35995"},{"taxonomy":"is_homepage","embeddable":true,"href":"https:\/\/euapp01.newsmemory.com\/lamarseillaise\/news\/wp-json\/wp\/v2\/is_homepage?post=35995"},{"taxonomy":"ta_other","embeddable":true,"href":"https:\/\/euapp01.newsmemory.com\/lamarseillaise\/news\/wp-json\/wp\/v2\/ta_other?post=35995"}],"curies":[{"name":"wp","href":"https:\/\/api.w.org\/{rel}","templated":true}]}}