{"id":35992,"date":"2026-07-11T07:04:00","date_gmt":"2026-07-11T05:04:00","guid":{"rendered":"https:\/\/euapp01.newsmemory.com\/lamarseillaise\/news\/?p=35992"},"modified":"2026-07-17T07:07:29","modified_gmt":"2026-07-17T05:07:29","slug":"les-locataires-des-bourrely-prives-de-gaz","status":"publish","type":"post","link":"https:\/\/euapp01.newsmemory.com\/lamarseillaise\/news\/2026\/07\/11\/les-locataires-des-bourrely-prives-de-gaz\/","title":{"rendered":"Les locataires des Bourrely priv\u00e9s de gaz"},"content":{"rendered":"<div class=\"paragraph\">\n<p>Un mois sans gaz et des angoisses&#8230; Depuis l\u2019installation de d\u00e9tecteurs de monoxyde de carbone, mi-juin, les habitants des Bourrely Perrin (15<sup>e<\/sup>) subissent des coupures intempestives \u00e0 la moindre alerte. R\u00e9sultat\u00a0: plus d\u2019eau chaude, plus de possibilit\u00e9 de cuisiner. \u00ab\u00a0<i>Dans mon immeuble, les marins pompiers et GRDF nous ont dit que moins deux, \u00e7a explosait<\/i>\u00a0\u00bb assure Cynthia, qui t\u00e9moigne de ruptures de service touchant des appartements ou carr\u00e9ment un de la trentaine de b\u00e2timents de cette cit\u00e9 construite en 1965. Entour\u00e9e d\u2019autres habitants en col\u00e8re, r\u00e9unis ce vendredi 10\u00a0juillet devant le centre social, elle raconte le manque d\u2019information, la peur d\u2019absorber un gaz inodore et dangereux.<\/p>\n<p>\u00ab\u00a0<i>Vous vous rendez compte<\/i><i>\u00a0<\/i><i>? On a ici des personnes tr\u00e8s \u00e2g\u00e9es mais aussi des enfants en bas \u00e2ge, des mamans seules, tout \u00e7a en pleine canicule<\/i>\u00a0\u00bb poursuit-elle. L\u2019une d\u2019entre elles, Yamina, a pris ces deux petits sous le bras pour \u00eatre h\u00e9berg\u00e9e chez une amie. \u00ab\u00a0<i>Mes enfants ont \u00e9t\u00e9 hospitalis\u00e9s parce qu\u2019ils avaient relev\u00e9 490<\/i><i>\u00a0<\/i><i>ppm dans l\u2019air chez moi<\/i><i>\u00a0<\/i>\u00bb affirme la jeune femme quand une exposition \u00e0 400\u00a0ppm apr\u00e8s 3\u00a0heures cause des maux de t\u00eate intenses.<\/p>\n<\/p><\/div>\n<div class=\"intext\"> Le sommet de l\u2019iceberg\n              <\/div>\n<div class=\"paragraph\">\n<p>La mairie de secteur a ouvert le stade de La Martine pour permettre \u00e0 ceux qui le peuvent de venir prendre une douche. Une r\u00e9union s\u2019est tenue en urgence jeudi apr\u00e8s-midi avec un repr\u00e9sentant de Treize Habitat. \u00ab\u00a0<i>On nous a expliqu\u00e9 que les pigeons ont fait leur nid dans les bouches d\u2019a\u00e9ration emp\u00eachant l\u2019air de circuler et on nous a distribu\u00e9 des plaques \u00e9lectriques qu\u2019on nous demande de restituer par la suite car le probl\u00e8me va se reproduire<\/i><i>\u00a0<\/i>\u00bb s\u2019indigne la jeune femme.<\/p>\n<p>Surtout ces coupures ne sont que le sommet de l\u2019iceberg des \u00ab\u00a0<i>conditions de vie d\u00e9plorables de pr\u00e8s de 5<\/i><i>\u00a0<\/i><i>000<\/i><i>\u00a0<\/i><i>personnes pr\u00e9caires<\/i>\u00a0\u00bb r\u00e9sume Cynthia. Photos \u00e0 l\u2019appui, chacun t\u00e9moigne des moisissures sur les murs, des colonnes d\u2019\u00e9vacuation amiant\u00e9es qui d\u00e9bordent, des fuites d\u2019eau qui provoquent des charges indues, du balcon dont les rambardes tiennent avec des bouts de ficelle&#8230; \u00ab\u00a0<i>On va se constituer en collectif, aller \u00e0 la maison de l\u2019avocat pour entamer un recours<\/i><i>\u00a0<\/i>\u00bb promet Cynthia.<\/p>\n<p>De son c\u00f4t\u00e9, la direction de Treize Habitat pr\u00e9cise dans un communiqu\u00e9 que \u00ab\u00a0<i>plusieurs logements du b\u00e2timent<\/i><i>\u00a0<\/i><i>15<\/i>\u00a0\u00bb sont concern\u00e9s et qu\u2019une \u00ab\u00a0<i>dizaine de locataires a \u00e9t\u00e9 prise en charge pour des g\u00eanes respiratoires, sans gravit\u00e9<\/i>\u00a0\u00bb. Le gaz a \u00e9t\u00e9 coup\u00e9 \u00ab\u00a0<i>par mesure de s\u00e9curit\u00e9<\/i>\u00a0\u00bb et \u00ab\u00a0<i>ne pourra \u00eatre r\u00e9tabli qu\u2019apr\u00e8s diagnostic de Qualigaz<\/i>\u00a0\u00bb. La direction du bailleur ajoute que \u00ab\u00a0<i>dans l\u2019attente, des plaques d\u2019appoint vitroc\u00e9ramiques, \u00e9lectriques, ont \u00e9t\u00e9 distribu\u00e9es aux locataires pr\u00e9sents<\/i><i>\u00a0<\/i>\u00bb et que \u00ab\u00a0<i>tout est mis en \u0153uvre pour r\u00e9tablir le gaz le plus rapidement possible<\/i>\u00a0\u00bb. Elle impute le probl\u00e8me \u00ab<i>\u00a0<\/i><i>aux fortes chaleurs actuelles, qui ralentissent la bonne ventilation dans le b\u00e2timent et l\u2019aspiration verticale naturelle du monoxyde de carbone par les gaines<\/i>\u00a0\u00bb et se f\u00e9licite que les d\u00e9tecteurs de monoxyde de carbone install\u00e9s par ses soins dans les logements aient \u00ab<i>\u00a0<\/i><i>jou\u00e9 pleinement leur r\u00f4le<\/i>\u00a0\u00bb.<\/p>\n<\/p><\/div>\n","protected":false},"excerpt":{"rendered":"Un mois sans gaz et des angoisses&#8230; Depuis l&rsquo;installation de d&eacute;tecteurs de monoxyde de carbone, mi-juin, les habitants des Bourrely Perrin (15e) subissent des coupures intempestives &agrave; la moindre alerte. R&eacute;sultat&nbsp;: &#8230;","protected":false},"author":1,"featured_media":35993,"comment_status":"open","ping_status":"open","sticky":false,"template":"","format":"standard","meta":{"footnotes":""},"categories":[3926,3925,20],"tags":[1781,10,372,2506,501,1497,102,514,1612,57,1023,106,2323,1597,16,271,1567,1828,1549],"news-destination":[3944],"news-source":[475],"is_homepage":[],"ta_other":[],"class_list":["post-35992","post","type-post","status-publish","format-standard","has-post-thumbnail","hentry","category-accueil-merge","category-accueil-third","category-societe","tag-appartements","tag-bouches-du-rhone","tag-canicule","tag-carbone","tag-centre-social","tag-colere","tag-collectif","tag-controle","tag-cuisines","tag-enfants","tag-grdf","tag-habitants","tag-habitat","tag-locataires","tag-marseille","tag-precarite","tag-prefet","tag-stade","tag-urgence","news-destination-homepage","news-source-website"],"_links":{"self":[{"href":"https:\/\/euapp01.newsmemory.com\/lamarseillaise\/news\/wp-json\/wp\/v2\/posts\/35992","targetHints":{"allow":["GET"]}}],"collection":[{"href":"https:\/\/euapp01.newsmemory.com\/lamarseillaise\/news\/wp-json\/wp\/v2\/posts"}],"about":[{"href":"https:\/\/euapp01.newsmemory.com\/lamarseillaise\/news\/wp-json\/wp\/v2\/types\/post"}],"author":[{"embeddable":true,"href":"https:\/\/euapp01.newsmemory.com\/lamarseillaise\/news\/wp-json\/wp\/v2\/users\/1"}],"replies":[{"embeddable":true,"href":"https:\/\/euapp01.newsmemory.com\/lamarseillaise\/news\/wp-json\/wp\/v2\/comments?post=35992"}],"version-history":[{"count":1,"href":"https:\/\/euapp01.newsmemory.com\/lamarseillaise\/news\/wp-json\/wp\/v2\/posts\/35992\/revisions"}],"predecessor-version":[{"id":35994,"href":"https:\/\/euapp01.newsmemory.com\/lamarseillaise\/news\/wp-json\/wp\/v2\/posts\/35992\/revisions\/35994"}],"wp:featuredmedia":[{"embeddable":true,"href":"https:\/\/euapp01.newsmemory.com\/lamarseillaise\/news\/wp-json\/wp\/v2\/media\/35993"}],"wp:attachment":[{"href":"https:\/\/euapp01.newsmemory.com\/lamarseillaise\/news\/wp-json\/wp\/v2\/media?parent=35992"}],"wp:term":[{"taxonomy":"category","embeddable":true,"href":"https:\/\/euapp01.newsmemory.com\/lamarseillaise\/news\/wp-json\/wp\/v2\/categories?post=35992"},{"taxonomy":"post_tag","embeddable":true,"href":"https:\/\/euapp01.newsmemory.com\/lamarseillaise\/news\/wp-json\/wp\/v2\/tags?post=35992"},{"taxonomy":"news-destination","embeddable":true,"href":"https:\/\/euapp01.newsmemory.com\/lamarseillaise\/news\/wp-json\/wp\/v2\/news-destination?post=35992"},{"taxonomy":"news-source","embeddable":true,"href":"https:\/\/euapp01.newsmemory.com\/lamarseillaise\/news\/wp-json\/wp\/v2\/news-source?post=35992"},{"taxonomy":"is_homepage","embeddable":true,"href":"https:\/\/euapp01.newsmemory.com\/lamarseillaise\/news\/wp-json\/wp\/v2\/is_homepage?post=35992"},{"taxonomy":"ta_other","embeddable":true,"href":"https:\/\/euapp01.newsmemory.com\/lamarseillaise\/news\/wp-json\/wp\/v2\/ta_other?post=35992"}],"curies":[{"name":"wp","href":"https:\/\/api.w.org\/{rel}","templated":true}]}}