{"id":35989,"date":"2026-07-11T06:52:00","date_gmt":"2026-07-11T04:52:00","guid":{"rendered":"https:\/\/euapp01.newsmemory.com\/lamarseillaise\/news\/?p=35989"},"modified":"2026-07-16T08:30:12","modified_gmt":"2026-07-16T06:30:12","slug":"les-tresors-de-la-lune-remontes-a-la-surface","status":"publish","type":"post","link":"https:\/\/euapp01.newsmemory.com\/lamarseillaise\/news\/2026\/07\/11\/les-tresors-de-la-lune-remontes-a-la-surface\/","title":{"rendered":"Les tr\u00e9sors de la Lune remont\u00e9s \u00e0 la surface"},"content":{"rendered":"<div class=\"paragraph\">\n<p>Jusqu\u2019\u00e0 \u00ab\u00a060, 70, 80&#8230;\u00a0\u00bb, compte Michel L\u2019Hour, \u00e0 mesure que les plongeurs-d\u00e9mineurs de la Marine nationale s\u2019enfoncent pour arrimer les sangles de L\u2019Alfred-Merlin au canon tricentenaire, immerg\u00e9 \u00e0 90\u00a0m\u00e8tres de profondeur. Le directeur du D\u00e9partement des recherches arch\u00e9ologiques subaquatiques et sous-marines (Drassm), dirige \u00e9galement les recherches sur l\u2019\u00e9pave de <i>La<\/i><i>\u00a0<\/i><i>Lune<\/i>, aux c\u00f4t\u00e9s d\u2019Olivia Hulot. L\u2019op\u00e9ration est d\u00e9licate\u00a0: des s\u00e9diments recouvrent le canon. Toute l\u2019\u00e9quipe a les yeux riv\u00e9s sur les sept \u00e9crans de la salle de contr\u00f4le, reli\u00e9s aux cam\u00e9ras des plongeurs et du site de fouilles arch\u00e9ologiques.<\/p>\n<p>La mer est calme, \u00ab<i>\u00a0<\/i><i>On a un temps parfaitement propice \u00e0 ce genre d\u2019op\u00e9ration<\/i><i>\u00a0<\/i>\u00bb<i>,<\/i> se r\u00e9jouit Michel L\u2019Hour. \u00ab<i>\u00a0<\/i><i>Mais le soulagement, c\u2019est quand c\u2019est fini, quand les plongeurs sont dehors<\/i>\u00a0\u00bb, ajoute-t-il. Apr\u00e8s 20\u00a0minutes de remont\u00e9e o\u00f9 toute l\u2019\u00e9quipe retient son souffle, le canon sort enfin de l\u2019eau. \u00ab\u00a0<i>C\u2019est l\u2019aboutissement de beaucoup de travail, et quand \u00e7a marche, on ne peut pas r\u00eaver mieux, \u00e7a en fait le plus beau m\u00e9tier du monde<\/i><i>\u00a0<\/i><i>!<\/i>\u00a0\u00bb, s\u2019exclame sourire aux l\u00e8vres, Olivia Hulot, arch\u00e9ologue maritime, conservatrice patrimoine et cheffe de la mission de <i>La<\/i><i>\u00a0<\/i><i>Lune<\/i>, aux c\u00f4t\u00e9s de Michel L\u2019Hour.<\/p>\n<p>Depuis plus de six mois, le Drassm et le Centre d\u2019expertise et d\u2019essais pratiques de la Marine nationale (Cephismer), sp\u00e9cialis\u00e9 dans la plong\u00e9e humaine et l\u2019intervention sous la mer, travaillent ensemble sur cette mission. Elle \u00ab<i>\u00a0<\/i><i>demande une orchestration hyperfine, hypercisel\u00e9e<\/i>\u00a0\u00bb selon Olivia Hulot. \u00ab\u00a0<i>\u00c7a va du mat\u00e9riel qu\u2019on doit acheter aux missions que doivent avoir nos sp\u00e9cialistes pluridisciplinaires qui sont \u00e0 bord. \u00c7a monte en puissance au fil des semaines<\/i>\u00a0\u00bb, pr\u00e9cise-t-elle. Le temps r\u00e9duit des plongeurs au fond de la mer, seulement 15\u00a0minutes, impose aux \u00e9quipes de conna\u00eetre le site de fouilles sur le bout des doigts. C\u2019est dans cette perspective que le site de <i>La<\/i><i>\u00a0<\/i><i>Lune <\/i>a \u00e9t\u00e9 num\u00e9ris\u00e9 en 3D en 2022. \u00ab\u00a0<i>On a une vue compl\u00e8te de tout ce qui s\u2019y trouve. L\u2019id\u00e9e, c\u2019est que les actions soient vraiment chirurgicales avec des gestes pr\u00e9cis<\/i>\u00a0\u00bb, explique Olivia Hulot, dont le r\u00f4le est de coordonner les informations entre les marins-plongeurs et l\u2019\u00e9quipage. \u00ab<i>\u00a0<\/i><i>C\u2019est une belle synergie qui fait de belles concr\u00e9tisations comme aujourd\u2019hui<\/i>\u00a0\u00bb, se satisfait-elle. Avant la remont\u00e9e du canon mercredi, deux plong\u00e9es ont pr\u00e9par\u00e9 le terrain. Une plong\u00e9e \u00ab\u00a0d\u2019expertise\u00a0\u00bb a d\u2019abord permis d\u2019\u00ab\u00a0<i>\u00e9valuer la r\u00e9sistance et la nature des s\u00e9diments autour du canon<\/i>\u00a0\u00bb, explique le Major Aymeric, plongeur-d\u00e9mineur au Cephismer. La seconde plong\u00e9e a servi \u00e0 positionner les sangles autour du canon et \u00e0 r\u00e9gler la pantoire, l\u2019instrument qui allait en ma\u00eetriser l\u2019\u00e9l\u00e9vation le jour\u00a0J.<\/p>\n<\/p><\/div>\n<div class=\"intext\"> \u00ab\u00a0Un bateau embl\u00e9matique sublimement conserv\u00e9\u00a0\u00bb\n              <\/div>\n<div class=\"paragraph\">\n<p>Apr\u00e8s 330\u00a0ans endormie au large de Toulon, l\u2019\u00e9pave de <i>La<\/i><i>\u00a0<\/i><i>Lune<\/i>, est d\u00e9couverte en 1993 par le Nautile, sous-marin de l\u2019Institut fran\u00e7ais de recherche pour l\u2019exploitation de la mer. Sa tragique histoire se d\u00e9roule au XVII<sup>e<\/sup>\u00a0si\u00e8cle. <i>La<\/i><i>\u00a0<\/i><i>Lune <\/i>fait partie d\u2019une exp\u00e9dition militaire command\u00e9e par Louis XIV, qui cherche \u00e0 asseoir son pouvoir en M\u00e9diterran\u00e9e face aux corsaires Barbaresques. Alors que le fleuron de la Marine royale est largement fragilis\u00e9, il est d\u00e9clar\u00e9 apte \u00e0 naviguer. Le 6\u00a0novembre\u00a01664, une temp\u00eate lui est fatale, le navire sombre \u00e0 pic, emportant avec lui pr\u00e8s d\u2019un millier d\u2019hommes \u00e0 bord. \u00ab\u00a0<i>C\u2019est la soudainet\u00e9 du naufrage qui fait que les objets sont miraculeusement pr\u00e9serv\u00e9s<\/i>\u00a0\u00bb, explique Olivia Hulot. \u00ab\u00a0<i>C\u2019est une vraie bulle temporelle<\/i>\u00a0\u00bb. Entre sa proue et sa poupe, <i>La<\/i><i>\u00a0<\/i><i>Lune<\/i> mesure 40\u00a0m\u00e8tres de long sur 11\u00a0m\u00e8tres de large et rec\u00e8le des \u00ab\u00a0<i>centaines de milliers d\u2019objets conserv\u00e9s<\/i>\u00a0\u00bb.<\/p>\n<p>Le succ\u00e8s d\u2019une telle op\u00e9ration a une saveur particuli\u00e8re pour Michel L\u2019Hour, qui dirige les recherches autour de l\u2019\u00e9pave depuis 2012. \u00ab\u00a0<i>On a connu des moments un peu catastrophiques il y a quelques ann\u00e9es sur un canon comme \u00e7a, alors qu\u2019il n\u2019\u00e9tait qu\u2019\u00e0 un m\u00e8tre de la surface<\/i>\u00a0\u00bb, se souvient-il.<\/p>\n<p>Long de 3,25\u00a0m\u00e8tres et large de 24\u00a0cm, le canon remont\u00e9 ce mercredi p\u00e8se 1,7\u00a0tonne. \u00ab\u00a0<i>Il est cern\u00e9 de fleurs de lys, c\u2019est rare qu\u2019on en ait autant<\/i>\u00a0\u00bb, se r\u00e9jouit-il. Sur le canon tr\u00f4ne \u00e9galement un blason et une ancre, \u00ab\u00a0<i>symbole de la Marine, que l\u2019on trouve associ\u00e9 notamment aux armoiries de Richelieu<\/i>\u00a0\u00bb, explique-t-il avec fiert\u00e9. \u00ab\u00a0<i>Le fondeur s\u2019est donn\u00e9 la joie de faire quelque chose de tr\u00e8s prestigieux, on lui rendra hommage quand on aura fini de le nettoyer, on trouvera peut-\u00eatre ses initiales<\/i>\u00a0\u00bb.<\/p>\n<\/p><\/div>\n<div class=\"intext\"> \u00ab\u00a0Rien n\u2019a \u00e9t\u00e9 cass\u00e9\u00a0\u00bb\n              <\/div>\n<div class=\"paragraph\">\n<p>Il faudra rester patient avant de percer tous les secrets du canon. Le colosse de bronze va \u00eatre envoy\u00e9 \u00e0 Nantes, au laboratoire \u00ab\u00a0Arc\u2019antique\u00a0\u00bb, pour le lib\u00e9rer des organismes marins et des chlorures qui l\u2019ont envahi depuis trois si\u00e8cles. \u00ab<i>\u00a0<\/i><i>La restauration permettra, via le proc\u00e9d\u00e9 d\u2019\u00e9lectrolyse, de voir l\u2019\u00e2me du canon<\/i>\u00a0\u00bb, s\u2019impatiente Olivia Hulot. \u00ab\u00a0<i>Comptez deux \u00e0 trois ans<\/i>\u00a0\u00bb et \u00ab\u00a0<i>un petit billet de 10<\/i><i>\u00a0<\/i><i>000<\/i><i>\u00a0<\/i><i>euros<\/i>\u00a0\u00bb, avant de pouvoir l\u2019admirer dans sa meilleure forme, pr\u00e9cise Michel L\u2019Hour. Pour les plus impatients, pas de panique, des services de vaisselle ont \u00e9galement \u00e9t\u00e9 remont\u00e9s lors de l\u2019op\u00e9ration. \u00ab\u00a0<i>Rien n\u2019a \u00e9t\u00e9 cass\u00e9 lors de la remont\u00e9e<\/i>\u00a0\u00bb, se f\u00e9licite Olivia Hulot. \u00c0 bord, une c\u00e9ramologue prodigue \u00ab<i>\u00a0<\/i><i>les premiers soins<\/i>\u00a0\u00bb aux pr\u00e9cieux vestiges, tandis qu\u2019un ing\u00e9nieur du CNRS num\u00e9rise chaque pi\u00e8ce avec minutie. \u00ab<i>\u00a0<\/i><i>Le scan pr\u00e9sente cet avantage d\u2019avoir une d\u00e9finition parfaite de l\u2019objet dans son \u00e9tat actuel de sortie d\u2019eau<\/i><i>\u00a0<\/i>\u00bb, explique Olivia Hulot. Au-del\u00e0 de l\u2019\u00e9tude scientifique, cette num\u00e9risation permettra \u00e0 l\u2019\u00e9pave de raconter son histoire au public lors d\u2019une visite immersive, visuelle et sonore. D\u2019ici l\u00e0, certaines pi\u00e8ces de <i>La<\/i><i>\u00a0<\/i><i>Lune<\/i> seront expos\u00e9es au mus\u00e9e national de la Marine d\u00e8s le 18\u00a0novembre prochain, au c\u0153ur de l\u2019exposition <i>Plong\u00e9e(s) dans l\u2019inconnu. L\u2019aventure sous-marine en M\u00e9diterran\u00e9e<\/i>.<\/p>\n<\/p><\/div>\n<div class=\"paragraph\">\n<p>\u00ab\u00a0On est dans les 10 sites probablement les plus riches aujourd\u2019hui pour leur potentiel scientifique, arch\u00e9ologique <br \/>et m\u00eame artistique\u00a0\u00bb<\/p>\n<\/p><\/div>\n","protected":false},"excerpt":{"rendered":"Jusqu&rsquo;&agrave; &laquo;&nbsp;60, 70, 80&#8230;&nbsp;&raquo;, compte Michel L&rsquo;Hour, &agrave; mesure que les plongeurs-d&eacute;mineurs de la Marine nationale s&rsquo;enfoncent pour arrimer les sangles de L&rsquo;Alfred-Merlin au canon &#8230;","protected":false},"author":1,"featured_media":35990,"comment_status":"open","ping_status":"open","sticky":false,"template":"","format":"standard","meta":{"footnotes":""},"categories":[3926,3925,20],"tags":[1288,4573,280,1856,128,2041,420,597],"news-destination":[3944],"news-source":[475],"is_homepage":[],"ta_other":[],"class_list":["post-35989","post","type-post","status-publish","format-standard","has-post-thumbnail","hentry","category-accueil-merge","category-accueil-third","category-societe","tag-decouverte","tag-fouilles-archeologiques","tag-histoire","tag-maritime","tag-mediterranee","tag-plongeurs","tag-scientifique","tag-toulon","news-destination-homepage","news-source-website"],"_links":{"self":[{"href":"https:\/\/euapp01.newsmemory.com\/lamarseillaise\/news\/wp-json\/wp\/v2\/posts\/35989","targetHints":{"allow":["GET"]}}],"collection":[{"href":"https:\/\/euapp01.newsmemory.com\/lamarseillaise\/news\/wp-json\/wp\/v2\/posts"}],"about":[{"href":"https:\/\/euapp01.newsmemory.com\/lamarseillaise\/news\/wp-json\/wp\/v2\/types\/post"}],"author":[{"embeddable":true,"href":"https:\/\/euapp01.newsmemory.com\/lamarseillaise\/news\/wp-json\/wp\/v2\/users\/1"}],"replies":[{"embeddable":true,"href":"https:\/\/euapp01.newsmemory.com\/lamarseillaise\/news\/wp-json\/wp\/v2\/comments?post=35989"}],"version-history":[{"count":1,"href":"https:\/\/euapp01.newsmemory.com\/lamarseillaise\/news\/wp-json\/wp\/v2\/posts\/35989\/revisions"}],"predecessor-version":[{"id":35991,"href":"https:\/\/euapp01.newsmemory.com\/lamarseillaise\/news\/wp-json\/wp\/v2\/posts\/35989\/revisions\/35991"}],"wp:featuredmedia":[{"embeddable":true,"href":"https:\/\/euapp01.newsmemory.com\/lamarseillaise\/news\/wp-json\/wp\/v2\/media\/35990"}],"wp:attachment":[{"href":"https:\/\/euapp01.newsmemory.com\/lamarseillaise\/news\/wp-json\/wp\/v2\/media?parent=35989"}],"wp:term":[{"taxonomy":"category","embeddable":true,"href":"https:\/\/euapp01.newsmemory.com\/lamarseillaise\/news\/wp-json\/wp\/v2\/categories?post=35989"},{"taxonomy":"post_tag","embeddable":true,"href":"https:\/\/euapp01.newsmemory.com\/lamarseillaise\/news\/wp-json\/wp\/v2\/tags?post=35989"},{"taxonomy":"news-destination","embeddable":true,"href":"https:\/\/euapp01.newsmemory.com\/lamarseillaise\/news\/wp-json\/wp\/v2\/news-destination?post=35989"},{"taxonomy":"news-source","embeddable":true,"href":"https:\/\/euapp01.newsmemory.com\/lamarseillaise\/news\/wp-json\/wp\/v2\/news-source?post=35989"},{"taxonomy":"is_homepage","embeddable":true,"href":"https:\/\/euapp01.newsmemory.com\/lamarseillaise\/news\/wp-json\/wp\/v2\/is_homepage?post=35989"},{"taxonomy":"ta_other","embeddable":true,"href":"https:\/\/euapp01.newsmemory.com\/lamarseillaise\/news\/wp-json\/wp\/v2\/ta_other?post=35989"}],"curies":[{"name":"wp","href":"https:\/\/api.w.org\/{rel}","templated":true}]}}