{"id":35986,"date":"2026-07-11T06:55:00","date_gmt":"2026-07-11T04:55:00","guid":{"rendered":"https:\/\/euapp01.newsmemory.com\/lamarseillaise\/news\/?p=35986"},"modified":"2026-07-16T08:30:11","modified_gmt":"2026-07-16T06:30:11","slug":"jean-pierre-farandou-deployer-le-modele-de-la-feuille-de-route-de-lindustrie-de-defense-dans-tous-les-secteurs-ou-cest-necessaire","status":"publish","type":"post","link":"https:\/\/euapp01.newsmemory.com\/lamarseillaise\/news\/2026\/07\/11\/jean-pierre-farandou-deployer-le-modele-de-la-feuille-de-route-de-lindustrie-de-defense-dans-tous-les-secteurs-ou-cest-necessaire\/","title":{"rendered":"Jean-Pierre Farandou : \u00ab D\u00e9ployer le mod\u00e8le de la feuille de route de l\u2019industrie de D\u00e9fense dans tous les secteurs o\u00f9 c\u2019est n\u00e9cessaire&nbsp;\u00bb"},"content":{"rendered":"<div class=\"paragraph\">\n<p>La\u00a0Marseillaise\u00a0: <b>Vous venez de signer une feuille de route visant \u00e0 accompagner le d\u00e9veloppement industriel de la fili\u00e8re d\u00e9fense dans le Var. Ce mod\u00e8le est vou\u00e9 \u00e0 \u00eatre r\u00e9pliqu\u00e9 ailleurs et dans d\u2019autres domaines<\/b><b>\u00a0<\/b><b>?<\/b><\/p>\n<p>Jean-Pierre Farandou\u00a0: Oui, l\u2019objectif est de v\u00e9rifier que les grands secteurs industriels souverains de notre pays disposent des salari\u00e9s et des comp\u00e9tences n\u00e9cessaires. On sait, par exemple, que dans la d\u00e9fense, il y aura \u00e9norm\u00e9ment de commandes qui vont arriver. <a rel=\"noopener noreferrer\" href=\"https:\/\/www.lamarseillaise.fr\/economie\/un-salon-pour-aligner-defense-et-marche-du-travail-OE20065658\" target=\"_blank\">C\u2019est 10\u00a0000\u00a0emplois \u00e0 cr\u00e9er d\u2019ici 2030.<\/a> Et ce mod\u00e8le-l\u00e0, je m\u2019appr\u00eate \u00e0 le d\u00e9ployer partout en France o\u00f9 ce sera n\u00e9cessaire. Ce sera la m\u00eame chose dans le nucl\u00e9aire, autour de l\u2019\u00e9nergie. Donc il faut s\u2019organiser. Bien s\u00fbr, il y a d\u00e9j\u00e0 des fili\u00e8res qui existent, des formations. On voit bien qu\u2019on a un saut quantitatif \u00e0 faire. Et donc, j\u2019ai voulu m\u2019assurer que les industriels auraient bien les salari\u00e9s n\u00e9cessaires \u00e0 cela. Et ensuite, on v\u00e9rifiera que sur le territoire, on s\u2019organise, et il faut le faire au niveau local.<\/p>\n<p><b>Quels vont \u00eatre les acteurs <br \/>\u00e0 mobiliser et les grands enjeux pour organiser au mieux <br \/>cette fili\u00e8re<\/b><b>\u00a0<\/b><b>?<\/b><\/p>\n<p>J.-P. F.\u00a0: On mise sur la formation, les \u00e9lus locaux, les industriels, l\u2019<span class=\"mln_uppercase_mln\">\u00e9<\/span>ducation nationale, d\u2019abord pour exprimer les besoins, et v\u00e9rifier si on dispose des ressources, si on a enclench\u00e9 les bonnes formations. Il y a aussi des sujets connexes comme le logement. Par exemple, il faudra loger les militaires, tel que Madame la ministre des Arm\u00e9es l\u2019a rappel\u00e9. Il faut aussi \u00eatre capable d\u2019attirer des gens qui vont venir. Et donc, il faudra pouvoir les loger. Il y a aussi la question des services publics \u00e0 apporter, la mobilit\u00e9&#8230; Et j\u2019ai toute confiance dans la capacit\u00e9 des forces vives du Var pour \u00eatre \u00e0 la hauteur des enjeux.<\/p>\n<p><b>Les liens avec les entreprises industrielles sont-ils \u00e9tablis<\/b><b>\u00a0<\/b><b>? Comment se mat\u00e9rialisent-ils<\/b><b>\u00a0<\/b><b>?<\/b><\/p>\n<p>J.-P. F.\u00a0: Oui, elles sont tr\u00e8s pr\u00e9sentes avec nous. <a rel=\"noopener noreferrer\" href=\"https:\/\/www.lamarseillaise.fr\/france\/le-drone-naval-fer-de-lance-de-l-innovation-militaire-PP19520609\" target=\"_blank\">C\u2019est pour elles qu\u2019on se mobilise<\/a>, mais elles-m\u00eames nous aident, bien \u00e9videmment. Elles financent, \u00e0 l\u2019image de l\u2019\u00e9cole d\u2019ing\u00e9nieurs dans laquelle on est aujourd\u2019hui [lire encadr\u00e9]. Tout le monde se tend la main.<\/p>\n<p><b>En sortant du cadre strictement varois, les \u00e9pisodes de canicule sont de plus en plus fr\u00e9quents. Des dispositions sont-elles pr\u00e9vues pour garantir les droits des travailleurs<\/b><b>\u00a0<\/b><b>?<\/b><\/p>\n<p>J.-P. F.\u00a0: Depuis 2025 un d\u00e9cret chaleur impose aux entreprises de prendre des mesures pour prot\u00e9ger leurs salari\u00e9s en cas de chaleurs intenses\u00a0: am\u00e9nagement des horaires de travail, adaptation des postes et des lieux de travail, mise \u00e0 disposition d\u2019eau fra\u00eeche, augmentation des temps de pauses&#8230; D\u00e8s le 22\u00a0mai, afin de m\u2019assurer, que les mesures de protection \u00e9taient bien prises, j\u2019ai demand\u00e9 \u00e0 renforcer les contr\u00f4les de l\u2019inspection du travail. Nous en sommes d\u00e9j\u00e0 \u00e0 plus de 4\u00a0500\u00a0contr\u00f4les, soit plus que l\u2019ensemble des contr\u00f4les r\u00e9alis\u00e9s en 2024 sur la p\u00e9riode estivale. 430\u00a0mises en demeure ont \u00e9t\u00e9 prononc\u00e9es. Je rappelle que les employeurs peuvent \u00eatre sanctionn\u00e9s par une amende de 10\u00a0000\u00a0euros par salari\u00e9 concern\u00e9. J\u2019ai \u00e9galement invit\u00e9 les pr\u00e9fets des d\u00e9partements en vigilance rouge \u00e0 arr\u00eater les chantiers de 13\u00a0h \u00e0 21\u00a0h s\u2019ils estiment que la situation locale l\u2019exige, c\u2019est une premi\u00e8re en France. Enfin j\u2019ai convoqu\u00e9 la semaine derni\u00e8re les plateformes de livraisons et les repr\u00e9sentants des livreurs pour qu\u2019ils prennent des mesures concr\u00e8tes de protection, et les plateformes ont pris la d\u00e9cision de suspendre les livraisons entre 14\u00a0h et 18\u00a0h pour les d\u00e9partements en vigilance rouge canicule. J\u2019appelle \u00e9galement les restaurants \u00e0 faire preuve de solidarit\u00e9 avec les livreurs en leur permettant l\u2019acc\u00e8s \u00e0 l\u2019eau et \u00e0 des espaces de fra\u00eecheur. D\u00e8s aujourd\u2019hui, le Premier ministre a activ\u00e9 le tout nouveau plan ORSEC \u00ab\u00a0Chaleurs extr\u00eames\u00a0\u00bb, qui vient renforcer la r\u00e9ponse et la coordination des moyens face aux fortes chaleurs, sur l\u2019ensemble u territoire.<b><\/b><\/p>\n<p><a rel=\"noopener noreferrer\" href=\"https:\/\/www.lamarseillaise.fr\/social\/entre-espoir-et-inquietudes-a-fibre-excellence-apres-l-ultime-report-FA20469851\" target=\"_blank\"><b>Le 27<\/b><b>\u00a0<\/b><b>juillet aura lieu l\u2019audience de reprise de l\u2019entreprise Fibre Excellence<\/b><\/a><b>. L\u2019\u00c9lys\u00e9e a assur\u00e9 qu\u2019une solution serait trouv\u00e9e pour lever les conditions suspensives. Qu\u2019en est-il<\/b><b>\u00a0<\/b><b>?<\/b><\/p>\n<p>J.-P. F.\u00a0: C\u2019est un dossier particuli\u00e8rement suivi par le gouvernement puisque plus de 600\u00a0emplois [directs] sont en jeu. Depuis 2020, l\u2019\u00c9tat a soutenu l\u2019entreprise avec pr\u00e8s de 100\u00a0millions d\u2019euros investis et est pr\u00eat \u00e0 mobiliser 150\u00a0millions suppl\u00e9mentaires. En ce qui concerne le volet social du dossier, j\u2019ai d\u00e9cid\u00e9 d\u2019enclencher le dispositif d\u2019activit\u00e9 partielle de mani\u00e8re d\u00e9rogatoire depuis le mois d\u2019avril pour pr\u00e9server les comp\u00e9tences et les chances de reprise. Cette mesure co\u00fbte presque 1\u00a0million\u20ac par mois. \u00c0 ce stade, l\u2019investisseur potentiel \u00e9voque une participation de 5\u00a0millions et demande une mobilisation de l\u2019\u00c9tat suppl\u00e9mentaire de 80\u00a0millions. Le projet de reprise doit reposer sur un mod\u00e8le \u00e9conomique solide, et financ\u00e9 notamment par des fonds priv\u00e9s. Nous serons tr\u00e8s attentifs \u00e0 l\u2019\u00e9volution de la situation dans les prochaines semaines.<\/p>\n<p><b>Dans la r\u00e9gion, en \u00e9t\u00e9, <br \/>les travailleurs saisonniers <br \/>sont souvent confront\u00e9s <br \/>\u00e0 des difficult\u00e9s de logement. <br \/><a rel=\"noopener noreferrer\" href=\"https:\/\/www.lamarseillaise.fr\/politique\/le-ministre-du-logement-a-la-relance-du-marche-JO20481899\" target=\"_blank\">Le ministre du Logement <br \/>a soumis l\u2019id\u00e9e de cr\u00e9er <br \/>des r\u00e9sidences emploi<\/a>. Est-ce un <\/b><b>dossier sur lequel vous travaillez<\/b><b>\u00a0<\/b><b>?<\/b><\/p>\n<p>J.-P. F.\u00a0: On travaille avec Vincent Jeanbrun puisque la difficult\u00e9 d\u2019acc\u00e8s au logement est un des principaux freins \u00e0 l\u2019emploi. Cela concerne les saisonniers mais aussi les jeunes ou les salari\u00e9s en reconversion. Des solutions peuvent \u00eatre \u00e9labor\u00e9es dans les territoires concern\u00e9s. Je pense \u00e0 Saint-Nazaire o\u00f9 le pr\u00e9fet de Loire-Atlantique a accompagn\u00e9 la cr\u00e9ation d\u2019une fonci\u00e8re logement avec les collectivit\u00e9s et les entreprises, pour cr\u00e9er 300\u00a0logements afin d\u2019accueillir les salari\u00e9s des chantiers navals. Pour les travailleurs saisonniers je suis pleinement mobilis\u00e9 pour favoriser des solutions d\u2019h\u00e9bergement en dur. En lien avec le minist\u00e8re de l\u2019agriculture, j\u2019ai d\u00e9cid\u00e9 de lancer un groupe de travail interminist\u00e9riel avec les partenaires sociaux du secteur agricole pour r\u00e9pondre au sujet de l\u2019h\u00e9bergement pour les saisonniers du secteur.<\/p>\n<\/p><\/div>\n","protected":false},"excerpt":{"rendered":"La&nbsp;Marseillaise&nbsp;: Vous venez de signer une feuille de route visant &agrave; accompagner le d&eacute;veloppement industriel de la fili&egrave;re d&eacute;fense dans le Var. Ce mod&egrave;le est vou&eacute; &agrave; &ecirc;tre &#8230;","protected":false},"author":1,"featured_media":35987,"comment_status":"open","ping_status":"open","sticky":false,"template":"","format":"standard","meta":{"footnotes":""},"categories":[3926,3925,330],"tags":[372,2898,1624,195,600,753,4279,1366,505,528,596,489,520,1359,962,484,260,137,597,910,31,2087],"news-destination":[3944],"news-source":[475],"is_homepage":[],"ta_other":[],"class_list":["post-35986","post","type-post","status-publish","format-standard","has-post-thumbnail","hentry","category-accueil-merge","category-accueil-third","category-politique","tag-canicule","tag-catherine-vautrin","tag-chantiers","tag-conditions-de-travail","tag-defense","tag-emplois","tag-fibre-excellence","tag-filiere","tag-formation","tag-gouvernement","tag-logement","tag-logements","tag-ministere","tag-saisonniers","tag-salaries","tag-services-publics","tag-solidarite","tag-territoire","tag-toulon","tag-travailleurs","tag-var","tag-vigilance","news-destination-homepage","news-source-website"],"_links":{"self":[{"href":"https:\/\/euapp01.newsmemory.com\/lamarseillaise\/news\/wp-json\/wp\/v2\/posts\/35986","targetHints":{"allow":["GET"]}}],"collection":[{"href":"https:\/\/euapp01.newsmemory.com\/lamarseillaise\/news\/wp-json\/wp\/v2\/posts"}],"about":[{"href":"https:\/\/euapp01.newsmemory.com\/lamarseillaise\/news\/wp-json\/wp\/v2\/types\/post"}],"author":[{"embeddable":true,"href":"https:\/\/euapp01.newsmemory.com\/lamarseillaise\/news\/wp-json\/wp\/v2\/users\/1"}],"replies":[{"embeddable":true,"href":"https:\/\/euapp01.newsmemory.com\/lamarseillaise\/news\/wp-json\/wp\/v2\/comments?post=35986"}],"version-history":[{"count":1,"href":"https:\/\/euapp01.newsmemory.com\/lamarseillaise\/news\/wp-json\/wp\/v2\/posts\/35986\/revisions"}],"predecessor-version":[{"id":35988,"href":"https:\/\/euapp01.newsmemory.com\/lamarseillaise\/news\/wp-json\/wp\/v2\/posts\/35986\/revisions\/35988"}],"wp:featuredmedia":[{"embeddable":true,"href":"https:\/\/euapp01.newsmemory.com\/lamarseillaise\/news\/wp-json\/wp\/v2\/media\/35987"}],"wp:attachment":[{"href":"https:\/\/euapp01.newsmemory.com\/lamarseillaise\/news\/wp-json\/wp\/v2\/media?parent=35986"}],"wp:term":[{"taxonomy":"category","embeddable":true,"href":"https:\/\/euapp01.newsmemory.com\/lamarseillaise\/news\/wp-json\/wp\/v2\/categories?post=35986"},{"taxonomy":"post_tag","embeddable":true,"href":"https:\/\/euapp01.newsmemory.com\/lamarseillaise\/news\/wp-json\/wp\/v2\/tags?post=35986"},{"taxonomy":"news-destination","embeddable":true,"href":"https:\/\/euapp01.newsmemory.com\/lamarseillaise\/news\/wp-json\/wp\/v2\/news-destination?post=35986"},{"taxonomy":"news-source","embeddable":true,"href":"https:\/\/euapp01.newsmemory.com\/lamarseillaise\/news\/wp-json\/wp\/v2\/news-source?post=35986"},{"taxonomy":"is_homepage","embeddable":true,"href":"https:\/\/euapp01.newsmemory.com\/lamarseillaise\/news\/wp-json\/wp\/v2\/is_homepage?post=35986"},{"taxonomy":"ta_other","embeddable":true,"href":"https:\/\/euapp01.newsmemory.com\/lamarseillaise\/news\/wp-json\/wp\/v2\/ta_other?post=35986"}],"curies":[{"name":"wp","href":"https:\/\/api.w.org\/{rel}","templated":true}]}}