{"id":35982,"date":"2026-07-10T09:55:00","date_gmt":"2026-07-10T07:55:00","guid":{"rendered":"https:\/\/euapp01.newsmemory.com\/lamarseillaise\/news\/?p=35982"},"modified":"2026-07-13T11:31:53","modified_gmt":"2026-07-13T09:31:53","slug":"plus-de-900-manifestants-a-avignon-face-aux-coupes-dans-la-culture","status":"publish","type":"post","link":"https:\/\/euapp01.newsmemory.com\/lamarseillaise\/news\/2026\/07\/10\/plus-de-900-manifestants-a-avignon-face-aux-coupes-dans-la-culture\/","title":{"rendered":"Plus de 900&nbsp;manifestants \u00e0 Avignon face aux coupes dans la culture"},"content":{"rendered":"<div class=\"paragraph\">\n<p>Les derniers magiciens, clowns et artistes finissent \u00e0 peine leur spectacle public sur la place de l\u2019Horloge d\u2019Avignon, Festival oblige, que presque un millier de personnes se sont rassembl\u00e9es ce jeudi 9\u00a0juillet en d\u00e9but de soir\u00e9e. Elles d\u00e9noncent les derni\u00e8res coupes budg\u00e9taires annonc\u00e9es dans le monde de la culture.<\/p>\n<p>Derri\u00e8re la large banderole \u00ab\u00a0<i>Nous voulons vivre de nos m\u00e9tiers<\/i><i>\u00a0<\/i>\u00bb, d\u00e9ploy\u00e9e par la CGT Spectacle, une large intersyndicale du secteur s\u2019est exprim\u00e9e. Notamment apr\u00e8s la confirmation de la ministre de la Culture, Catherine P\u00e9gard, lors de sa visite en Cit\u00e9 des Papes ce samedi 4\u00a0juillet, de nouvelles coupes budg\u00e9taires pr\u00e9vues&#8230; \u00ab<i>\u00a0<\/i><i>La situation que traverse le secteur est tr\u00e8s grave. C\u2019est une h\u00e9catombe<\/i><i>\u00a0<\/i>\u00bb, confirme Maxime Sochaud, secr\u00e9taire g\u00e9n\u00e9ral adjoint de la CGT Spectacle. Devant les manifestants, il d\u00e9nonce un secteur \u00ab\u00a0<i>qui est devenu la variable d\u2019ajustement du gouvernement<\/i><i>\u00a0<\/i>\u00bb, assurant que la nouvelle ministre a \u00e9voqu\u00e9 des contraintes li\u00e9es \u00ab\u00a0<i>\u00e0 la guerre, \u00e0 la canicule ou encore \u00e0 l\u2019agriculture<\/i><i>\u00a0<\/i>\u00bb. Et rappelle la demande de son syndicat de porter le budget de la culture \u00e0 1\u00a0% de celui du pays. Il est actuellement \u00e9valu\u00e9 \u00e0 0,7\u00a0% par les syndicats.<\/p>\n<p>\u00ab\u00a0<i>On peut \u00eatre un point de d\u00e9marrage d\u2019un mouvement bien plus large<\/i><i>\u00a0<\/i>\u00bb, impulse Joris Mathieu, copr\u00e9sident du Syndicat national des entreprises artistiques et culturelles (Syndeac). \u00ab\u00a0<i>Il faut \u00eatre conscient de ce qui est en train de se passer. 14,60<\/i><i>\u00a0<\/i><i>euros par habitant et par an pour la culture, c\u2019est une catastrophe<\/i>\u00a0\u00bb, abonde-t-il. \u00ab\u00a0<i>On a des journ\u00e9es de plus en plus raccourcies. C\u2019est un plan social massif qui ne dit pas son nom, car cela menace des milliers de personnes<\/i><i>\u00a0<\/i>\u00bb, d\u00e9nonce une membre du Syndicat national des arts vivants (Synavi).<\/p>\n<\/p><\/div>\n<div class=\"intext\"> Soutiens politiques\n              <\/div>\n<div class=\"paragraph\">\n<p>L\u2019occasion aussi pour les personnalit\u00e9s politiques, nombreuses \u00e0 se rendre \u00e0 Avignon lors du Festival, de s\u2019exprimer dans ce sens. La d\u00e9put\u00e9e insoumise Sarah Legrain (Paris, 16<sup>e<\/sup> cir.), qui accompagnait le leader du parti, Jean-Luc M\u00e9lenchon, et le d\u00e9put\u00e9 local Rapha\u00ebl Arnault, a pris le micro pour d\u00e9noncer un \u00ab\u00a0<i>plan de licenciement g\u00e9ant qui ne dit pas son nom<\/i><i>\u00a0<\/i><i>\u00bb<\/i>. Et d\u2019assurer, devant le candidat \u00e0 la pr\u00e9sidentielle, que le parti soutiendra la proposition d\u20191\u00a0% du budget. Tandis que Rapha\u00ebl Arnault en a profit\u00e9 pour lancer une pique au maire de la ville, \u00ab\u00a0<i>le zozo l\u00e0-haut<\/i>\u00a0\u00bb, en \u00e9voquant la baisse des subventions \u00e0 plusieurs associations culturelles. Une mesure vot\u00e9e lors du dernier conseil municipal, en juin.<\/p>\n<p>De son c\u00f4t\u00e9, le secr\u00e9taire f\u00e9d\u00e9ral du PCF Vaucluse, David Pascal, d\u00e9nonce \u00ab\u00a0<i>des choix profond\u00e9ment politiques<\/i>\u00a0\u00bb. \u00ab\u00a0<i>Une culture qui appartient \u00e0 toutes et \u00e0 tous, quels que soient son quartier, son m\u00e9tier ou son revenu. Chaque coupe budg\u00e9taire, chaque projet abandonn\u00e9, chaque festival fragilis\u00e9 se traduit par des contrats qui disparaissent, davantage de pr\u00e9carit\u00e9 et des vies rendues toujours plus difficiles<\/i>\u00a0\u00bb, poursuit-il.<\/p>\n<\/p><\/div>\n","protected":false},"excerpt":{"rendered":"Les derniers magiciens, clowns et artistes finissent &agrave; peine leur spectacle public sur la place de l&rsquo;Horloge d&rsquo;Avignon, Festival oblige, que presque un millier de personnes se sont rassembl&eacute;es ce jeudi 9&nbsp;juillet en &#8230;","protected":false},"author":1,"featured_media":35983,"comment_status":"open","ping_status":"open","sticky":false,"template":"","format":"standard","meta":{"footnotes":""},"categories":[3926,3925,331],"tags":[1236,174,822,186,784,1486,271,1483,529,171],"news-destination":[3944],"news-source":[475],"is_homepage":[],"ta_other":[],"class_list":["post-35982","post","type-post","status-publish","format-standard","has-post-thumbnail","hentry","category-accueil-merge","category-accueil-third","category-social","tag-artistes","tag-avignon","tag-coupes-budgetaires","tag-festival-davignon-off","tag-intersyndicale","tag-licenciement","tag-precarite","tag-secretaire-general","tag-spectacle","tag-vaucluse","news-destination-homepage","news-source-website"],"_links":{"self":[{"href":"https:\/\/euapp01.newsmemory.com\/lamarseillaise\/news\/wp-json\/wp\/v2\/posts\/35982","targetHints":{"allow":["GET"]}}],"collection":[{"href":"https:\/\/euapp01.newsmemory.com\/lamarseillaise\/news\/wp-json\/wp\/v2\/posts"}],"about":[{"href":"https:\/\/euapp01.newsmemory.com\/lamarseillaise\/news\/wp-json\/wp\/v2\/types\/post"}],"author":[{"embeddable":true,"href":"https:\/\/euapp01.newsmemory.com\/lamarseillaise\/news\/wp-json\/wp\/v2\/users\/1"}],"replies":[{"embeddable":true,"href":"https:\/\/euapp01.newsmemory.com\/lamarseillaise\/news\/wp-json\/wp\/v2\/comments?post=35982"}],"version-history":[{"count":1,"href":"https:\/\/euapp01.newsmemory.com\/lamarseillaise\/news\/wp-json\/wp\/v2\/posts\/35982\/revisions"}],"predecessor-version":[{"id":35984,"href":"https:\/\/euapp01.newsmemory.com\/lamarseillaise\/news\/wp-json\/wp\/v2\/posts\/35982\/revisions\/35984"}],"wp:featuredmedia":[{"embeddable":true,"href":"https:\/\/euapp01.newsmemory.com\/lamarseillaise\/news\/wp-json\/wp\/v2\/media\/35983"}],"wp:attachment":[{"href":"https:\/\/euapp01.newsmemory.com\/lamarseillaise\/news\/wp-json\/wp\/v2\/media?parent=35982"}],"wp:term":[{"taxonomy":"category","embeddable":true,"href":"https:\/\/euapp01.newsmemory.com\/lamarseillaise\/news\/wp-json\/wp\/v2\/categories?post=35982"},{"taxonomy":"post_tag","embeddable":true,"href":"https:\/\/euapp01.newsmemory.com\/lamarseillaise\/news\/wp-json\/wp\/v2\/tags?post=35982"},{"taxonomy":"news-destination","embeddable":true,"href":"https:\/\/euapp01.newsmemory.com\/lamarseillaise\/news\/wp-json\/wp\/v2\/news-destination?post=35982"},{"taxonomy":"news-source","embeddable":true,"href":"https:\/\/euapp01.newsmemory.com\/lamarseillaise\/news\/wp-json\/wp\/v2\/news-source?post=35982"},{"taxonomy":"is_homepage","embeddable":true,"href":"https:\/\/euapp01.newsmemory.com\/lamarseillaise\/news\/wp-json\/wp\/v2\/is_homepage?post=35982"},{"taxonomy":"ta_other","embeddable":true,"href":"https:\/\/euapp01.newsmemory.com\/lamarseillaise\/news\/wp-json\/wp\/v2\/ta_other?post=35982"}],"curies":[{"name":"wp","href":"https:\/\/api.w.org\/{rel}","templated":true}]}}